{"id":6207,"date":"2024-11-17T11:30:41","date_gmt":"2024-11-17T11:30:41","guid":{"rendered":"https:\/\/marcali.plebania.hu\/?p=6207"},"modified":"2024-11-17T11:30:41","modified_gmt":"2024-11-17T11:30:41","slug":"hirdetesek-2024-november-17-en","status":"publish","type":"post","link":"https:\/\/marcali.plebania.hu\/?p=6207","title":{"rendered":"Hirdet\u00e9sek 2024. november 17-\u00e9n"},"content":{"rendered":"\n<p><strong><a href=\"https:\/\/igenaptar.katolikus.hu\/2024\/nap\/index.php?holnap=2024-11-17\" target=\"_blank\" rel=\"noreferrer noopener\"><u>\u00c9vk\u00f6zi 33. vas\u00e1rnap<\/u><\/a><\/strong><strong><\/strong><\/p>\n\n\n\n<ol start=\"1\" class=\"wp-block-list\">\n<li>Aki jogosult szavazni, de m\u00e9g nem adta le a szavaz\u00f3lapj\u00e1t, a mai szentmise ut\u00e1n m\u00e9g megteheti. Minden egyh\u00e1zi hozz\u00e1j\u00e1rul\u00e1st fizet\u0151 szem\u00e9ly egy lapot adhat le, amelyen a <strong>k\u00e9pvisel\u0151-test\u00fclet<\/strong>i jel\u00f6ltek k\u00f6z\u00fcl legfeljebb hat szem\u00e9lyt jel\u00f6lhet meg. A hat legt\u00f6bb szavazatot kap\u00f3 jel\u00f6lt lesznek a test\u00fclet v\u00e1lasztott tagjai, a 7., 8. \u00e9s 9. legt\u00f6bb szavazatot kap\u00f3k pedig a p\u00f3ttagok. Az \u00faj test\u00fclet fogadalomt\u00e9tele j\u00f6v\u0151 vas\u00e1rnap a 9 \u00f3rai szentmis\u00e9ben t\u00f6rt\u00e9nik. Emiatt aznap m\u00e1s d\u00e9lel\u0151tti szentmise nem lesz a pl\u00e9b\u00e1ni\u00e1nk ter\u00fclet\u00e9n.<\/li>\n\n\n\n<li>A <strong>F\u00e9rfi-k\u00f6r<\/strong> k\u00f6vetkez\u0151 tal\u00e1lkoz\u00f3ja szerd\u00e1n 18:00-kor kezd\u0151dik a pl\u00e9b\u00e1ni\u00e1n.<\/li>\n\n\n\n<li>Az <strong>els\u0151\u00e1ldoz\u00e1s<\/strong>ra k\u00e9sz\u00fcl\u0151 gyerekek harmadik <strong>felk\u00e9sz\u00edt\u0151 alkalma<\/strong> szombaton 15:30-kor kezd\u0151dik a pl\u00e9b\u00e1ni\u00e1n \u00e9s az esti szentmis\u00e9vel \u00e9r v\u00e9get. Eml\u00e9keztetj\u00fck a jelentkez\u0151ket, hogy a felk\u00e9sz\u00edt\u0151 alkalmakon val\u00f3 r\u00e9szv\u00e9tel felt\u00e9tele az els\u0151\u00e1ldoz\u00e1snak.<\/li>\n\n\n\n<li>A j\u00f6v\u0151 vas\u00e1rnapi <strong>perselyadom\u00e1ny<\/strong>okat a karit\u00e1sz tev\u00e9kenys\u00e9g\u00e9re ford\u00edtjuk.<\/li>\n\n\n\n<li><em>Mi\u00e9rt hiszek?<\/em> &#8211; c\u00edmmel \u00faj sorozatot kezd\u00fcnk, ahol a megh\u00edvott el\u0151ad\u00f3k tan\u00fas\u00e1got tesznek hit\u00fckr\u0151l. Els\u0151 vend\u00e9g\u00fcnk Varga L\u00e1szl\u00f3 p\u00fcsp\u00f6k atya lesz. November 28-\u00e1n, cs\u00fct\u00f6rt\u00f6k\u00f6n \u0151 fog mis\u00e9zni, ut\u00e1na pedig 18:15-t\u0151l hallgathatjuk meg el\u0151ad\u00e1s\u00e1t, tan\u00fas\u00e1gt\u00e9tel\u00e9t. Szeretettel h\u00edvunk r\u00e1 minden \u00e9rdekl\u0151d\u0151t.<\/li>\n\n\n\n<li>Szeretettel h\u00edvjuk a csal\u00e1dokat <strong>k\u00f6z\u00f6s adventi k\u00e9sz\u00fclet<\/strong>re november 30-\u00e1n 15 \u00f3r\u00e1t\u00f3l: a gyermekeket adventi koszor\u00fa vagy kalend\u00e1rium k\u00f6z\u00f6ss\u00e9gi elk\u00e9sz\u00edt\u00e9s\u00e9re (X-h\u00e1z), a sz\u00fcl\u0151ket pedig besz\u00e9lget\u00e9sre (pl\u00e9b\u00e1nia). Ut\u00e1na az esti szentmise az adventi koszor\u00fak meg\u00e1ld\u00e1s\u00e1val kezd\u0151dik 17:30-kor a pl\u00e9b\u00e1niatemplomban. Tov\u00e1bbi r\u00e9szletek \u00e9s <a href=\"https:\/\/forms.gle\/Nve8VtoocL5Xw1Da6\" target=\"_blank\" rel=\"noreferrer noopener\"><u>jelentkez\u00e9si lehet\u0151s\u00e9g<\/u><\/a> (nov. 21-ig) a honlapunkon (marcali.plebania.hu) tal\u00e1lhat\u00f3.<\/li>\n\n\n\n<li><strong>Ministr\u00e1nspr\u00f3b\u00e1ra<\/strong> h\u00edvjuk \u00e9s v\u00e1rjuk az \u00e9rdekl\u0151d\u0151 iskol\u00e1sokat szombat est\u00e9nk\u00e9nt a mise el\u0151tti f\u00e9l \u00f3r\u00e1ban (17:00-t\u00f3l), melynek c\u00e9lja a vas\u00e1rnapi szentmis\u00e9ken val\u00f3 minist\u00e1l\u00e1son t\u00fal a felk\u00e9sz\u00fcl\u00e9s a kar\u00e1csonyi \u00e9jf\u00e9li mis\u00e9re.<\/li>\n<\/ol>\n\n\n\n<figure class=\"wp-block-image size-large\"><img loading=\"lazy\" decoding=\"async\" width=\"1024\" height=\"762\" src=\"https:\/\/marcali.plebania.hu\/wp-content\/uploads\/2024\/11\/241117-1024x762.png\" alt=\"\" class=\"wp-image-6208\" srcset=\"https:\/\/marcali.plebania.hu\/wp-content\/uploads\/2024\/11\/241117-1024x762.png 1024w, https:\/\/marcali.plebania.hu\/wp-content\/uploads\/2024\/11\/241117-300x223.png 300w, https:\/\/marcali.plebania.hu\/wp-content\/uploads\/2024\/11\/241117-768x572.png 768w, https:\/\/marcali.plebania.hu\/wp-content\/uploads\/2024\/11\/241117-363x270.png 363w, https:\/\/marcali.plebania.hu\/wp-content\/uploads\/2024\/11\/241117.png 1479w\" sizes=\"auto, (max-width: 1024px) 100vw, 1024px\" \/><\/figure>\n","protected":false},"excerpt":{"rendered":"<p>\u00c9vk\u00f6zi 33. vas\u00e1rnap<\/p>\n","protected":false},"author":1,"featured_media":0,"comment_status":"closed","ping_status":"open","sticky":false,"template":"","format":"standard","meta":{"footnotes":""},"categories":[3],"tags":[],"class_list":["post-6207","post","type-post","status-publish","format-standard","hentry","category-hirdetesek"],"_links":{"self":[{"href":"https:\/\/marcali.plebania.hu\/index.php?rest_route=\/wp\/v2\/posts\/6207","targetHints":{"allow":["GET"]}}],"collection":[{"href":"https:\/\/marcali.plebania.hu\/index.php?rest_route=\/wp\/v2\/posts"}],"about":[{"href":"https:\/\/marcali.plebania.hu\/index.php?rest_route=\/wp\/v2\/types\/post"}],"author":[{"embeddable":true,"href":"https:\/\/marcali.plebania.hu\/index.php?rest_route=\/wp\/v2\/users\/1"}],"replies":[{"embeddable":true,"href":"https:\/\/marcali.plebania.hu\/index.php?rest_route=%2Fwp%2Fv2%2Fcomments&post=6207"}],"version-history":[{"count":1,"href":"https:\/\/marcali.plebania.hu\/index.php?rest_route=\/wp\/v2\/posts\/6207\/revisions"}],"predecessor-version":[{"id":6209,"href":"https:\/\/marcali.plebania.hu\/index.php?rest_route=\/wp\/v2\/posts\/6207\/revisions\/6209"}],"wp:attachment":[{"href":"https:\/\/marcali.plebania.hu\/index.php?rest_route=%2Fwp%2Fv2%2Fmedia&parent=6207"}],"wp:term":[{"taxonomy":"category","embeddable":true,"href":"https:\/\/marcali.plebania.hu\/index.php?rest_route=%2Fwp%2Fv2%2Fcategories&post=6207"},{"taxonomy":"post_tag","embeddable":true,"href":"https:\/\/marcali.plebania.hu\/index.php?rest_route=%2Fwp%2Fv2%2Ftags&post=6207"}],"curies":[{"name":"wp","href":"https:\/\/api.w.org\/{rel}","templated":true}]}}