{"id":621,"date":"2019-02-08T09:07:14","date_gmt":"2019-02-08T09:07:14","guid":{"rendered":"https:\/\/marcali.plebania.hu\/?p=621"},"modified":"2019-02-08T09:07:14","modified_gmt":"2019-02-08T09:07:14","slug":"hirdetesek-2019-02-10","status":"publish","type":"post","link":"https:\/\/marcali.plebania.hu\/?p=621","title":{"rendered":"Hirdet\u00e9sek, 2019. 02. 10."},"content":{"rendered":"\n<p><\/p>\n\n\n\n<ol class=\"wp-block-list\"><li>Ma van az \u00e9vk\u00f6zi 5. vas\u00e1rnap, a\nbetegek vil\u00e1gnapja. A szentmis\u00e9ken kiszolg\u00e1ltatjuk a betegek kenet\u00e9t, mely\nszent\u00e9g \u00e9s az elm\u00falt vas\u00e1rnap hirdetettek alapj\u00e1n vehet\u0151 f\u00f6l.<\/li><li>Kedden 17.30-kor a K\u00c9SZ szervez\u00e9s\u00e9ben\nForg\u00f3 Ferenc Erd\u00e9ly elcsatol\u00e1s\u00e1nak 100 \u00e9vfordul\u00f3ja alkalm\u00e1b\u00f3l tart el\u0151ad\u00e1st az\nX-h\u00e1z nagyterm\u00e9ben, melyre minden \u00e9rdekl\u0151d\u0151t h\u00edvnak \u00e9s v\u00e1rnak a szervez\u0151k.<\/li><li>Szerd\u00e1n, febru\u00e1r 13-\u00e1n 16 \u00f3rakor\nfatimai ima\u00f3ra, 17 \u00f3rakor szentmise. 18 \u00f3rakor az X-h\u00e1z nagyterm\u00e9ben\nbekapcsol\u00f3dunk az orsz\u00e1gosan megtartott h\u00e1zass\u00e1g hete rendezv\u00e9nysorozatba,\nmelyre v\u00e1rjuk a fiatal \u00e9s id\u0151sebb h\u00e1zasp\u00e1rokat is.<\/li><li>A hittanos farsang id\u0151pontja febru\u00e1r 23. d\u00e9lut\u00e1n 13\n\u00f3rakor lesz. A r\u00e9szleteket a hittan\u00f3r\u00e1kon hirdetik a hitoktat\u00f3k.<\/li><li>A feln\u0151tt Katolikus B\u00e1l m\u00e1rcius 2-\u00e1n a gimn\u00e1zium\neb\u00e9dl\u0151j\u00e9ben lesz megtartva. Jegyeket Gelencs\u00e9r R\u00f3bertn\u00e9l, S\u00e1voly Andre\u00e1n\u00e1l \u00e9s a\npl\u00e9b\u00e1ni\u00e1n lehet v\u00e1s\u00e1rolni, 4.000- Ft\/f\u0151 \u00e1ron (mely mag\u00e1ba foglalja a b\u00fcf\u00e9\nasztalos vacsor\u00e1t, a bel\u00e9p\u0151t \u00e9s a j\u00f3t\u00e9konys\u00e1gi c\u00e9lt). Ezen k\u00edv\u00fcl t\u00e1mogat\u00f3i\njegyek is v\u00e1s\u00e1rolhat\u00f3k.<\/li><\/ol>\n","protected":false},"excerpt":{"rendered":"<p>Ma van az \u00e9vk\u00f6zi 5. vas\u00e1rnap, a betegek vil\u00e1gnapja. A szentmis\u00e9ken kiszolg\u00e1ltatjuk a betegek kenet\u00e9t, mely szent\u00e9g \u00e9s az elm\u00falt vas\u00e1rnap hirdetettek alapj\u00e1n vehet\u0151 f\u00f6l. Kedden 17.30-kor a K\u00c9SZ szervez\u00e9s\u00e9ben Forg\u00f3 Ferenc Erd\u00e9ly elcsatol\u00e1s\u00e1nak 100 \u00e9vfordul\u00f3ja alkalm\u00e1b\u00f3l tart el\u0151ad\u00e1st az X-h\u00e1z nagyterm\u00e9ben, melyre minden \u00e9rdekl\u0151d\u0151t h\u00edvnak \u00e9s v\u00e1rnak a szervez\u0151k. Szerd\u00e1n, febru\u00e1r 13-\u00e1n 16 \u00f3rakor fatimai ima\u00f3ra, 17 \u00f3rakor szentmise. 18 \u00f3rakor az X-h\u00e1z nagyterm\u00e9ben bekapcsol\u00f3dunk az orsz\u00e1gosan megtartott h\u00e1zass\u00e1g hete rendezv\u00e9nysorozatba, melyre v\u00e1rjuk a fiatal \u00e9s id\u0151sebb h\u00e1zasp\u00e1rokat is&#8230;.<\/p>\n<p class=\"read-more\"><a class=\"btn btn-default\" href=\"https:\/\/marcali.plebania.hu\/?p=621\"> Read More<span class=\"screen-reader-text\">  Read More<\/span><\/a><\/p>\n","protected":false},"author":2,"featured_media":0,"comment_status":"closed","ping_status":"open","sticky":false,"template":"","format":"standard","meta":{"footnotes":""},"categories":[1],"tags":[],"class_list":["post-621","post","type-post","status-publish","format-standard","hentry","category-egyeb"],"_links":{"self":[{"href":"https:\/\/marcali.plebania.hu\/index.php?rest_route=\/wp\/v2\/posts\/621","targetHints":{"allow":["GET"]}}],"collection":[{"href":"https:\/\/marcali.plebania.hu\/index.php?rest_route=\/wp\/v2\/posts"}],"about":[{"href":"https:\/\/marcali.plebania.hu\/index.php?rest_route=\/wp\/v2\/types\/post"}],"author":[{"embeddable":true,"href":"https:\/\/marcali.plebania.hu\/index.php?rest_route=\/wp\/v2\/users\/2"}],"replies":[{"embeddable":true,"href":"https:\/\/marcali.plebania.hu\/index.php?rest_route=%2Fwp%2Fv2%2Fcomments&post=621"}],"version-history":[{"count":1,"href":"https:\/\/marcali.plebania.hu\/index.php?rest_route=\/wp\/v2\/posts\/621\/revisions"}],"predecessor-version":[{"id":622,"href":"https:\/\/marcali.plebania.hu\/index.php?rest_route=\/wp\/v2\/posts\/621\/revisions\/622"}],"wp:attachment":[{"href":"https:\/\/marcali.plebania.hu\/index.php?rest_route=%2Fwp%2Fv2%2Fmedia&parent=621"}],"wp:term":[{"taxonomy":"category","embeddable":true,"href":"https:\/\/marcali.plebania.hu\/index.php?rest_route=%2Fwp%2Fv2%2Fcategories&post=621"},{"taxonomy":"post_tag","embeddable":true,"href":"https:\/\/marcali.plebania.hu\/index.php?rest_route=%2Fwp%2Fv2%2Ftags&post=621"}],"curies":[{"name":"wp","href":"https:\/\/api.w.org\/{rel}","templated":true}]}}