{"id":6212,"date":"2024-11-08T08:42:09","date_gmt":"2024-11-08T08:42:09","guid":{"rendered":"https:\/\/marcali.plebania.hu\/?p=6212"},"modified":"2024-11-20T08:44:53","modified_gmt":"2024-11-20T08:44:53","slug":"szentmise-halottak-napjan-a-temeto-kapolnaban","status":"publish","type":"post","link":"https:\/\/marcali.plebania.hu\/?p=6212","title":{"rendered":"Szentmise Halottak napj\u00e1n a temet\u0151 k\u00e1poln\u00e1ban"},"content":{"rendered":"\n<p>2024. november 2-\u00e1n, szombaton, halottak napj\u00e1n 9 \u00f3rakor celebr\u00e1lt szentmis\u00e9t Tomanek Ferenc \u00c1ron pl\u00e9b\u00e1nos az idei esztend\u0151ben fel\u00faj\u00edtott temet\u0151k\u00e1poln\u00e1ban. \u00c9nekkel k\u00f6zrem\u0171k\u00f6d\u00f6tt Balogh B\u00e1lint k\u00e1ntor.<\/p>\n\n\n\n<p>Az \u00fcnnepi istentiszteletet az elhunytak lelki \u00fcdv\u00e9\u00e9rt mutatta be a marcali lelkip\u00e1sztor.<\/p>\n\n\n\n<figure class=\"wp-block-gallery has-nested-images columns-default is-cropped wp-block-gallery-1 is-layout-flex wp-block-gallery-is-layout-flex\">\n<figure class=\"wp-block-image size-large\"><img loading=\"lazy\" decoding=\"async\" width=\"1024\" height=\"768\" data-id=\"6213\" src=\"https:\/\/marcali.plebania.hu\/wp-content\/uploads\/2024\/11\/20241102_091107-1024x768.jpg\" alt=\"\" class=\"wp-image-6213\" srcset=\"https:\/\/marcali.plebania.hu\/wp-content\/uploads\/2024\/11\/20241102_091107-1024x768.jpg 1024w, https:\/\/marcali.plebania.hu\/wp-content\/uploads\/2024\/11\/20241102_091107-300x225.jpg 300w, https:\/\/marcali.plebania.hu\/wp-content\/uploads\/2024\/11\/20241102_091107-768x576.jpg 768w, https:\/\/marcali.plebania.hu\/wp-content\/uploads\/2024\/11\/20241102_091107-1536x1152.jpg 1536w, https:\/\/marcali.plebania.hu\/wp-content\/uploads\/2024\/11\/20241102_091107-2048x1536.jpg 2048w, https:\/\/marcali.plebania.hu\/wp-content\/uploads\/2024\/11\/20241102_091107-360x270.jpg 360w\" sizes=\"auto, (max-width: 1024px) 100vw, 1024px\" \/><\/figure>\n\n\n\n<figure class=\"wp-block-image size-large\"><img loading=\"lazy\" decoding=\"async\" width=\"1024\" height=\"768\" data-id=\"6214\" src=\"https:\/\/marcali.plebania.hu\/wp-content\/uploads\/2024\/11\/20241102_091811-1024x768.jpg\" alt=\"\" class=\"wp-image-6214\" srcset=\"https:\/\/marcali.plebania.hu\/wp-content\/uploads\/2024\/11\/20241102_091811-1024x768.jpg 1024w, https:\/\/marcali.plebania.hu\/wp-content\/uploads\/2024\/11\/20241102_091811-300x225.jpg 300w, https:\/\/marcali.plebania.hu\/wp-content\/uploads\/2024\/11\/20241102_091811-768x576.jpg 768w, https:\/\/marcali.plebania.hu\/wp-content\/uploads\/2024\/11\/20241102_091811-1536x1152.jpg 1536w, https:\/\/marcali.plebania.hu\/wp-content\/uploads\/2024\/11\/20241102_091811-2048x1536.jpg 2048w, https:\/\/marcali.plebania.hu\/wp-content\/uploads\/2024\/11\/20241102_091811-360x270.jpg 360w\" sizes=\"auto, (max-width: 1024px) 100vw, 1024px\" \/><\/figure>\n\n\n\n<figure class=\"wp-block-image size-large\"><img loading=\"lazy\" decoding=\"async\" width=\"1024\" height=\"768\" data-id=\"6215\" src=\"https:\/\/marcali.plebania.hu\/wp-content\/uploads\/2024\/11\/20241102_093917-1024x768.jpg\" alt=\"\" class=\"wp-image-6215\" srcset=\"https:\/\/marcali.plebania.hu\/wp-content\/uploads\/2024\/11\/20241102_093917-1024x768.jpg 1024w, https:\/\/marcali.plebania.hu\/wp-content\/uploads\/2024\/11\/20241102_093917-300x225.jpg 300w, https:\/\/marcali.plebania.hu\/wp-content\/uploads\/2024\/11\/20241102_093917-768x576.jpg 768w, https:\/\/marcali.plebania.hu\/wp-content\/uploads\/2024\/11\/20241102_093917-1536x1152.jpg 1536w, https:\/\/marcali.plebania.hu\/wp-content\/uploads\/2024\/11\/20241102_093917-2048x1536.jpg 2048w, https:\/\/marcali.plebania.hu\/wp-content\/uploads\/2024\/11\/20241102_093917-360x270.jpg 360w\" sizes=\"auto, (max-width: 1024px) 100vw, 1024px\" \/><\/figure>\n<\/figure>\n\n\n\n<p>\u00cdrta \u00e9s fot\u00f3k: Kiss K\u00e1lm\u00e1n<\/p>\n","protected":false},"excerpt":{"rendered":"<p>2024. november 2-\u00e1n, szombaton, halottak napj\u00e1n 9 \u00f3rakor celebr\u00e1lt szentmis\u00e9t Tomanek Ferenc \u00c1ron pl\u00e9b\u00e1nos az idei esztend\u0151ben fel\u00faj\u00edtott temet\u0151k\u00e1poln\u00e1ban. \u00c9nekkel k\u00f6zrem\u0171k\u00f6d\u00f6tt Balogh B\u00e1lint k\u00e1ntor. Az \u00fcnnepi istentiszteletet az elhunytak lelki \u00fcdv\u00e9\u00e9rt mutatta be a marcali lelkip\u00e1sztor. \u00cdrta \u00e9s fot\u00f3k: Kiss K\u00e1lm\u00e1n<\/p>\n","protected":false},"author":2,"featured_media":0,"comment_status":"closed","ping_status":"open","sticky":false,"template":"","format":"standard","meta":{"footnotes":""},"categories":[1],"tags":[],"class_list":["post-6212","post","type-post","status-publish","format-standard","hentry","category-egyeb"],"_links":{"self":[{"href":"https:\/\/marcali.plebania.hu\/index.php?rest_route=\/wp\/v2\/posts\/6212","targetHints":{"allow":["GET"]}}],"collection":[{"href":"https:\/\/marcali.plebania.hu\/index.php?rest_route=\/wp\/v2\/posts"}],"about":[{"href":"https:\/\/marcali.plebania.hu\/index.php?rest_route=\/wp\/v2\/types\/post"}],"author":[{"embeddable":true,"href":"https:\/\/marcali.plebania.hu\/index.php?rest_route=\/wp\/v2\/users\/2"}],"replies":[{"embeddable":true,"href":"https:\/\/marcali.plebania.hu\/index.php?rest_route=%2Fwp%2Fv2%2Fcomments&post=6212"}],"version-history":[{"count":1,"href":"https:\/\/marcali.plebania.hu\/index.php?rest_route=\/wp\/v2\/posts\/6212\/revisions"}],"predecessor-version":[{"id":6216,"href":"https:\/\/marcali.plebania.hu\/index.php?rest_route=\/wp\/v2\/posts\/6212\/revisions\/6216"}],"wp:attachment":[{"href":"https:\/\/marcali.plebania.hu\/index.php?rest_route=%2Fwp%2Fv2%2Fmedia&parent=6212"}],"wp:term":[{"taxonomy":"category","embeddable":true,"href":"https:\/\/marcali.plebania.hu\/index.php?rest_route=%2Fwp%2Fv2%2Fcategories&post=6212"},{"taxonomy":"post_tag","embeddable":true,"href":"https:\/\/marcali.plebania.hu\/index.php?rest_route=%2Fwp%2Fv2%2Ftags&post=6212"}],"curies":[{"name":"wp","href":"https:\/\/api.w.org\/{rel}","templated":true}]}}