{"id":6217,"date":"2024-11-20T08:50:12","date_gmt":"2024-11-20T08:50:12","guid":{"rendered":"https:\/\/marcali.plebania.hu\/?p=6217"},"modified":"2024-11-20T08:50:12","modified_gmt":"2024-11-20T08:50:12","slug":"szent-erzsebet-unnepe-2024-ben-a-plebaniatemplomban","status":"publish","type":"post","link":"https:\/\/marcali.plebania.hu\/?p=6217","title":{"rendered":"Szent Erzs\u00e9bet \u00fcnnepe 2024-ben a pl\u00e9b\u00e1niatemplomban"},"content":{"rendered":"\n<p>2024. november 17-\u00e9n, vas\u00e1rnap a 9 \u00f3r\u00e1s szentmis\u00e9n Szent Erzs\u00e9betr\u0151l, a szolg\u00e1l\u00f3 szeretet szentj\u00e9r\u0151l eml\u00e9keztek meg a Marcali Gy\u00fcm\u00f6lcsolt\u00f3 Boldogasszony pl\u00e9b\u00e1niatemplomban.<\/p>\n\n\n\n<p>Tomanek Ferenc \u00c1ron pl\u00e9b\u00e1nos \u2013 kenyerekkel \u00e9s piros r\u00f3zs\u00e1kkal \u2013 a ministr\u00e1ns gyermekek, valamint a karit\u00e1sz helyi csoportj\u00e1nak k\u00eds\u00e9ret\u00e9ben k\u00f6rmenetileg vonult be a templomba.<\/p>\n\n\n\n<figure class=\"wp-block-gallery has-nested-images columns-default is-cropped wp-block-gallery-1 is-layout-flex wp-block-gallery-is-layout-flex\">\n<figure class=\"wp-block-image size-large\"><img loading=\"lazy\" decoding=\"async\" width=\"1024\" height=\"683\" data-id=\"6218\" src=\"https:\/\/marcali.plebania.hu\/wp-content\/uploads\/2024\/11\/01-1024x683.jpg\" alt=\"\" class=\"wp-image-6218\" srcset=\"https:\/\/marcali.plebania.hu\/wp-content\/uploads\/2024\/11\/01-1024x683.jpg 1024w, https:\/\/marcali.plebania.hu\/wp-content\/uploads\/2024\/11\/01-300x200.jpg 300w, https:\/\/marcali.plebania.hu\/wp-content\/uploads\/2024\/11\/01-768x512.jpg 768w, https:\/\/marcali.plebania.hu\/wp-content\/uploads\/2024\/11\/01-1536x1024.jpg 1536w, https:\/\/marcali.plebania.hu\/wp-content\/uploads\/2024\/11\/01-2048x1365.jpg 2048w, https:\/\/marcali.plebania.hu\/wp-content\/uploads\/2024\/11\/01-405x270.jpg 405w\" sizes=\"auto, (max-width: 1024px) 100vw, 1024px\" \/><\/figure>\n\n\n\n<figure class=\"wp-block-image size-large\"><img loading=\"lazy\" decoding=\"async\" width=\"1024\" height=\"683\" data-id=\"6220\" src=\"https:\/\/marcali.plebania.hu\/wp-content\/uploads\/2024\/11\/03-1024x683.jpg\" alt=\"\" class=\"wp-image-6220\" srcset=\"https:\/\/marcali.plebania.hu\/wp-content\/uploads\/2024\/11\/03-1024x683.jpg 1024w, https:\/\/marcali.plebania.hu\/wp-content\/uploads\/2024\/11\/03-300x200.jpg 300w, https:\/\/marcali.plebania.hu\/wp-content\/uploads\/2024\/11\/03-768x512.jpg 768w, https:\/\/marcali.plebania.hu\/wp-content\/uploads\/2024\/11\/03-1536x1024.jpg 1536w, https:\/\/marcali.plebania.hu\/wp-content\/uploads\/2024\/11\/03-2048x1365.jpg 2048w, https:\/\/marcali.plebania.hu\/wp-content\/uploads\/2024\/11\/03-405x270.jpg 405w\" sizes=\"auto, (max-width: 1024px) 100vw, 1024px\" \/><\/figure>\n\n\n\n<figure class=\"wp-block-image size-large\"><img loading=\"lazy\" decoding=\"async\" width=\"1024\" height=\"683\" data-id=\"6222\" src=\"https:\/\/marcali.plebania.hu\/wp-content\/uploads\/2024\/11\/05-1024x683.jpg\" alt=\"\" class=\"wp-image-6222\" srcset=\"https:\/\/marcali.plebania.hu\/wp-content\/uploads\/2024\/11\/05-1024x683.jpg 1024w, https:\/\/marcali.plebania.hu\/wp-content\/uploads\/2024\/11\/05-300x200.jpg 300w, https:\/\/marcali.plebania.hu\/wp-content\/uploads\/2024\/11\/05-768x512.jpg 768w, https:\/\/marcali.plebania.hu\/wp-content\/uploads\/2024\/11\/05-1536x1024.jpg 1536w, https:\/\/marcali.plebania.hu\/wp-content\/uploads\/2024\/11\/05-2048x1365.jpg 2048w, https:\/\/marcali.plebania.hu\/wp-content\/uploads\/2024\/11\/05-405x270.jpg 405w\" sizes=\"auto, (max-width: 1024px) 100vw, 1024px\" \/><\/figure>\n\n\n\n<figure class=\"wp-block-image size-large\"><img loading=\"lazy\" decoding=\"async\" width=\"1024\" height=\"683\" data-id=\"6223\" src=\"https:\/\/marcali.plebania.hu\/wp-content\/uploads\/2024\/11\/06-1024x683.jpg\" alt=\"\" class=\"wp-image-6223\" srcset=\"https:\/\/marcali.plebania.hu\/wp-content\/uploads\/2024\/11\/06-1024x683.jpg 1024w, https:\/\/marcali.plebania.hu\/wp-content\/uploads\/2024\/11\/06-300x200.jpg 300w, https:\/\/marcali.plebania.hu\/wp-content\/uploads\/2024\/11\/06-768x512.jpg 768w, https:\/\/marcali.plebania.hu\/wp-content\/uploads\/2024\/11\/06-1536x1024.jpg 1536w, https:\/\/marcali.plebania.hu\/wp-content\/uploads\/2024\/11\/06-2048x1365.jpg 2048w, https:\/\/marcali.plebania.hu\/wp-content\/uploads\/2024\/11\/06-405x270.jpg 405w\" sizes=\"auto, (max-width: 1024px) 100vw, 1024px\" \/><\/figure>\n<\/figure>\n\n\n\n<p>Az \u00fcnnepi istentiszteleten Ferenc atya felolvasta a Magyar Katolikus P\u00fcsp\u00f6ki Konferencia (MKPK) erre az alkalomra kiadott k\u00f6rlevel\u00e9t, melyben Szent Erzs\u00e9bet m\u00e1sok\u00e9rt cselekv\u0151 szeretet\u00e9t emelt\u00e9k ki, valamint a kar\u00e1csony el\u0151tti adom\u00e1nygy\u0171jt\u00e9si akci\u00f3khoz, illet\u0151leg a Katolikus Karit\u00e1sz adventi seg\u00e9lyprogramjaiba val\u00f3 bekapcsol\u00f3d\u00e1sra sz\u00f3l\u00edtja fel a h\u00edveket. Mint fogalmaztak: \u201e\u2026jusson esz\u00fcnkbe Szent Erzs\u00e9bet p\u00e9ld\u00e1ja, aki minden akad\u00e1ly ellen\u00e9re a h\u00e9tk\u00f6znapokban, odafordul\u00e1s\u00e1val, figyelm\u00e9vel, \u00f6nzetlen munk\u00e1j\u00e1val mutatta meg v\u00e9gtelen szeretet\u00e9t a szeg\u00e9nyek ir\u00e1nt.\u201d<\/p>\n\n\n\n<figure class=\"wp-block-gallery has-nested-images columns-default is-cropped wp-block-gallery-2 is-layout-flex wp-block-gallery-is-layout-flex\">\n<figure class=\"wp-block-image size-large\"><img loading=\"lazy\" decoding=\"async\" width=\"1024\" height=\"683\" data-id=\"6224\" src=\"https:\/\/marcali.plebania.hu\/wp-content\/uploads\/2024\/11\/09-1024x683.jpg\" alt=\"\" class=\"wp-image-6224\" srcset=\"https:\/\/marcali.plebania.hu\/wp-content\/uploads\/2024\/11\/09-1024x683.jpg 1024w, https:\/\/marcali.plebania.hu\/wp-content\/uploads\/2024\/11\/09-300x200.jpg 300w, https:\/\/marcali.plebania.hu\/wp-content\/uploads\/2024\/11\/09-768x512.jpg 768w, https:\/\/marcali.plebania.hu\/wp-content\/uploads\/2024\/11\/09-1536x1024.jpg 1536w, https:\/\/marcali.plebania.hu\/wp-content\/uploads\/2024\/11\/09-2048x1365.jpg 2048w, https:\/\/marcali.plebania.hu\/wp-content\/uploads\/2024\/11\/09-405x270.jpg 405w\" sizes=\"auto, (max-width: 1024px) 100vw, 1024px\" \/><\/figure>\n\n\n\n<figure class=\"wp-block-image size-large\"><img loading=\"lazy\" decoding=\"async\" width=\"1024\" height=\"683\" data-id=\"6225\" src=\"https:\/\/marcali.plebania.hu\/wp-content\/uploads\/2024\/11\/10-1024x683.jpg\" alt=\"\" class=\"wp-image-6225\" srcset=\"https:\/\/marcali.plebania.hu\/wp-content\/uploads\/2024\/11\/10-1024x683.jpg 1024w, https:\/\/marcali.plebania.hu\/wp-content\/uploads\/2024\/11\/10-300x200.jpg 300w, https:\/\/marcali.plebania.hu\/wp-content\/uploads\/2024\/11\/10-768x512.jpg 768w, https:\/\/marcali.plebania.hu\/wp-content\/uploads\/2024\/11\/10-1536x1024.jpg 1536w, https:\/\/marcali.plebania.hu\/wp-content\/uploads\/2024\/11\/10-2048x1365.jpg 2048w, https:\/\/marcali.plebania.hu\/wp-content\/uploads\/2024\/11\/10-405x270.jpg 405w\" sizes=\"auto, (max-width: 1024px) 100vw, 1024px\" \/><\/figure>\n\n\n\n<figure class=\"wp-block-image size-large\"><img loading=\"lazy\" decoding=\"async\" width=\"1024\" height=\"683\" data-id=\"6227\" src=\"https:\/\/marcali.plebania.hu\/wp-content\/uploads\/2024\/11\/11-1024x683.jpg\" alt=\"\" class=\"wp-image-6227\" srcset=\"https:\/\/marcali.plebania.hu\/wp-content\/uploads\/2024\/11\/11-1024x683.jpg 1024w, https:\/\/marcali.plebania.hu\/wp-content\/uploads\/2024\/11\/11-300x200.jpg 300w, https:\/\/marcali.plebania.hu\/wp-content\/uploads\/2024\/11\/11-768x512.jpg 768w, https:\/\/marcali.plebania.hu\/wp-content\/uploads\/2024\/11\/11-1536x1024.jpg 1536w, https:\/\/marcali.plebania.hu\/wp-content\/uploads\/2024\/11\/11-2048x1365.jpg 2048w, https:\/\/marcali.plebania.hu\/wp-content\/uploads\/2024\/11\/11-405x270.jpg 405w\" sizes=\"auto, (max-width: 1024px) 100vw, 1024px\" \/><\/figure>\n\n\n\n<figure class=\"wp-block-image size-large\"><img loading=\"lazy\" decoding=\"async\" width=\"1024\" height=\"683\" data-id=\"6228\" src=\"https:\/\/marcali.plebania.hu\/wp-content\/uploads\/2024\/11\/14-1024x683.jpg\" alt=\"\" class=\"wp-image-6228\" srcset=\"https:\/\/marcali.plebania.hu\/wp-content\/uploads\/2024\/11\/14-1024x683.jpg 1024w, https:\/\/marcali.plebania.hu\/wp-content\/uploads\/2024\/11\/14-300x200.jpg 300w, https:\/\/marcali.plebania.hu\/wp-content\/uploads\/2024\/11\/14-768x512.jpg 768w, https:\/\/marcali.plebania.hu\/wp-content\/uploads\/2024\/11\/14-1536x1024.jpg 1536w, https:\/\/marcali.plebania.hu\/wp-content\/uploads\/2024\/11\/14-2048x1365.jpg 2048w, https:\/\/marcali.plebania.hu\/wp-content\/uploads\/2024\/11\/14-405x270.jpg 405w\" sizes=\"auto, (max-width: 1024px) 100vw, 1024px\" \/><\/figure>\n<\/figure>\n\n\n\n<p>A szentmise v\u00e9g\u00e9n Ferenc atya meg\u00e1ldotta azt a 30 db kenyeret, melyet a Marcali Tak\u00e1cs S\u00fct\u00f6de Kft. adom\u00e1nyozott Szent Erzs\u00e9bet \u00fcnnep\u00e9re. Majd pedig S\u00e1voly Andrea, karit\u00e1sz csoportvezet\u0151 \u00e9s T\u00f3th P\u00e9ter vezet\u00e9s\u00e9vel az aktivist\u00e1k kiosztott\u00e1k a templom bej\u00e1rat\u00e1n\u00e1l a h\u00edveknek.<\/p>\n\n\n\n<figure class=\"wp-block-gallery has-nested-images columns-default is-cropped wp-block-gallery-3 is-layout-flex wp-block-gallery-is-layout-flex\">\n<figure class=\"wp-block-image size-large\"><img loading=\"lazy\" decoding=\"async\" width=\"1024\" height=\"683\" data-id=\"6229\" src=\"https:\/\/marcali.plebania.hu\/wp-content\/uploads\/2024\/11\/20-1024x683.jpg\" alt=\"\" class=\"wp-image-6229\" srcset=\"https:\/\/marcali.plebania.hu\/wp-content\/uploads\/2024\/11\/20-1024x683.jpg 1024w, https:\/\/marcali.plebania.hu\/wp-content\/uploads\/2024\/11\/20-300x200.jpg 300w, https:\/\/marcali.plebania.hu\/wp-content\/uploads\/2024\/11\/20-768x512.jpg 768w, https:\/\/marcali.plebania.hu\/wp-content\/uploads\/2024\/11\/20-1536x1024.jpg 1536w, https:\/\/marcali.plebania.hu\/wp-content\/uploads\/2024\/11\/20-2048x1365.jpg 2048w, https:\/\/marcali.plebania.hu\/wp-content\/uploads\/2024\/11\/20-405x270.jpg 405w\" sizes=\"auto, (max-width: 1024px) 100vw, 1024px\" \/><\/figure>\n\n\n\n<figure class=\"wp-block-image size-large\"><img loading=\"lazy\" decoding=\"async\" width=\"1024\" height=\"683\" data-id=\"6230\" src=\"https:\/\/marcali.plebania.hu\/wp-content\/uploads\/2024\/11\/21-1024x683.jpg\" alt=\"\" class=\"wp-image-6230\" srcset=\"https:\/\/marcali.plebania.hu\/wp-content\/uploads\/2024\/11\/21-1024x683.jpg 1024w, https:\/\/marcali.plebania.hu\/wp-content\/uploads\/2024\/11\/21-300x200.jpg 300w, https:\/\/marcali.plebania.hu\/wp-content\/uploads\/2024\/11\/21-768x512.jpg 768w, https:\/\/marcali.plebania.hu\/wp-content\/uploads\/2024\/11\/21-1536x1024.jpg 1536w, https:\/\/marcali.plebania.hu\/wp-content\/uploads\/2024\/11\/21-2048x1365.jpg 2048w, https:\/\/marcali.plebania.hu\/wp-content\/uploads\/2024\/11\/21-405x270.jpg 405w\" sizes=\"auto, (max-width: 1024px) 100vw, 1024px\" \/><\/figure>\n\n\n\n<figure class=\"wp-block-image size-large\"><img loading=\"lazy\" decoding=\"async\" width=\"1024\" height=\"683\" data-id=\"6233\" src=\"https:\/\/marcali.plebania.hu\/wp-content\/uploads\/2024\/11\/29-1024x683.jpg\" alt=\"\" class=\"wp-image-6233\" srcset=\"https:\/\/marcali.plebania.hu\/wp-content\/uploads\/2024\/11\/29-1024x683.jpg 1024w, https:\/\/marcali.plebania.hu\/wp-content\/uploads\/2024\/11\/29-300x200.jpg 300w, https:\/\/marcali.plebania.hu\/wp-content\/uploads\/2024\/11\/29-768x512.jpg 768w, https:\/\/marcali.plebania.hu\/wp-content\/uploads\/2024\/11\/29-1536x1024.jpg 1536w, https:\/\/marcali.plebania.hu\/wp-content\/uploads\/2024\/11\/29-2048x1365.jpg 2048w, https:\/\/marcali.plebania.hu\/wp-content\/uploads\/2024\/11\/29-405x270.jpg 405w\" sizes=\"auto, (max-width: 1024px) 100vw, 1024px\" \/><\/figure>\n\n\n\n<figure class=\"wp-block-image size-large\"><img loading=\"lazy\" decoding=\"async\" width=\"1024\" height=\"683\" data-id=\"6234\" src=\"https:\/\/marcali.plebania.hu\/wp-content\/uploads\/2024\/11\/28-1024x683.jpg\" alt=\"\" class=\"wp-image-6234\" srcset=\"https:\/\/marcali.plebania.hu\/wp-content\/uploads\/2024\/11\/28-1024x683.jpg 1024w, https:\/\/marcali.plebania.hu\/wp-content\/uploads\/2024\/11\/28-300x200.jpg 300w, https:\/\/marcali.plebania.hu\/wp-content\/uploads\/2024\/11\/28-768x512.jpg 768w, https:\/\/marcali.plebania.hu\/wp-content\/uploads\/2024\/11\/28-1536x1024.jpg 1536w, https:\/\/marcali.plebania.hu\/wp-content\/uploads\/2024\/11\/28-2048x1365.jpg 2048w, https:\/\/marcali.plebania.hu\/wp-content\/uploads\/2024\/11\/28-405x270.jpg 405w\" sizes=\"auto, (max-width: 1024px) 100vw, 1024px\" \/><\/figure>\n<\/figure>\n\n\n\n<p>Az istentiszteleten a F\u00e9ny Gyermekei Katolikus Zenekar \u00e9s Balogh B\u00e1lint k\u00e1ntor orgon\u00e1val m\u0171k\u00f6d\u00f6tt k\u00f6zre.<\/p>\n\n\n\n<p>K\u00fcl\u00f6n k\u00f6sz\u00f6net illeti a Marcali Tak\u00e1cs S\u00fct\u00f6de Kft.-t, akik az idei esztend\u0151ben is \u00fagy adom\u00e1nyozt\u00e1k a kenyereket, \u00e9s cser\u00e9be \u2013 szer\u00e9ny ellent\u00e9telez\u00e9sk\u00e9nt \u2013 v\u00f6r\u00f6s r\u00f3zs\u00e1kat kaptak viszonz\u00e1sul, melyek Szent Erzs\u00e9bet r\u00f3zsacsod\u00e1j\u00e1ra eml\u00e9keztetnek.<\/p>\n\n\n\n<p>\u00cdrta \u00e9s fot\u00f3k: Kiss K\u00e1lm\u00e1n<\/p>\n","protected":false},"excerpt":{"rendered":"<p>2024. november 17-\u00e9n, vas\u00e1rnap a 9 \u00f3r\u00e1s szentmis\u00e9n Szent Erzs\u00e9betr\u0151l, a szolg\u00e1l\u00f3 szeretet szentj\u00e9r\u0151l eml\u00e9keztek meg a Marcali Gy\u00fcm\u00f6lcsolt\u00f3 Boldogasszony pl\u00e9b\u00e1niatemplomban. Tomanek Ferenc \u00c1ron pl\u00e9b\u00e1nos \u2013 kenyerekkel \u00e9s piros r\u00f3zs\u00e1kkal \u2013 a ministr\u00e1ns gyermekek, valamint a karit\u00e1sz helyi csoportj\u00e1nak k\u00eds\u00e9ret\u00e9ben k\u00f6rmenetileg vonult be a templomba. Az \u00fcnnepi istentiszteleten Ferenc atya felolvasta a Magyar Katolikus P\u00fcsp\u00f6ki Konferencia (MKPK) erre az alkalomra kiadott k\u00f6rlevel\u00e9t, melyben Szent Erzs\u00e9bet m\u00e1sok\u00e9rt cselekv\u0151 szeretet\u00e9t emelt\u00e9k ki, valamint a kar\u00e1csony el\u0151tti adom\u00e1nygy\u0171jt\u00e9si akci\u00f3khoz, illet\u0151leg a Katolikus Karit\u00e1sz&#8230;<\/p>\n<p class=\"read-more\"><a class=\"btn btn-default\" href=\"https:\/\/marcali.plebania.hu\/?p=6217\"> Read More<span class=\"screen-reader-text\">  Read More<\/span><\/a><\/p>\n","protected":false},"author":2,"featured_media":0,"comment_status":"closed","ping_status":"open","sticky":false,"template":"","format":"standard","meta":{"footnotes":""},"categories":[1],"tags":[],"class_list":["post-6217","post","type-post","status-publish","format-standard","hentry","category-egyeb"],"_links":{"self":[{"href":"https:\/\/marcali.plebania.hu\/index.php?rest_route=\/wp\/v2\/posts\/6217","targetHints":{"allow":["GET"]}}],"collection":[{"href":"https:\/\/marcali.plebania.hu\/index.php?rest_route=\/wp\/v2\/posts"}],"about":[{"href":"https:\/\/marcali.plebania.hu\/index.php?rest_route=\/wp\/v2\/types\/post"}],"author":[{"embeddable":true,"href":"https:\/\/marcali.plebania.hu\/index.php?rest_route=\/wp\/v2\/users\/2"}],"replies":[{"embeddable":true,"href":"https:\/\/marcali.plebania.hu\/index.php?rest_route=%2Fwp%2Fv2%2Fcomments&post=6217"}],"version-history":[{"count":1,"href":"https:\/\/marcali.plebania.hu\/index.php?rest_route=\/wp\/v2\/posts\/6217\/revisions"}],"predecessor-version":[{"id":6235,"href":"https:\/\/marcali.plebania.hu\/index.php?rest_route=\/wp\/v2\/posts\/6217\/revisions\/6235"}],"wp:attachment":[{"href":"https:\/\/marcali.plebania.hu\/index.php?rest_route=%2Fwp%2Fv2%2Fmedia&parent=6217"}],"wp:term":[{"taxonomy":"category","embeddable":true,"href":"https:\/\/marcali.plebania.hu\/index.php?rest_route=%2Fwp%2Fv2%2Fcategories&post=6217"},{"taxonomy":"post_tag","embeddable":true,"href":"https:\/\/marcali.plebania.hu\/index.php?rest_route=%2Fwp%2Fv2%2Ftags&post=6217"}],"curies":[{"name":"wp","href":"https:\/\/api.w.org\/{rel}","templated":true}]}}