{"id":623,"date":"2019-02-12T08:56:09","date_gmt":"2019-02-12T08:56:09","guid":{"rendered":"https:\/\/marcali.plebania.hu\/?p=623"},"modified":"2019-02-12T08:56:09","modified_gmt":"2019-02-12T08:56:09","slug":"marcaliban-is-kiszolgaltattak-a-betegek-szentseget","status":"publish","type":"post","link":"https:\/\/marcali.plebania.hu\/?p=623","title":{"rendered":"Marcaliban is kiszolg\u00e1ltatt\u00e1k a betegek szents\u00e9g\u00e9t"},"content":{"rendered":"\n<p>2019. febru\u00e1r 10-\u00e9n, vas\u00e1rnap Kiss Iv\u00e1n c. pr\u00e9post, esperes-pl\u00e9b\u00e1nos ism\u00e9t kiszolg\u00e1ltatta a betegek szents\u00e9g\u00e9t a szentmis\u00e9ken. \u00d6sszesen mintegy 100 ember r\u00e9szes\u00fclt Marcaliban, a lelki t\u00e1mogat\u00e1sban, amely a betegs\u00e9gek elvisel\u00e9s\u00e9hez ny\u00fajt seg\u00edts\u00e9get. Azok az emberek r\u00e9szes\u00fclhetnek ebben a kegyelemben, akik gy\u00f3ntak \u00e9s \u00e1ldoztak, hossz\u00fa ideje valamilyen betegs\u00e9gben szenvednek, vagy elm\u00faltak m\u00e1r 60 \u00e9vesek. \u00c9vente azonban csak egyszer lehet felvenni ezt a szents\u00e9get. A pl\u00e9b\u00e1niatemplomi szentmis\u00e9n a F\u00e9ny Gyermekei Zenekar m\u0171k\u00f6d\u00f6tt k\u00f6zre. A k\u00e1ntor Balogh B\u00e1lint volt.<\/p>\n\n\n\n<figure class=\"wp-block-image\"><img loading=\"lazy\" decoding=\"async\" width=\"1024\" height=\"683\" src=\"https:\/\/marcali.plebania.hu\/wp-content\/uploads\/2019\/02\/04-1024x683.jpg\" alt=\"\" class=\"wp-image-624\" srcset=\"https:\/\/marcali.plebania.hu\/wp-content\/uploads\/2019\/02\/04-1024x683.jpg 1024w, https:\/\/marcali.plebania.hu\/wp-content\/uploads\/2019\/02\/04-300x200.jpg 300w, https:\/\/marcali.plebania.hu\/wp-content\/uploads\/2019\/02\/04-768x512.jpg 768w, https:\/\/marcali.plebania.hu\/wp-content\/uploads\/2019\/02\/04-405x270.jpg 405w\" sizes=\"auto, (max-width: 1024px) 100vw, 1024px\" \/><\/figure>\n\n\n\n<p>A vil\u00e1gegyh\u00e1zban febru\u00e1r 11-\u00e9n eml\u00e9keznek meg a betegek vil\u00e1gnapj\u00e1r\u00f3l, melyet 1992-ben m\u00e9g Szent II. J\u00e1nos P\u00e1l p\u00e1pa rendelt el, \u00e9s 1993-ban \u00e9ppen Lourdes-ban, a \u201ebetegek mennyorsz\u00e1g\u00e1ban\u201d, a M\u00e1ria jelen\u00e9sek hely\u00e9n tartott\u00e1k meg el\u0151sz\u00f6r. Az\u00f3ta minden esztend\u0151ben, a lourdes-i jelen\u00e9s\u00e9nek \u00e9vfordul\u00f3j\u00e1n, \u00edgy \u00e9vr\u0151l-\u00e9vre Marcaliban is mindig meg\u00fcnneplik.<\/p>\n\n\n\n<figure class=\"wp-block-image\"><img loading=\"lazy\" decoding=\"async\" width=\"1024\" height=\"683\" src=\"https:\/\/marcali.plebania.hu\/wp-content\/uploads\/2019\/02\/06-1024x683.jpg\" alt=\"\" class=\"wp-image-625\" srcset=\"https:\/\/marcali.plebania.hu\/wp-content\/uploads\/2019\/02\/06-1024x683.jpg 1024w, https:\/\/marcali.plebania.hu\/wp-content\/uploads\/2019\/02\/06-300x200.jpg 300w, https:\/\/marcali.plebania.hu\/wp-content\/uploads\/2019\/02\/06-768x512.jpg 768w, https:\/\/marcali.plebania.hu\/wp-content\/uploads\/2019\/02\/06-405x270.jpg 405w\" sizes=\"auto, (max-width: 1024px) 100vw, 1024px\" \/><\/figure>\n","protected":false},"excerpt":{"rendered":"<p>2019. febru\u00e1r 10-\u00e9n, vas\u00e1rnap Kiss Iv\u00e1n c. pr\u00e9post, esperes-pl\u00e9b\u00e1nos ism\u00e9t kiszolg\u00e1ltatta a betegek szents\u00e9g\u00e9t a szentmis\u00e9ken. \u00d6sszesen mintegy 100 ember r\u00e9szes\u00fclt Marcaliban, a lelki t\u00e1mogat\u00e1sban, amely a betegs\u00e9gek elvisel\u00e9s\u00e9hez ny\u00fajt seg\u00edts\u00e9get. Azok az emberek r\u00e9szes\u00fclhetnek ebben a kegyelemben, akik gy\u00f3ntak \u00e9s \u00e1ldoztak, hossz\u00fa ideje valamilyen betegs\u00e9gben szenvednek, vagy elm\u00faltak m\u00e1r 60 \u00e9vesek. \u00c9vente azonban csak egyszer lehet felvenni ezt a szents\u00e9get. A pl\u00e9b\u00e1niatemplomi szentmis\u00e9n a F\u00e9ny Gyermekei Zenekar m\u0171k\u00f6d\u00f6tt k\u00f6zre. A k\u00e1ntor Balogh B\u00e1lint volt. A vil\u00e1gegyh\u00e1zban febru\u00e1r 11-\u00e9n eml\u00e9keznek&#8230;<\/p>\n<p class=\"read-more\"><a class=\"btn btn-default\" href=\"https:\/\/marcali.plebania.hu\/?p=623\"> Read More<span class=\"screen-reader-text\">  Read More<\/span><\/a><\/p>\n","protected":false},"author":2,"featured_media":0,"comment_status":"closed","ping_status":"open","sticky":false,"template":"","format":"standard","meta":{"footnotes":""},"categories":[1],"tags":[],"class_list":["post-623","post","type-post","status-publish","format-standard","hentry","category-egyeb"],"_links":{"self":[{"href":"https:\/\/marcali.plebania.hu\/index.php?rest_route=\/wp\/v2\/posts\/623","targetHints":{"allow":["GET"]}}],"collection":[{"href":"https:\/\/marcali.plebania.hu\/index.php?rest_route=\/wp\/v2\/posts"}],"about":[{"href":"https:\/\/marcali.plebania.hu\/index.php?rest_route=\/wp\/v2\/types\/post"}],"author":[{"embeddable":true,"href":"https:\/\/marcali.plebania.hu\/index.php?rest_route=\/wp\/v2\/users\/2"}],"replies":[{"embeddable":true,"href":"https:\/\/marcali.plebania.hu\/index.php?rest_route=%2Fwp%2Fv2%2Fcomments&post=623"}],"version-history":[{"count":1,"href":"https:\/\/marcali.plebania.hu\/index.php?rest_route=\/wp\/v2\/posts\/623\/revisions"}],"predecessor-version":[{"id":626,"href":"https:\/\/marcali.plebania.hu\/index.php?rest_route=\/wp\/v2\/posts\/623\/revisions\/626"}],"wp:attachment":[{"href":"https:\/\/marcali.plebania.hu\/index.php?rest_route=%2Fwp%2Fv2%2Fmedia&parent=623"}],"wp:term":[{"taxonomy":"category","embeddable":true,"href":"https:\/\/marcali.plebania.hu\/index.php?rest_route=%2Fwp%2Fv2%2Fcategories&post=623"},{"taxonomy":"post_tag","embeddable":true,"href":"https:\/\/marcali.plebania.hu\/index.php?rest_route=%2Fwp%2Fv2%2Ftags&post=623"}],"curies":[{"name":"wp","href":"https:\/\/api.w.org\/{rel}","templated":true}]}}