{"id":6237,"date":"2024-11-24T00:15:32","date_gmt":"2024-11-24T00:15:32","guid":{"rendered":"https:\/\/marcali.plebania.hu\/?p=6237"},"modified":"2024-11-24T10:10:25","modified_gmt":"2024-11-24T10:10:25","slug":"hirdetesek-2024-november-24-en","status":"publish","type":"post","link":"https:\/\/marcali.plebania.hu\/?p=6237","title":{"rendered":"Hirdet\u00e9sek 2024. november 24-\u00e9n"},"content":{"rendered":"\n<p><\/p>\n\n\n\n<p><strong><a href=\"https:\/\/igenaptar.katolikus.hu\/2024\/nap\/index.php?holnap=2024-11-24\" target=\"_blank\" rel=\"noreferrer noopener\"><u>\u00c9vk\u00f6zi 34. vas\u00e1rnap &#8211; Krisztus Kir\u00e1ly f\u0151\u00fcnnepe<\/u><\/a><\/strong><strong><\/strong><\/p>\n\n\n\n<ol start=\"1\" class=\"wp-block-list\">\n<li>A mai perselyadom\u00e1nyokat a karit\u00e1sz m\u0171k\u00f6d\u00e9s\u00e9re ford\u00edtjuk.<\/li>\n\n\n\n<li>K\u00f6sz\u00f6nj\u00fck a pl\u00e9b\u00e1niai <strong>k\u00e9pvisel\u0151-test\u00fclet<\/strong>i v\u00e1laszt\u00e1sra leadott javaslatokat \u00e9s a szavazatokat, a tagoknak pedig a feladat v\u00e1llal\u00e1s\u00e1t. K\u00f6sz\u00f6nj\u00fck a most lek\u00f6sz\u00f6n\u0151 test\u00fclet munk\u00e1j\u00e1t az elm\u00falt id\u0151szakban.<\/li>\n\n\n\n<li>A <strong>feln\u0151tthittan<\/strong> \u00e9s szents\u00e9gi felk\u00e9sz\u00edt\u0151 k\u00f6vetkez\u0151 tal\u00e1lkoz\u00f3ja <span style=\"text-decoration: underline;\">szerd\u00e1n<\/span> 18:00-kor kezd\u0151dik a pl\u00e9b\u00e1ni\u00e1n.<\/li>\n\n\n\n<li><strong><em>Mi\u00e9rt hiszek?<\/em> &#8211; el\u0151ad\u00e1s-sorozat<\/strong>unk els\u0151 vend\u00e9ge Varga L\u00e1szl\u00f3 p\u00fcsp\u00f6k atya lesz. <span style=\"text-decoration: underline;\">Cs\u00fct\u00f6rt\u00f6k\u00f6n<\/span> \u0151 fog mis\u00e9zni, ut\u00e1na pedig 18:15-t\u0151l hallgathatjuk meg tan\u00fas\u00e1gt\u00e9tel\u00e9t az X-h\u00e1zban (D\u00f3zsa u. 3.). Szeretettel h\u00edvunk minden \u00e9rdekl\u0151d\u0151t.<\/li>\n\n\n\n<li>A <strong>k\u00fclt\u00e9ri adventi koszor\u00fa<\/strong>t <span style=\"text-decoration: underline;\">szombaton<\/span> (nov. 30-\u00e1n) 9 \u00f3r\u00e1t\u00f3l k\u00e9sz\u00edtj\u00fck, mely munk\u00e1hoz seg\u00edts\u00e9get k\u00e9r\u00fcnk.<\/li>\n\n\n\n<li>Szeretettel h\u00edvjuk a csal\u00e1dokat <strong>k\u00f6z\u00f6s adventi k\u00e9sz\u00fclet<\/strong>re <span style=\"text-decoration: underline;\">szombaton<\/span> 15 \u00f3r\u00e1t\u00f3l: a gyermekeket adventi koszor\u00fa vagy kalend\u00e1rium k\u00f6z\u00f6ss\u00e9gi elk\u00e9sz\u00edt\u00e9s\u00e9re (X-h\u00e1z), a sz\u00fcl\u0151ket pedig besz\u00e9lget\u00e9sre (pl\u00e9b\u00e1nia). Ut\u00e1na az esti szentmise az adventi koszor\u00fak meg\u00e1ld\u00e1s\u00e1val kezd\u0151dik 17:30-kor a pl\u00e9b\u00e1niatemplomban.<\/li>\n\n\n\n<li>K\u00f6sz\u00f6nj\u00fck Vida Szil\u00e1rd k\u0151farag\u00f3nak a felaj\u00e1nl\u00e1s\u00e1t a pl\u00e9b\u00e1niatemplomban tal\u00e1lhat\u00f3 pl\u00e9b\u00e1nosok t\u00e1bl\u00e1j\u00e1nak kieg\u00e9sz\u00edt\u00e9s\u00e9re.<\/li>\n<\/ol>\n\n\n\n<hr class=\"wp-block-separator has-alpha-channel-opacity\"\/>\n\n\n\n<figure class=\"wp-block-image size-large\"><img loading=\"lazy\" decoding=\"async\" width=\"1024\" height=\"809\" src=\"https:\/\/marcali.plebania.hu\/wp-content\/uploads\/2024\/11\/241124-1024x809.png\" alt=\"\" class=\"wp-image-6238\" srcset=\"https:\/\/marcali.plebania.hu\/wp-content\/uploads\/2024\/11\/241124-1024x809.png 1024w, https:\/\/marcali.plebania.hu\/wp-content\/uploads\/2024\/11\/241124-300x237.png 300w, https:\/\/marcali.plebania.hu\/wp-content\/uploads\/2024\/11\/241124-768x607.png 768w, https:\/\/marcali.plebania.hu\/wp-content\/uploads\/2024\/11\/241124-1536x1213.png 1536w, https:\/\/marcali.plebania.hu\/wp-content\/uploads\/2024\/11\/241124-342x270.png 342w, https:\/\/marcali.plebania.hu\/wp-content\/uploads\/2024\/11\/241124.png 1565w\" sizes=\"auto, (max-width: 1024px) 100vw, 1024px\" \/><\/figure>\n\n\n\n<p><\/p>\n","protected":false},"excerpt":{"rendered":"<p>\u00c9vk\u00f6zi 34. vas\u00e1rnap &#8211; Krisztus Kir\u00e1ly f\u0151\u00fcnnepe<\/p>\n","protected":false},"author":1,"featured_media":0,"comment_status":"closed","ping_status":"open","sticky":false,"template":"","format":"standard","meta":{"footnotes":""},"categories":[3],"tags":[],"class_list":["post-6237","post","type-post","status-publish","format-standard","hentry","category-hirdetesek"],"_links":{"self":[{"href":"https:\/\/marcali.plebania.hu\/index.php?rest_route=\/wp\/v2\/posts\/6237","targetHints":{"allow":["GET"]}}],"collection":[{"href":"https:\/\/marcali.plebania.hu\/index.php?rest_route=\/wp\/v2\/posts"}],"about":[{"href":"https:\/\/marcali.plebania.hu\/index.php?rest_route=\/wp\/v2\/types\/post"}],"author":[{"embeddable":true,"href":"https:\/\/marcali.plebania.hu\/index.php?rest_route=\/wp\/v2\/users\/1"}],"replies":[{"embeddable":true,"href":"https:\/\/marcali.plebania.hu\/index.php?rest_route=%2Fwp%2Fv2%2Fcomments&post=6237"}],"version-history":[{"count":8,"href":"https:\/\/marcali.plebania.hu\/index.php?rest_route=\/wp\/v2\/posts\/6237\/revisions"}],"predecessor-version":[{"id":6247,"href":"https:\/\/marcali.plebania.hu\/index.php?rest_route=\/wp\/v2\/posts\/6237\/revisions\/6247"}],"wp:attachment":[{"href":"https:\/\/marcali.plebania.hu\/index.php?rest_route=%2Fwp%2Fv2%2Fmedia&parent=6237"}],"wp:term":[{"taxonomy":"category","embeddable":true,"href":"https:\/\/marcali.plebania.hu\/index.php?rest_route=%2Fwp%2Fv2%2Fcategories&post=6237"},{"taxonomy":"post_tag","embeddable":true,"href":"https:\/\/marcali.plebania.hu\/index.php?rest_route=%2Fwp%2Fv2%2Ftags&post=6237"}],"curies":[{"name":"wp","href":"https:\/\/api.w.org\/{rel}","templated":true}]}}