{"id":6248,"date":"2024-11-25T10:59:15","date_gmt":"2024-11-25T10:59:15","guid":{"rendered":"https:\/\/marcali.plebania.hu\/?p=6248"},"modified":"2024-11-25T10:59:15","modified_gmt":"2024-11-25T10:59:15","slug":"kiegeszult-a-marcali-plebanosok-tablaja","status":"publish","type":"post","link":"https:\/\/marcali.plebania.hu\/?p=6248","title":{"rendered":"Kieg\u00e9sz\u00fclt a Marcali pl\u00e9b\u00e1nosok t\u00e1bl\u00e1ja"},"content":{"rendered":"\n<figure class=\"wp-block-image size-large\"><img loading=\"lazy\" decoding=\"async\" width=\"768\" height=\"1024\" src=\"https:\/\/marcali.plebania.hu\/wp-content\/uploads\/2024\/11\/20241121_160200-768x1024.jpg\" alt=\"\" class=\"wp-image-6249\" srcset=\"https:\/\/marcali.plebania.hu\/wp-content\/uploads\/2024\/11\/20241121_160200-768x1024.jpg 768w, https:\/\/marcali.plebania.hu\/wp-content\/uploads\/2024\/11\/20241121_160200-225x300.jpg 225w, https:\/\/marcali.plebania.hu\/wp-content\/uploads\/2024\/11\/20241121_160200-1152x1536.jpg 1152w, https:\/\/marcali.plebania.hu\/wp-content\/uploads\/2024\/11\/20241121_160200-1536x2048.jpg 1536w, https:\/\/marcali.plebania.hu\/wp-content\/uploads\/2024\/11\/20241121_160200-203x270.jpg 203w, https:\/\/marcali.plebania.hu\/wp-content\/uploads\/2024\/11\/20241121_160200-scaled.jpg 1920w\" sizes=\"auto, (max-width: 768px) 100vw, 768px\" \/><\/figure>\n\n\n\n<p>Vida Szil\u00e1rd k\u0151farag\u00f3 a napokban kieg\u00e9sz\u00edtette a Gy\u00fcm\u00f6lcsolt\u00f3 Boldogasszony Pl\u00e9b\u00e1niatemplomban, h\u00e1tul, a gy\u00f3ntat\u00f3sz\u00e9k el\u0151tt, az \u00e9szaki falon tal\u00e1lhat\u00f3 pl\u00e9b\u00e1nosok m\u00e1rv\u00e1nyt\u00e1bl\u00e1j\u00e1t, melyre felker\u00fclt az \u00faj pl\u00e9b\u00e1nos, Tomanek Ferenc \u00c1ron neve is a kezd\u0151 \u00e9vsz\u00e1mmal. <\/p>\n\n\n\n<p>A Marcali R\u00f3mai Katolikus Egyh\u00e1zk\u00f6zs\u00e9g nev\u00e9ben megk\u00f6sz\u00f6nj\u00fck Vida Szil\u00e1rd k\u0151farag\u00f3nak a felaj\u00e1nl\u00e1s\u00e1t \u00e9s a prec\u00edz, sz\u00e9p kivitel\u0171 munka elv\u00e9gz\u00e9s\u00e9t.<\/p>\n\n\n\n<p><\/p>\n\n\n\n<p>\u00cdrta \u00e9s fot\u00f3: Kiss K\u00e1lm\u00e1n<\/p>\n","protected":false},"excerpt":{"rendered":"<p>Vida Szil\u00e1rd k\u0151farag\u00f3 a napokban kieg\u00e9sz\u00edtette a Gy\u00fcm\u00f6lcsolt\u00f3 Boldogasszony Pl\u00e9b\u00e1niatemplomban, h\u00e1tul, a gy\u00f3ntat\u00f3sz\u00e9k el\u0151tt, az \u00e9szaki falon tal\u00e1lhat\u00f3 pl\u00e9b\u00e1nosok m\u00e1rv\u00e1nyt\u00e1bl\u00e1j\u00e1t, melyre felker\u00fclt az \u00faj pl\u00e9b\u00e1nos, Tomanek Ferenc \u00c1ron neve is a kezd\u0151 \u00e9vsz\u00e1mmal. A Marcali R\u00f3mai Katolikus Egyh\u00e1zk\u00f6zs\u00e9g nev\u00e9ben megk\u00f6sz\u00f6nj\u00fck Vida Szil\u00e1rd k\u0151farag\u00f3nak a felaj\u00e1nl\u00e1s\u00e1t \u00e9s a prec\u00edz, sz\u00e9p kivitel\u0171 munka elv\u00e9gz\u00e9s\u00e9t. \u00cdrta \u00e9s fot\u00f3: Kiss K\u00e1lm\u00e1n<\/p>\n","protected":false},"author":2,"featured_media":0,"comment_status":"closed","ping_status":"open","sticky":false,"template":"","format":"standard","meta":{"footnotes":""},"categories":[1],"tags":[],"class_list":["post-6248","post","type-post","status-publish","format-standard","hentry","category-egyeb"],"_links":{"self":[{"href":"https:\/\/marcali.plebania.hu\/index.php?rest_route=\/wp\/v2\/posts\/6248","targetHints":{"allow":["GET"]}}],"collection":[{"href":"https:\/\/marcali.plebania.hu\/index.php?rest_route=\/wp\/v2\/posts"}],"about":[{"href":"https:\/\/marcali.plebania.hu\/index.php?rest_route=\/wp\/v2\/types\/post"}],"author":[{"embeddable":true,"href":"https:\/\/marcali.plebania.hu\/index.php?rest_route=\/wp\/v2\/users\/2"}],"replies":[{"embeddable":true,"href":"https:\/\/marcali.plebania.hu\/index.php?rest_route=%2Fwp%2Fv2%2Fcomments&post=6248"}],"version-history":[{"count":1,"href":"https:\/\/marcali.plebania.hu\/index.php?rest_route=\/wp\/v2\/posts\/6248\/revisions"}],"predecessor-version":[{"id":6250,"href":"https:\/\/marcali.plebania.hu\/index.php?rest_route=\/wp\/v2\/posts\/6248\/revisions\/6250"}],"wp:attachment":[{"href":"https:\/\/marcali.plebania.hu\/index.php?rest_route=%2Fwp%2Fv2%2Fmedia&parent=6248"}],"wp:term":[{"taxonomy":"category","embeddable":true,"href":"https:\/\/marcali.plebania.hu\/index.php?rest_route=%2Fwp%2Fv2%2Fcategories&post=6248"},{"taxonomy":"post_tag","embeddable":true,"href":"https:\/\/marcali.plebania.hu\/index.php?rest_route=%2Fwp%2Fv2%2Ftags&post=6248"}],"curies":[{"name":"wp","href":"https:\/\/api.w.org\/{rel}","templated":true}]}}