{"id":6251,"date":"2024-11-25T16:38:39","date_gmt":"2024-11-25T16:38:39","guid":{"rendered":"https:\/\/marcali.plebania.hu\/?p=6251"},"modified":"2024-11-26T08:52:24","modified_gmt":"2024-11-26T08:52:24","slug":"letette-az-eskut-az-egyhazkozseg-uj-kepviselo-testulete","status":"publish","type":"post","link":"https:\/\/marcali.plebania.hu\/?p=6251","title":{"rendered":"Letette az esk\u00fct az egyh\u00e1zk\u00f6zs\u00e9g \u00faj k\u00e9pvisel\u0151-test\u00fclete"},"content":{"rendered":"\n<p>A Marcali R\u00f3mai Katolikus Egyh\u00e1zk\u00f6zs\u00e9g K\u00e9pvisel\u0151 Test\u00fclet\u00e9nek meghosszabb\u00edtott mand\u00e1tuma az idei \u00e9vben lej\u00e1rt, ez\u00e9rt \u00faj v\u00e1laszt\u00e1sra volt sz\u00fcks\u00e9g. A Kaposv\u00e1ri Egyh\u00e1zmegye Pl\u00e9b\u00e1niai K\u00e9pvisel\u0151test\u00fcleteinek Szervezeti \u00e9s M\u0171k\u00f6d\u00e9si Szab\u00e1lyzata, illet\u0151leg a h\u00edvek javaslatai alapj\u00e1n november 10. \u00e9s 17. k\u00f6z\u00f6tt lehetett szavazni a jel\u00f6ltekre. Az \u00fajonnan megv\u00e1lasztott test\u00fclet november 24-\u00e9n, Krisztus Kir\u00e1ly vas\u00e1rnapj\u00e1n, a 9 \u00f3r\u00e1s szentmis\u00e9n, \u2013 melyet Tomanek Ferenc \u00c1ron pl\u00e9b\u00e1nos celebr\u00e1lt \u2013, \u00fcnnepi keretek k\u00f6z\u00f6tt tette le az esk\u00fct.<\/p>\n\n\n\n<figure class=\"wp-block-gallery has-nested-images columns-default is-cropped wp-block-gallery-1 is-layout-flex wp-block-gallery-is-layout-flex\">\n<figure class=\"wp-block-image size-large\"><img loading=\"lazy\" decoding=\"async\" width=\"1024\" height=\"683\" data-id=\"6252\" src=\"https:\/\/marcali.plebania.hu\/wp-content\/uploads\/2024\/11\/02-1-1024x683.jpg\" alt=\"\" class=\"wp-image-6252\" srcset=\"https:\/\/marcali.plebania.hu\/wp-content\/uploads\/2024\/11\/02-1-1024x683.jpg 1024w, https:\/\/marcali.plebania.hu\/wp-content\/uploads\/2024\/11\/02-1-300x200.jpg 300w, https:\/\/marcali.plebania.hu\/wp-content\/uploads\/2024\/11\/02-1-768x512.jpg 768w, https:\/\/marcali.plebania.hu\/wp-content\/uploads\/2024\/11\/02-1-1536x1024.jpg 1536w, https:\/\/marcali.plebania.hu\/wp-content\/uploads\/2024\/11\/02-1-2048x1365.jpg 2048w, https:\/\/marcali.plebania.hu\/wp-content\/uploads\/2024\/11\/02-1-405x270.jpg 405w\" sizes=\"auto, (max-width: 1024px) 100vw, 1024px\" \/><\/figure>\n<\/figure>\n\n\n\n<p>Az \u00faj test\u00fclet tagjai lettek:<\/p>\n\n\n\n<p>D\u00f6brei S\u00e1ndorn\u00e9, Dr. Gyulai Botond (akolitus), Dr. Gyulain\u00e9 Domj\u00e1n Zsuzsanna (hitoktat\u00f3k \u00e1ltal megv\u00e1lasztott tag), Dr. Pozsonyi M\u00e1rk, Gelencs\u00e9r R\u00f3bert, Kir\u00e1ly Jen\u0151, Kir\u00e1ly R\u00f3bert, Kocza Anita, Szab\u00f3 Andrea, Szab\u00f3 Gyula, \u00e9s Tomanek Ferenc \u00c1ron (pl\u00e9b\u00e1nos).<\/p>\n\n\n\n<p>A v\u00e1lasztott p\u00f3ttagok: Moln\u00e1r Gy\u00f6rgyn\u00e9, P\u00e9ter Csaba, \u00e9s F\u00e1bos Tibor lettek.<\/p>\n\n\n\n<figure class=\"wp-block-image size-large\"><img loading=\"lazy\" decoding=\"async\" width=\"1024\" height=\"683\" src=\"https:\/\/marcali.plebania.hu\/wp-content\/uploads\/2024\/11\/03-1-1024x683.jpg\" alt=\"\" class=\"wp-image-6253\" srcset=\"https:\/\/marcali.plebania.hu\/wp-content\/uploads\/2024\/11\/03-1-1024x683.jpg 1024w, https:\/\/marcali.plebania.hu\/wp-content\/uploads\/2024\/11\/03-1-300x200.jpg 300w, https:\/\/marcali.plebania.hu\/wp-content\/uploads\/2024\/11\/03-1-768x512.jpg 768w, https:\/\/marcali.plebania.hu\/wp-content\/uploads\/2024\/11\/03-1-1536x1024.jpg 1536w, https:\/\/marcali.plebania.hu\/wp-content\/uploads\/2024\/11\/03-1-2048x1365.jpg 2048w, https:\/\/marcali.plebania.hu\/wp-content\/uploads\/2024\/11\/03-1-405x270.jpg 405w\" sizes=\"auto, (max-width: 1024px) 100vw, 1024px\" \/><\/figure>\n\n\n\n<p>A szentmise v\u00e9g\u00e9n Ferenc atya megk\u00f6sz\u00f6nte a v\u00e1laszt\u00e1sra leadott javaslatokat \u00e9s a szavazatokat, a tagoknak pedig a feladat v\u00e1llal\u00e1s\u00e1t. Tov\u00e1bb\u00e1 megk\u00f6sz\u00f6nte a most lek\u00f6sz\u00f6n\u0151 test\u00fclet munk\u00e1j\u00e1t, melyet az elm\u00falt id\u0151szakban v\u00e9gzett.<\/p>\n\n\n\n<p>\u00cdrta \u00e9s fot\u00f3k: Kiss K\u00e1lm\u00e1n<\/p>\n","protected":false},"excerpt":{"rendered":"<p>A Marcali R\u00f3mai Katolikus Egyh\u00e1zk\u00f6zs\u00e9g K\u00e9pvisel\u0151 Test\u00fclet\u00e9nek meghosszabb\u00edtott mand\u00e1tuma az idei \u00e9vben lej\u00e1rt, ez\u00e9rt \u00faj v\u00e1laszt\u00e1sra volt sz\u00fcks\u00e9g. A Kaposv\u00e1ri Egyh\u00e1zmegye Pl\u00e9b\u00e1niai K\u00e9pvisel\u0151test\u00fcleteinek Szervezeti \u00e9s M\u0171k\u00f6d\u00e9si Szab\u00e1lyzata, illet\u0151leg a h\u00edvek javaslatai alapj\u00e1n november 10. \u00e9s 17. k\u00f6z\u00f6tt lehetett szavazni a jel\u00f6ltekre. Az \u00fajonnan megv\u00e1lasztott test\u00fclet november 24-\u00e9n, Krisztus Kir\u00e1ly vas\u00e1rnapj\u00e1n, a 9 \u00f3r\u00e1s szentmis\u00e9n, \u2013 melyet Tomanek Ferenc \u00c1ron pl\u00e9b\u00e1nos celebr\u00e1lt \u2013, \u00fcnnepi keretek k\u00f6z\u00f6tt tette le az esk\u00fct. Az \u00faj test\u00fclet tagjai lettek: D\u00f6brei S\u00e1ndorn\u00e9, Dr. Gyulai Botond (akolitus),&#8230;<\/p>\n<p class=\"read-more\"><a class=\"btn btn-default\" href=\"https:\/\/marcali.plebania.hu\/?p=6251\"> Read More<span class=\"screen-reader-text\">  Read More<\/span><\/a><\/p>\n","protected":false},"author":2,"featured_media":0,"comment_status":"closed","ping_status":"open","sticky":false,"template":"","format":"standard","meta":{"footnotes":""},"categories":[1],"tags":[],"class_list":["post-6251","post","type-post","status-publish","format-standard","hentry","category-egyeb"],"_links":{"self":[{"href":"https:\/\/marcali.plebania.hu\/index.php?rest_route=\/wp\/v2\/posts\/6251","targetHints":{"allow":["GET"]}}],"collection":[{"href":"https:\/\/marcali.plebania.hu\/index.php?rest_route=\/wp\/v2\/posts"}],"about":[{"href":"https:\/\/marcali.plebania.hu\/index.php?rest_route=\/wp\/v2\/types\/post"}],"author":[{"embeddable":true,"href":"https:\/\/marcali.plebania.hu\/index.php?rest_route=\/wp\/v2\/users\/2"}],"replies":[{"embeddable":true,"href":"https:\/\/marcali.plebania.hu\/index.php?rest_route=%2Fwp%2Fv2%2Fcomments&post=6251"}],"version-history":[{"count":3,"href":"https:\/\/marcali.plebania.hu\/index.php?rest_route=\/wp\/v2\/posts\/6251\/revisions"}],"predecessor-version":[{"id":6257,"href":"https:\/\/marcali.plebania.hu\/index.php?rest_route=\/wp\/v2\/posts\/6251\/revisions\/6257"}],"wp:attachment":[{"href":"https:\/\/marcali.plebania.hu\/index.php?rest_route=%2Fwp%2Fv2%2Fmedia&parent=6251"}],"wp:term":[{"taxonomy":"category","embeddable":true,"href":"https:\/\/marcali.plebania.hu\/index.php?rest_route=%2Fwp%2Fv2%2Fcategories&post=6251"},{"taxonomy":"post_tag","embeddable":true,"href":"https:\/\/marcali.plebania.hu\/index.php?rest_route=%2Fwp%2Fv2%2Ftags&post=6251"}],"curies":[{"name":"wp","href":"https:\/\/api.w.org\/{rel}","templated":true}]}}