{"id":6263,"date":"2024-11-30T12:29:48","date_gmt":"2024-11-30T12:29:48","guid":{"rendered":"https:\/\/marcali.plebania.hu\/?p=6263"},"modified":"2025-11-28T08:59:01","modified_gmt":"2025-11-28T08:59:01","slug":"advent","status":"publish","type":"post","link":"https:\/\/marcali.plebania.hu\/?p=6263","title":{"rendered":"Advent \u2013 V\u00e1rjuk J\u00e9zus elj\u00f6vetel\u00e9t"},"content":{"rendered":"\n<p><\/p>\n\n\n\n<p><em>\u00d6ssze\u00e1ll\u00edt\u00e1s az adventi id\u0151r\u0151l, k\u00e9rd\u00e9sek \u00e9s v\u00e1laszok, aj\u00e1nlott oldalak adventre<\/em><\/p>\n\n\n\n<p>A kereszt\u00e9ny- \u00e9s minden emberi k\u00f6z\u00f6ss\u00e9g k\u00f6z\u00f6s tapasztalata, hogy a nagy esem\u00e9nyekre k\u00e9sz\u00fclni kell. \u00cdgy az \u00f3korban az uralkod\u00f3 \u00e9rkez\u00e9s\u00e9t m\u00e1r hetekkel az esem\u00e9ny el\u0151tt h\u00edrmond\u00f3 adta tudtul, hogy a helyiek rendbe tehess\u00e9k az utakat, a h\u00e1zakat. Ilyen esem\u00e9ny az advent is: amikor a Kir\u00e1lyok Kir\u00e1ly\u00e1nak \u00e9rkez\u00e9s\u00e9re eml\u00e9kez\u00fcnk; \u00e9s nemcsak k\u00f6rnyezet\u00fcnket, h\u00e1zainkat, hanem sz\u00edv\u00fcnket \u00e9s emberi kapcsolatainkat is rendbe szeretn\u00e9nk tenni.<\/p>\n\n\n\n<p>Annak, hogy a h\u00edv\u0151 ember a Megv\u00e1lt\u00f3 sz\u00fclet\u00e9s\u00e9re eml\u00e9kezik, k\u00fcls\u0151 jele az adventi koszor\u00fa, amelynek n\u00e9gy gyerty\u00e1ja az adventi id\u0151szak n\u00e9gy vas\u00e1rnapj\u00e1ra, sz\u00ednei pedig arra utalnak, hogy b\u00e1r b\u0171nb\u00e1nati id\u0151szakban vagyunk (lila), de van okunk az \u00f6rvendez\u00e9sre is (r\u00f3zsasz\u00edn), mert az \u00dar k\u00f6zel van hozz\u00e1nk. Az adventi id\u0151szak liturgikus saj\u00e1toss\u00e1ga a hajnalban tartott rorate szentmise, amely a latin mise\u00e9nek kezd\u0151 sor\u00e1nak, a \u201eRorate&nbsp;coeli de super&nbsp;et&nbsp;nubes&nbsp;pluant&nbsp;iustum!\u201d ler\u00f6vid\u00edt\u00e9se. Mivel b\u0171nb\u00e1nati id\u0151szakr\u00f3l van sz\u00f3, a templomi olt\u00e1rokat nem d\u00edsz\u00edtik vir\u00e1ggal, a mis\u00e9z\u0151 pap pedig lila sz\u00edn\u0171 miseruh\u00e1t \u00f6lt.<\/p>\n\n\n\n<p>A kereszt\u00e9ny ember sz\u00e1m\u00e1ra ez az id\u0151szak egy\u00e1ltal\u00e1n nem azt jelenti, hogy most, az esztend\u0151 utols\u00f3 h\u00f3napj\u00e1ban kellene behozni az eg\u00e9sz \u00e9ves elmarad\u00e1st a munk\u00e1ban, nemcsak azt jelenti, hogy bar\u00e1tainkkal, szeretteinkkel t\u00f6bbet vagyunk egy\u00fctt, hanem sokkal ink\u00e1bb azt, hogy \u00f6nmagunk, Isten \u00e1ltal megalkotott \u00f6nmagunk lesz\u00fcnk. Elcsendes\u00fcl\u00fcnk, magunkba fordulunk, ami nem is annyira egyszer\u0171 ezekben a fogyaszt\u00e1svez\u00e9relt, felfokozott temp\u00f3j\u00fa napokban.<\/p>\n\n\n\n<p>Advent, ahogy a neve is mutatja, az elj\u00f6vetel id\u0151szaka: mintegy k\u00e9rd\u00e9sk\u00e9nt fesz\u00fcl fel\u00e9nk ilyenkor nap mint nap, hogy kinek az elj\u00f6vetel\u00e9re v\u00e1runk? Egy\u00e1ltal\u00e1n t\u00f6r\u0151d\u00fcnk-e m\u00e9g azzal, hogy v\u00e1r re\u00e1nk Valaki, aki meg akarja \u00faj\u00edtani \u00e9let\u00fcnket, istenkapcsolatunkat?<br>&nbsp;\u201eRajta, menj\u00fcnk fel az \u00dar hegy\u00e9re, (&#8230;) hogy tan\u00edtson meg \u00fatjaira, \u00e9s \u00edgy \u00f6sv\u00e9nyein j\u00e1rhassunk.\u201d (Iz 2,1-5) Az adventi k\u00e9sz\u00fclet\u00fcnk legyen tudatos v\u00e1rakoz\u00e1s. \u00c9lj\u00fck \u00e1t ugyanazt a messi\u00e1sv\u00e1r\u00e1st, amely az \u00f3sz\u00f6vets\u00e9gi v\u00e1lasztott n\u00e9p lelk\u00e9ben \u00e9lt. V\u00e1rjuk \u00fagy J\u00e9zus elj\u00f6vetel\u00e9t, mint \u00f3kori el\u0151deink, akik teljes rem\u00e9nys\u00e9ggel \u00e9s bizonyoss\u00e1ggal im\u00e1dkozt\u00e1k nap mint nap, hogy <em>marana<\/em><em>tha<\/em><em>, <\/em><em>j\u00f6jj<\/em><em> el, Uram<\/em>!<\/p>\n\n\n\n<p><a href=\"https:\/\/www.magyarkurir.hu\/hirek\/advent-varjuk-jezus-eljovetelet\"><u>Forr\u00e1s: Magyar Kur\u00edr<\/u><\/a><\/p>\n\n\n\n<hr class=\"wp-block-separator has-alpha-channel-opacity\"\/>\n\n\n\n<p>K\u00e9rd\u00e9sek \u00e9s v\u00e1laszok (F\u00fczes \u00c1d\u00e1m)<\/p>\n\n\n\n<p><\/p>\n\n\n\n<p><strong>1. Mit jelent pontosan az <\/strong><em><strong>advent<\/strong><\/em><strong> kifejez\u00e9s?<\/strong><\/p>\n\n\n\n<p>Advent a latin <em>adventus<\/em>, vagyis <em>elj\u00f6vetel<\/em> sz\u00f3b\u00f3l sz\u00e1rmazik.<\/p>\n\n\n\n<p><strong>2. Hogyan \u00e9s mikor alakult ki?<\/strong><\/p>\n\n\n\n<p>A gallik\u00e1n liturgi\u00e1ban a v\u00edzkereszti (janu\u00e1r 6.) feln\u0151ttkeresztel\u00e9sre el\u0151k\u00e9sz\u00edt\u0151 n\u00e9gyhetes id\u0151szak volt. Az 5. sz\u00e1zadban a kar\u00e1csony (december 25.) v\u00e1lt a jelent\u0151sebb \u00fcnnepp\u00e9, \u00e9s ez el\u0151tt alakult ki el\u0151sz\u00f6r hathetes, majd Szent Szimpliciusz p\u00e1pa (5. sz\u00e1zad) alatt a mai n\u00e9gyhetes form\u00e1ja.<\/p>\n\n\n\n<p><strong>3. Az adventi id\u0151szak minden \u00e9vben v\u00e1ltozik\u2026<\/strong><\/p>\n\n\n\n<p>Nem, csak a hossza&#8230;\u00a0Adventet a kar\u00e1csony el\u0151tti n\u00e9gy vas\u00e1rnap hat\u00e1rozza meg. Az egyh\u00e1zi napt\u00e1rban a h\u00e9t vas\u00e1rnappal kezd\u0151dik, \u00edgy advent n\u00e9gy hete is a n\u00e9gy vas\u00e1rnap ut\u00e1n k\u00f6vetkezik, \u00e9s ebb\u0151l ad\u00f3d\u00f3an a negyedik h\u00e9t lehet eg\u00e9szen r\u00f6vid is (amikor maga a vas\u00e1rnap \u00e9s h\u00e9tf\u0151 csak a h\u00e9t), \u00e9s eg\u00e9szen hossz\u00fa is (, amikor kar\u00e1csony szombatra esik).<\/p>\n\n\n\n<p><strong>4. <\/strong><strong>December<\/strong><strong> 24. m\u00e9g az adventhez tartozik, vagy m\u00e1r kar\u00e1csony?<\/strong><\/p>\n\n\n\n<p>December 24. az adventi id\u0151 utols\u00f3 napja. Ez m\u00e9g nem kar\u00e1csony, de a s\u00f6t\u00e9ts\u00e9g be\u00e1llt\u00e1val fokoz\u00f3dik a v\u00e1rakoz\u00e1s, mert tudjuk, hogy ez az az \u00e9jszaka, amikor megsz\u00fcletik az \u00dar. A r\u00e9gebbi egyh\u00e1zfegyelemben m\u00e9g ez a nap b\u00f6jti nap volt, ez\u00e9rt hagyom\u00e1nyos \u00e9teleink b\u00f6jt\u00f6sek ezen az \u00e9jszak\u00e1n: a hal, a m\u00e1kos guba, stb. A v\u00e1rakoz\u00e1s az \u00e9jszakai mis\u00e9vel \u00e9r v\u00e9get, ahol meghalljuk az \u00f6r\u00f6mh\u00edrt: megsz\u00fcletett.<\/p>\n\n\n\n<p><strong>5. Mi\u00e9rt lett ez az egyh\u00e1zi \u00e9v kezdete?<\/strong><\/p>\n\n\n\n<p>T\u00f6bbf\u00e9le \u00e9vkezdetet haszn\u00e1lnak a k\u00fcl\u00f6nf\u00e9le napt\u00e1rak \u2013&nbsp;ismer\u00fcnk janu\u00e1ri, m\u00e1rciusi polg\u00e1ri \u00e9vkezd\u00e9st is; az advent pedig a megtestes\u00fcl\u00e9ssel kezd, illetve az arra val\u00f3 felk\u00e9sz\u00fcl\u00e9s id\u0151szak\u00e1val. \u00d6nmag\u00e1ban az advent \u201enincs meg\u201d, ez\u00e9rt ker\u00fclt a kar\u00e1csonnyal egy\u00fctt az \u00e9v elej\u00e9re.<\/p>\n\n\n\n<p><strong>6. Mi\u00e9rt kezd\u0151dik a g\u00f6r\u00f6gkatolikusokn\u00e1l el\u0151bb az advent?<\/strong><\/p>\n\n\n\n<p>A t\u00f6rt\u00e9neti r\u00e9szn\u00e9l jelezt\u00fck, hogy az 5. sz\u00e1zadban volt m\u00e1r hathetes az advent, Szent M\u00e1rtont\u00f3l sz\u00e1molva. Ezt a hosszabb b\u00f6jti el\u0151k\u00e9sz\u00fcletet tartj\u00e1k keleti r\u00edtus\u00fa testv\u00e9reink most is a hathetes adventtel.<\/p>\n\n\n\n<p><strong>7. A g\u00f6r\u00f6gkatolikusok koszor\u00faj\u00e1n hat gyertya van\u2026<\/strong><\/p>\n\n\n\n<p>Az adventi koszor\u00fa csak a 19. sz\u00e1zadban jelenik meg, a g\u00f6r\u00f6gkatolikusok pedig \u201einkultur\u00e1lt\u00e1k\u201d az \u00faj polg\u00e1ri szok\u00e1st: hat adventi vas\u00e1rnapjukhoz hat gyerty\u00e1val.<\/p>\n\n\n\n<p><strong>8. Milyen liturgikus jellemz\u0151i vannak az adventi id\u0151szaknak?<\/strong><\/p>\n\n\n\n<p>Advent cs\u00f6ndesebb id\u0151szak, kevesebb orgonasz\u00f3l\u00f3val, kevesebb vir\u00e1gd\u00edsz\u00edt\u00e9ssel, lila miseruh\u00e1val \u00e9s hajnali szentmis\u00e9kkel, a ror\u00e1t\u00e9kkal.<\/p>\n\n\n\n<p><strong>9. Mi\u00e9rt m\u00e1s a <\/strong><strong>Gaudete<\/strong><strong>, azaz \u00f6r\u00f6mvas\u00e1rnap \u00fcnnepl\u00e9se?<\/strong><\/p>\n\n\n\n<p>Advent harmadik vas\u00e1rnapj\u00e1n a mise kezd\u0151 \u00e9neke (introitusa) a <em>Gaudete<\/em><em> in <\/em><em>Domino<\/em> kezdet\u0171, a Filippiekhez \u00edrt lev\u00e9lb\u0151l: \u201e\u00d6rvendjetek mindig az \u00darban, &#8230; mert az \u00dar imm\u00e1r k\u00f6zel van hozz\u00e1nk!\u201d T\u00fal vagyunk az advent fel\u00e9n, m\u00e1r ide l\u00e1tszik kar\u00e1csony. A liturgia ezt a miseruha sz\u00edn\u00e9ben is kifejezi, a szigor\u00fa lil\u00e1r\u00f3l r\u00f3zsasz\u00edn\u0171re v\u00e1ltozik.<\/p>\n\n\n\n<p><strong>10. Ekkor m\u00e1st kell tenn\u00fcnk, mint a t\u00f6bbi vas\u00e1rnapon?<\/strong><\/p>\n\n\n\n<p>\u00c9rdemes itt m\u00e1r r\u00e1fordulnunk a \u201ec\u00e9legyenesre\u201d: amit nem siker\u00fclt megtenn\u00fcnk, azt \u00e9rdemes elengedn\u00fcnk, \u00e9s m\u00e1r csak a fontosra figyeln\u00fcnk.<\/p>\n\n\n\n<p><strong>11. Adventben sokan elmennek a hajnali <\/strong><strong>ror\u00e1te<\/strong><strong> mis\u00e9kre. Ennek eredete hova vezethet\u0151 vissza?<\/strong><\/p>\n\n\n\n<p>A kar\u00e1csony el\u0151tti kilencedik napon kezdt\u00e9k a 7. sz\u00e1zadban az \u00d3 antif\u00f3n\u00e1kat, \u00e9s ekkor volt egy hajnali mise. A k\u00f6z\u00e9pkorban t\u00e9rs\u00e9g\u00fcnkben m\u00e1r advent minden napj\u00e1n \u201edivatba j\u00f6tt\u201d a korareggeli mise. (A ror\u00e1te\u00a0mis\u00e9kr\u0151l\u00a0<a href=\"https:\/\/www.magyarkurir.hu\/hirek\/-harmatozzatok-a-roratek-szep-hagyomanyarol\"><u>b\u0151vebben itt lehet olvasni<\/u><\/a>.)<\/p>\n\n\n\n<p><strong>12. Mi\u00e9rt 6 \u00f3rakor kezd\u0151dnek a ror\u00e1t\u00e9k?<\/strong><\/p>\n\n\n\n<p>A hajnal a v\u00e1rakoz\u00e1s \u00e9s a rem\u00e9nyked\u00e9s id\u0151szaka. Ugyanakkor a kor\u00e1n kel\u00e9shez sz\u00fcks\u00e9g van \u00f6nfegyelemre, az id\u0151beoszt\u00e1sunkat is al\u00e1vetj\u00fck Istennek, a v\u00e1rakoz\u00e1snak. Nemcsak lelki, hanem nagyon testi is lesz \u00edgy a k\u00e9sz\u00fclet\u00fcnk. A 6 \u00f3ra egy\u00e9bk\u00e9nt nem el\u0151\u00edr\u00e1s, van, ahol f\u00e9l 7-kor, van, ahol kor\u00e1bban kezd\u0151dnek a szentmis\u00e9k.<\/p>\n\n\n\n<p><strong>13. K\u00f6telez\u0151 vagy aj\u00e1nlott elmenni a <\/strong><strong>ror\u00e1te<\/strong><strong> mis\u00e9kre?<\/strong><\/p>\n\n\n\n<p>A ror\u00e1te mise t\u00e9rs\u00e9g\u00fcnk sz\u00e9p hagyom\u00e1nya, R\u00f3m\u00e1ban p\u00e9ld\u00e1ul nem is nagyon hallottak r\u00f3la az emberek. Teljesen szabadon d\u00f6nthet\u00fcnk n\u00e9ha egy-egy ror\u00e1te mellett. Nem is teljes\u00edtm\u00e9nyre megy az advent. \u00c9s fontos a felel\u0151ss\u00e9g is: a f\u00f6ldm\u0171ves embernek a december nyugodt, korai lefekv\u00e9ssel telt, telik; a v\u00e1rosi, modern embernek eg\u00e9sz nap ugyan\u00fagy helyt kell \u00e1llnia.<\/p>\n\n\n\n<p><strong>14. Adventi koszor\u00fat m\u00e9g azok is k\u00e9sz\u00edtenek, akik tal\u00e1n nem is <\/strong><strong>vall\u00e1sosak<\/strong><strong>. Ez csak egy szok\u00e1s, vagy van m\u00e1s jelent\u0151s\u00e9ge is?<\/strong><\/p>\n\n\n\n<p>A 19. sz\u00e1zadban egy n\u00e9met evang\u00e9likus lelk\u00e9sz k\u00e9sz\u00edtette az els\u0151 adventi koszor\u00fat, \u00e9s naponta mindig eggyel t\u00f6bb gyerty\u00e1t gy\u00fajtott rajta. Ennek egyszer\u0171s\u00edtett v\u00e1ltozata terjedt el azt\u00e1n: vas\u00e1rnaponk\u00e9nt egy-egy gyerty\u00e1val t\u00f6bbet gy\u00fajtunk. A koszor\u00fa otthonainkba var\u00e1zsolja a v\u00e1rakoz\u00e1st, a meghitts\u00e9get, f\u0151leg, ha a csal\u00e1d este le tud mell\u00e9 \u00fclni egy kis id\u0151re. A templomban persze nagy liturgikus m\u0171gonddal gy\u00fajtogatjuk a gyerty\u00e1kat. Olyan kapocs a koszor\u00fa, amely se nem liturgikus, se nem prof\u00e1n. Paraliturgikus, amely \u00f6sszek\u00f6ti otthonainkat templomainkkal.<\/p>\n\n\n\n<p><strong>15. Sokszor l\u00e1tni alaposan feld\u00edsz\u00edtett koszor\u00fakat. Van jelent\u0151s\u00e9ge annak, hogyan n\u00e9z ki a koszor\u00fa?<\/strong><\/p>\n\n\n\n<p>Sok pl\u00e9b\u00e1ni\u00e1n advent els\u0151 vas\u00e1rnapja el\u0151tti szombaton van k\u00f6z\u00f6s koszor\u00fak\u00e9sz\u00edt\u00e9s. \u00c9n is voltam ilyenen, \u00e9rdekes l\u00e1tni, ahogy mindenki a maga \u00edzl\u00e9se szerint k\u00e9sz\u00edti a koszor\u00fat. Vannak l\u00e9nyegl\u00e1t\u00f3 minimalist\u00e1k \u00e9s szertelen\u00fcl \u00f6rvendez\u0151k. Sz\u00e9p l\u00e1tni a sokf\u00e9les\u00e9get.<\/p>\n\n\n\n<p><strong>16. Mi\u00e9rt n\u00e9gy gyertya van a koszor\u00fan?<\/strong><\/p>\n\n\n\n<p>A n\u00e9gy vas\u00e1rnapot jelzi a n\u00e9gy gyertya. Minden vas\u00e1rnap eggyel t\u00f6bbet gy\u00fajtunk meg: ahogy megy\u00fcnk bele a s\u00f6t\u00e9ts\u00e9gbe, az egyre hosszabb \u00e9jszak\u00e1kba, \u00fagy n\u0151 a f\u00e9ny a koszor\u00fan, v\u00e9g\u00fcl pedig a kar\u00e1csonyfa bor\u00edtja f\u00e9nybe a leghosszabb \u00e9jszak\u00e1t.<\/p>\n\n\n\n<p><strong>17. Azt is hallottam m\u00e1r, hogy a katolikus h\u00edv\u0151 koszor\u00faj\u00e1n h\u00e1rom lila \u00e9s egy r\u00f3zsasz\u00edn gyerty\u00e1nak kell lennie\u2026<\/strong><\/p>\n\n\n\n<p>Igen, a liturgikus sz\u00ednek is megjelenhetnek a gyerty\u00e1kon, a lila \u00e9s r\u00f3zsasz\u00edn miseruh\u00e1kra utalva. De ez nem szab\u00e1ly, \u00e9s nem \u00e9rdemes lesz\u00f3lni azokat, akiknek n\u00e9gy lila vagy ak\u00e1r n\u00e9gy piros gyerty\u00e1juk van.<\/p>\n\n\n\n<p><strong>18. Adventi napt\u00e1rt is sokan haszn\u00e1lnak, m\u00e9g azok is, akik nem <\/strong><strong>vall\u00e1sosak<\/strong><strong>. Van ennek valami jelent\u0151s\u00e9ge?<\/strong><\/p>\n\n\n\n<p>Ennek csak szem\u00e9lyes jelent\u0151s\u00e9ge van, seg\u00e9deszk\u00f6z a k\u00e9sz\u00fcl\u0151d\u00e9shez.<\/p>\n\n\n\n<p><strong>19. Helyes, ha a napt\u00e1rt nyitogat\u00f3 gyerekeket csokol\u00e1d\u00e9val jutalmazzuk?<\/strong><\/p>\n\n\n\n<p>Nem tudom. \u00c9n mindig \u00f6r\u00fcltem neki. \u00c9rdemes tiszt\u00e1zni el\u0151tte, hogy a gyermek nem tett-e \u00e9dess\u00e9gb\u00f6jtre fogadalmat az advent elej\u00e9n, mert akkor nagy kisz\u00far\u00e1s.<\/p>\n\n\n\n<p><strong>20. Az adventi id\u0151szak egyben b\u00f6jt ideje is. Van valamilyen el\u0151\u00edr\u00e1s arra, hogy mik\u00e9nt k\u00e9sz\u00fclj\u00fcnk testileg \u00e9s lelkileg J\u00e9zus Krisztus megsz\u00fclet\u00e9s\u00e9re?<\/strong><\/p>\n\n\n\n<p>Jelenleg nincs b\u00f6jti el\u0151\u00edr\u00e1s, de a visszafogotts\u00e1g, csend, t\u00f6bb ima \u00e9s lelki olvasm\u00e1ny mind aj\u00e1nlott.&nbsp;Fontos azonban, hogy tiszta sz\u00edvvel v\u00e1rakozhassunk: min\u00e9l el\u0151bb \u00e9lj\u00fcnk a b\u0171nbocs\u00e1nat szents\u00e9g\u00e9vel!<\/p>\n\n\n\n<p><strong>21. Mi a m\u00e9rc\u00e9je a lemond\u00e1snak? Csup\u00e1n az \u00e9tkez\u00e9s visszafog\u00e1sa elegend\u0151?<\/strong><\/p>\n\n\n\n<p>B\u00e1rmi lehet, ahol a testem alapvet\u0151 v\u00e1gya, ig\u00e9nye helyett az el\u0151zetes elhat\u00e1roz\u00e1som gy\u0151z. Lehet ez \u00e9tel, ital, sz\u00f3rakoz\u00e1s, id\u0151beoszt\u00e1s, korai kel\u00e9s \u2013 a fontos az erk\u00f6lcsi gy\u0151zelem: nem a farok cs\u00f3v\u00e1lja a kuty\u00e1t.&nbsp;<\/p>\n\n\n\n<p><strong>22. Az irgalmass\u00e1g cselekedeteivel is fel tudunk k\u00e9sz\u00fclni a kar\u00e1csonyra?<\/strong><\/p>\n\n\n\n<p>Igen.<\/p>\n\n\n\n<p><strong>23. Az advent az \u00fajrakezd\u00e9s ideje is. Hogyan tudjuk tart\u00f3sabb\u00e1 tenni az adventben m\u00e9g benn\u00fcnk l\u00e9v\u0151 j\u00f3sz\u00e1nd\u00e9kot?<\/strong><\/p>\n\n\n\n<p>\u00cdrjunk napl\u00f3t! Lelki napl\u00f3t, elhat\u00e1roz\u00e1sokr\u00f3l, v\u00e1gyakr\u00f3l, j\u00f3 \u00f6tletekr\u0151l (a Szentl\u00e9lek adja a j\u00f3 \u00f6tleteket!), megl\u00e1t\u00e1sokr\u00f3l, \u00e9rz\u00e9sekr\u0151l. Ezt olvassuk \u00e1t \u00e9s folytassuk janu\u00e1rban!<\/p>\n\n\n\n<p><strong>24. A csal\u00e1di k\u00f6rbe vagy ink\u00e1bb a pl\u00e9b\u00e1nia k\u00f6r\u00e9be val\u00f3 az adventi k\u00e9sz\u00fcl\u0151d\u00e9s?<\/strong><\/p>\n\n\n\n<p>A kereszt\u00e9nys\u00e9g 24 \u00f3r\u00e1s v\u00e1llalkoz\u00e1s. Minden\u00fctt ugyanazt \u00e9lj\u00fck, az adott k\u00f6z\u00f6ss\u00e9ghez, helyhez, id\u0151h\u00f6z hangolva.<\/p>\n\n\n\n<p><strong>25. Egyszerre v\u00e1rjuk ilyenkor Krisztus sz\u00fclet\u00e9s\u00e9t \u00e9s m\u00e1sodik elj\u00f6vetel\u00e9t. Az egyik ink\u00e1bb \u00f6r\u00f6met, a m\u00e1sik sokakban f\u00e9lelmet v\u00e1lt ki. Hogyan lehet ezt a kett\u0151t \u00f6sszeegyeztetni?<\/strong><\/p>\n\n\n\n<p>A f\u00e9lelem jogos: \u00f6sszed\u0151l a vil\u00e1g. Az \u00f6r\u00f6m m\u00e1r a hit\u00e9: mindez a minket szeretetb\u0151l teremt\u0151 \u00e9s \u00fcdv\u00f6z\u00edteni akar\u00f3 Isten tenyer\u00e9n t\u00f6rt\u00e9nik.<\/p>\n\n\n\n<p><a href=\"https:\/\/www.magyarkurir.hu\/hirek\/advent-kivul-es-belul-harminc-kerdes-es-valasz-segit-keszuletben-2018\"><u>Forr\u00e1s: Magyar Kur\u00edr<\/u><\/a><\/p>\n\n\n\n<p><\/p>\n\n\n\n<hr class=\"wp-block-separator has-alpha-channel-opacity\"\/>\n\n\n\n<p><em>Adventi &#8222;seg\u00e9danyag&#8221;:<\/em><\/p>\n\n\n\n<p><\/p>\n\n\n\n<p>F\u00e1bry Korn\u00e9l atya az adventr\u0151l (Misevlog):<\/p>\n\n\n\n<figure class=\"wp-block-embed is-type-video is-provider-youtube wp-block-embed-youtube wp-embed-aspect-16-9 wp-has-aspect-ratio\"><div class=\"wp-block-embed__wrapper\">\n<iframe loading=\"lazy\" title=\"Mi\u00e9rt h\u00edvjuk a hajnali mis\u00e9t ror\u00e1t\u00e9nak? [Misevlog #advent]\" width=\"640\" height=\"360\" src=\"https:\/\/www.youtube.com\/embed\/fETP8j_VVvg?list=PLC3bFlP3r4w1t71jVouluG3iAcxlQ7S_Y\" frameborder=\"0\" allow=\"accelerometer; autoplay; clipboard-write; encrypted-media; gyroscope; picture-in-picture; web-share\" referrerpolicy=\"strict-origin-when-cross-origin\" allowfullscreen><\/iframe>\n<\/div><\/figure>\n\n\n\n<p><\/p>\n\n\n\n<p><a href=\"https:\/\/open.spotify.com\/show\/4f2oWtBVw0jnTmeDrHh7ey\">Napi elm\u00e9lked\u00e9s (jezsuit\u00e1k napi-\u00fatra-val\u00f3ja)<\/a><\/p>\n\n\n\n<p><a href=\"https:\/\/jezsuita.hu\/ima-otthonra-toltsd-jezsuitaval-szent-ignac-legkedvesebb-negyedorajat-az-exament\/\"><u>Ima otthonra<\/u><u> (<\/u><u>Examen<\/u><u>, szent ign\u00e1ci lelkiismeretvizsg\u00e1lat<\/u><u>)<\/u><\/a><\/p>\n\n\n\n<p><a href=\"https:\/\/jezsuita.hu\/online-nagybojti-lelkigyakorlat-2021-imamodok\/\"><u>Imam\u00f3dok (jezsuita.hu)<\/u><\/a><\/p>\n\n\n\n<p><a href=\"https:\/\/www.youtube.com\/watch?v=zgUNNgpZxTY&amp;list=PLqVEfpT4OT2TerTNxn9vmNNraQV6dfZ8C\"><u>\u00c9letvezet\u00e9s (Papp Mikl\u00f3s atya el\u0151ad\u00e1sai)<\/u><\/a><\/p>\n\n\n\n<p><a href=\"https:\/\/youtu.be\/_UALIHYGG-g\">A b\u0171nb\u00e1nat, mint lehet\u0151s\u00e9g a legjobb \u00e9let\u00fcnkh\u00f6z (Papp Mikl\u00f3s atya katek\u00e9zise)<\/a>:<\/p>\n\n\n\n<figure class=\"wp-block-embed is-type-video is-provider-youtube wp-block-embed-youtube wp-embed-aspect-16-9 wp-has-aspect-ratio\"><div class=\"wp-block-embed__wrapper\">\n<iframe loading=\"lazy\" title=\"A b\u0171nb\u00e1nat mint lehet\u0151s\u00e9g a legjobb \u00e9let\u00fcnkh\u00f6z \u2013 dr. Papp Mikl\u00f3s atya nagyb\u00f6jti katek\u00e9zise\" width=\"640\" height=\"360\" src=\"https:\/\/www.youtube.com\/embed\/_UALIHYGG-g?feature=oembed\" frameborder=\"0\" allow=\"accelerometer; autoplay; clipboard-write; encrypted-media; gyroscope; picture-in-picture; web-share\" referrerpolicy=\"strict-origin-when-cross-origin\" allowfullscreen><\/iframe>\n<\/div><\/figure>\n\n\n\n<p><\/p>\n\n\n\n<p><a href=\"https:\/\/kepmas.hu\/hu\/letezik-karacsony-ajandekvasarlas-nelkul-csaladok-akik-targyi-ajandekok-nelkul-unnepelnek\"><u>L\u00e9tezik kar\u00e1csony aj\u00e1nd\u00e9kv\u00e1s\u00e1rl\u00e1s n\u00e9lk\u00fcl is! \u2013 Csal\u00e1dok, akik t\u00e1rgyi aj\u00e1nd\u00e9kok n\u00e9lk\u00fcl \u00fcnnepelnek | K\u00e9pm\u00e1s (kepmas.hu)<\/u><\/a><\/p>\n\n\n\n<p><a href=\"https:\/\/kepmas.hu\/hu\/mit-tehetunk-a-veszekedesmentes-karacsonyert\"><u>Mit tehet\u00fcnk a veszeked\u00e9smentes kar\u00e1csony\u00e9rt? (kepmas.hu)<\/u><\/a><\/p>\n\n\n\n<p><\/p>\n","protected":false},"excerpt":{"rendered":"<p>\u00d6ssze\u00e1ll\u00edt\u00e1s az adventi id\u0151r\u0151l, k\u00e9rd\u00e9sek \u00e9s v\u00e1laszok, aj\u00e1nlott oldalak adventre A kereszt\u00e9ny- \u00e9s minden emberi k\u00f6z\u00f6ss\u00e9g k\u00f6z\u00f6s tapasztalata, hogy a nagy esem\u00e9nyekre k\u00e9sz\u00fclni kell. \u00cdgy az \u00f3korban az uralkod\u00f3 \u00e9rkez\u00e9s\u00e9t m\u00e1r hetekkel az esem\u00e9ny el\u0151tt h\u00edrmond\u00f3 adta tudtul, hogy a helyiek rendbe tehess\u00e9k az utakat, a h\u00e1zakat. Ilyen esem\u00e9ny az advent is: amikor a Kir\u00e1lyok Kir\u00e1ly\u00e1nak \u00e9rkez\u00e9s\u00e9re eml\u00e9kez\u00fcnk; \u00e9s nemcsak k\u00f6rnyezet\u00fcnket, h\u00e1zainkat, hanem sz\u00edv\u00fcnket \u00e9s emberi kapcsolatainkat is rendbe szeretn\u00e9nk tenni. Annak, hogy a h\u00edv\u0151 ember a Megv\u00e1lt\u00f3 sz\u00fclet\u00e9s\u00e9re eml\u00e9kezik,&#8230;<\/p>\n<p class=\"read-more\"><a class=\"btn btn-default\" href=\"https:\/\/marcali.plebania.hu\/?p=6263\"> Read More<span class=\"screen-reader-text\">  Read More<\/span><\/a><\/p>\n","protected":false},"author":2,"featured_media":0,"comment_status":"closed","ping_status":"open","sticky":false,"template":"","format":"standard","meta":{"footnotes":""},"categories":[8],"tags":[],"class_list":["post-6263","post","type-post","status-publish","format-standard","hentry","category-egyhazi-ev"],"_links":{"self":[{"href":"https:\/\/marcali.plebania.hu\/index.php?rest_route=\/wp\/v2\/posts\/6263","targetHints":{"allow":["GET"]}}],"collection":[{"href":"https:\/\/marcali.plebania.hu\/index.php?rest_route=\/wp\/v2\/posts"}],"about":[{"href":"https:\/\/marcali.plebania.hu\/index.php?rest_route=\/wp\/v2\/types\/post"}],"author":[{"embeddable":true,"href":"https:\/\/marcali.plebania.hu\/index.php?rest_route=\/wp\/v2\/users\/2"}],"replies":[{"embeddable":true,"href":"https:\/\/marcali.plebania.hu\/index.php?rest_route=%2Fwp%2Fv2%2Fcomments&post=6263"}],"version-history":[{"count":5,"href":"https:\/\/marcali.plebania.hu\/index.php?rest_route=\/wp\/v2\/posts\/6263\/revisions"}],"predecessor-version":[{"id":7842,"href":"https:\/\/marcali.plebania.hu\/index.php?rest_route=\/wp\/v2\/posts\/6263\/revisions\/7842"}],"wp:attachment":[{"href":"https:\/\/marcali.plebania.hu\/index.php?rest_route=%2Fwp%2Fv2%2Fmedia&parent=6263"}],"wp:term":[{"taxonomy":"category","embeddable":true,"href":"https:\/\/marcali.plebania.hu\/index.php?rest_route=%2Fwp%2Fv2%2Fcategories&post=6263"},{"taxonomy":"post_tag","embeddable":true,"href":"https:\/\/marcali.plebania.hu\/index.php?rest_route=%2Fwp%2Fv2%2Ftags&post=6263"}],"curies":[{"name":"wp","href":"https:\/\/api.w.org\/{rel}","templated":true}]}}