{"id":6267,"date":"2024-12-02T16:22:24","date_gmt":"2024-12-02T16:22:24","guid":{"rendered":"https:\/\/marcali.plebania.hu\/?p=6267"},"modified":"2024-12-02T16:22:24","modified_gmt":"2024-12-02T16:22:24","slug":"varga-laszlo-kaposvari-megyespuspok-miert-hiszek-kesz-eloadas-sorozat-indult-marcaliban","status":"publish","type":"post","link":"https:\/\/marcali.plebania.hu\/?p=6267","title":{"rendered":"Varga L\u00e1szl\u00f3 kaposv\u00e1ri megy\u00e9sp\u00fcsp\u00f6k: Mi\u00e9rt hiszek? \u2013 K\u00c9SZ el\u0151ad\u00e1s-sorozat indult Marcaliban"},"content":{"rendered":"\n<p>2024. november 28-\u00e1n, cs\u00fct\u00f6rt\u00f6k\u00f6n 17.30 \u00f3rakor Varga L\u00e1szl\u00f3 kaposv\u00e1ri megy\u00e9sp\u00fcsp\u00f6k, Tomanek Ferenc \u00c1ron marcali pl\u00e9b\u00e1nos k\u00f6zrem\u0171k\u00f6d\u00e9s\u00e9vel celebr\u00e1lt \u00fcnnepi szentmis\u00e9t a Gy\u00fcm\u00f6lcsolt\u00f3 Boldogasszony Pl\u00e9b\u00e1niatemplomban.<\/p>\n\n\n\n<figure class=\"wp-block-gallery has-nested-images columns-default is-cropped wp-block-gallery-1 is-layout-flex wp-block-gallery-is-layout-flex\">\n<figure class=\"wp-block-image size-large\"><img loading=\"lazy\" decoding=\"async\" width=\"1024\" height=\"683\" data-id=\"6268\" src=\"https:\/\/marcali.plebania.hu\/wp-content\/uploads\/2024\/12\/01-1024x683.jpg\" alt=\"\" class=\"wp-image-6268\" srcset=\"https:\/\/marcali.plebania.hu\/wp-content\/uploads\/2024\/12\/01-1024x683.jpg 1024w, https:\/\/marcali.plebania.hu\/wp-content\/uploads\/2024\/12\/01-300x200.jpg 300w, https:\/\/marcali.plebania.hu\/wp-content\/uploads\/2024\/12\/01-768x512.jpg 768w, https:\/\/marcali.plebania.hu\/wp-content\/uploads\/2024\/12\/01-1536x1024.jpg 1536w, https:\/\/marcali.plebania.hu\/wp-content\/uploads\/2024\/12\/01-2048x1365.jpg 2048w, https:\/\/marcali.plebania.hu\/wp-content\/uploads\/2024\/12\/01-405x270.jpg 405w\" sizes=\"auto, (max-width: 1024px) 100vw, 1024px\" \/><\/figure>\n\n\n\n<figure class=\"wp-block-image size-large\"><img loading=\"lazy\" decoding=\"async\" width=\"1024\" height=\"683\" data-id=\"6270\" src=\"https:\/\/marcali.plebania.hu\/wp-content\/uploads\/2024\/12\/02-1024x683.jpg\" alt=\"\" class=\"wp-image-6270\" srcset=\"https:\/\/marcali.plebania.hu\/wp-content\/uploads\/2024\/12\/02-1024x683.jpg 1024w, https:\/\/marcali.plebania.hu\/wp-content\/uploads\/2024\/12\/02-300x200.jpg 300w, https:\/\/marcali.plebania.hu\/wp-content\/uploads\/2024\/12\/02-768x512.jpg 768w, https:\/\/marcali.plebania.hu\/wp-content\/uploads\/2024\/12\/02-1536x1024.jpg 1536w, https:\/\/marcali.plebania.hu\/wp-content\/uploads\/2024\/12\/02-2048x1365.jpg 2048w, https:\/\/marcali.plebania.hu\/wp-content\/uploads\/2024\/12\/02-405x270.jpg 405w\" sizes=\"auto, (max-width: 1024px) 100vw, 1024px\" \/><\/figure>\n\n\n\n<figure class=\"wp-block-image size-large\"><img loading=\"lazy\" decoding=\"async\" width=\"1024\" height=\"683\" data-id=\"6271\" src=\"https:\/\/marcali.plebania.hu\/wp-content\/uploads\/2024\/12\/03-1024x683.jpg\" alt=\"\" class=\"wp-image-6271\" srcset=\"https:\/\/marcali.plebania.hu\/wp-content\/uploads\/2024\/12\/03-1024x683.jpg 1024w, https:\/\/marcali.plebania.hu\/wp-content\/uploads\/2024\/12\/03-300x200.jpg 300w, https:\/\/marcali.plebania.hu\/wp-content\/uploads\/2024\/12\/03-768x512.jpg 768w, https:\/\/marcali.plebania.hu\/wp-content\/uploads\/2024\/12\/03-1536x1024.jpg 1536w, https:\/\/marcali.plebania.hu\/wp-content\/uploads\/2024\/12\/03-2048x1365.jpg 2048w, https:\/\/marcali.plebania.hu\/wp-content\/uploads\/2024\/12\/03-405x270.jpg 405w\" sizes=\"auto, (max-width: 1024px) 100vw, 1024px\" \/><\/figure>\n\n\n\n<figure class=\"wp-block-image size-large\"><img loading=\"lazy\" decoding=\"async\" width=\"1024\" height=\"683\" data-id=\"6269\" src=\"https:\/\/marcali.plebania.hu\/wp-content\/uploads\/2024\/12\/04-1024x683.jpg\" alt=\"\" class=\"wp-image-6269\" srcset=\"https:\/\/marcali.plebania.hu\/wp-content\/uploads\/2024\/12\/04-1024x683.jpg 1024w, https:\/\/marcali.plebania.hu\/wp-content\/uploads\/2024\/12\/04-300x200.jpg 300w, https:\/\/marcali.plebania.hu\/wp-content\/uploads\/2024\/12\/04-768x512.jpg 768w, https:\/\/marcali.plebania.hu\/wp-content\/uploads\/2024\/12\/04-1536x1024.jpg 1536w, https:\/\/marcali.plebania.hu\/wp-content\/uploads\/2024\/12\/04-2048x1365.jpg 2048w, https:\/\/marcali.plebania.hu\/wp-content\/uploads\/2024\/12\/04-405x270.jpg 405w\" sizes=\"auto, (max-width: 1024px) 100vw, 1024px\" \/><\/figure>\n<\/figure>\n\n\n\n<p>Az istentiszteletet k\u00f6vet\u0151en a f\u0151p\u00e1sztor, 18.15 \u00f3r\u00e1t\u00f3l \u201eMi\u00e9rt hiszek?\u201d c\u00edmmel pedig tan\u00fas\u00e1gtev\u0151 el\u0151ad\u00e1st tartott az egyh\u00e1zk\u00f6zs\u00e9g k\u00f6z\u00f6ss\u00e9gi h\u00e1z\u00e1ban (X-h\u00e1z, D\u00f3zsa u. 3.). A telt h\u00e1zas rendezv\u00e9ny r\u00e9sztvev\u0151it els\u0151k\u00e9nt Kiss K\u00e1lm\u00e1n, a K\u00c9SZ helyi csoportj\u00e1nak eln\u00f6ke k\u00f6sz\u00f6nt\u00f6tte. Majd pedig Molik Edit nyugd\u00edjas \u00f3vodavezet\u0151 vette \u00e1t a sz\u00f3t, aki elmondta, hogy Kaposv\u00e1ron kor\u00e1bban m\u00e1r sikeresen szervezett hasonl\u00f3 programokat. Innen j\u00f6tt az \u00f6tlet, hogy Marcaliban is el lehetne kezdeni egy \u00faj el\u0151ad\u00e1s-sorozatot, ahol bizonyos id\u0151k\u00f6z\u00f6nk\u00e9nt neves \u00e9s k\u00f6zismert szem\u00e9lyek besz\u00e9ln\u00e9nk a hitr\u0151l, vall\u00e1sr\u00f3l, \u00e9let\u00fckr\u0151l szem\u00e9lyes \u00e9lm\u00e9nyeik alapj\u00e1n. St\u00edlszer\u0171nek mutatkozott, hogy a legels\u0151 alkalomra Varga L\u00e1szl\u00f3 p\u00fcsp\u00f6k\u00f6t h\u00edvjuk meg, aki v\u00e9g\u00fcl \u00f6r\u00f6mmel v\u00e1llalta a felk\u00e9r\u00e9st.<\/p>\n\n\n\n<p>Ezut\u00e1n a p\u00fcsp\u00f6k vett \u00e1t a sz\u00f3t \u00e9s a tan\u00fas\u00e1gt\u00e9telt az \u00e9lete t\u00f6rt\u00e9net\u00e9nek ismertet\u00e9s\u00e9vel kezdte. Feleleven\u00edtette, hogy a kommunizmus id\u0151szak\u00e1ban, mint \u201cklerik\u00e1lis reakci\u00f3st\u201d, hogyan \u00e9s milyen eszk\u00f6z\u00f6kkel pr\u00f3b\u00e1lt\u00e1k elt\u00e9r\u00edteni, g\u00e1tolni eredeti sz\u00e1nd\u00e9k\u00e1t\u00f3l, hogy v\u00e9g\u00fcl pap legyen. Mennyi, de mennyi megal\u00e1ztat\u00e1son, elutas\u00edt\u00e1son ment kereszt\u00fcl, \u00e9s r\u00fagt\u00e1k ki a k\u00fcl\u00f6nf\u00e9le iskol\u00e1kb\u00f3l, puszt\u00e1n az\u00e9rt, mert vall\u00e1sos nevel\u00e9sben r\u00e9szes\u00fclt. H\u00e1tr\u00e1nyt szenvedett az iskol\u00e1iban, mert nem kaphatott j\u00f3 jegyeket, \u00e9s gyakran g\u00fanyolt\u00e1k; de a sorkatonas\u00e1ga idej\u00e9ben szint\u00e9n \u201ck\u00fcl\u00f6n b\u00e1n\u00e1sm\u00f3dban r\u00e9szes\u00fclt\u201d, s\u0151t m\u00e9g az \u00c1llami Egyh\u00e1z\u00fcgyi Hivatal (\u00c1EH) \u201cj\u00f3volt\u00e1b\u00f3l\u201d is, mert sohasem csatlakozott a \u201cb\u00e9kepapi mozgalomhoz\u201d.<\/p>\n\n\n\n<figure class=\"wp-block-gallery has-nested-images columns-default is-cropped wp-block-gallery-2 is-layout-flex wp-block-gallery-is-layout-flex\">\n<figure class=\"wp-block-image size-large\"><img loading=\"lazy\" decoding=\"async\" width=\"1024\" height=\"683\" data-id=\"6272\" src=\"https:\/\/marcali.plebania.hu\/wp-content\/uploads\/2024\/12\/07-1024x683.jpg\" alt=\"\" class=\"wp-image-6272\" srcset=\"https:\/\/marcali.plebania.hu\/wp-content\/uploads\/2024\/12\/07-1024x683.jpg 1024w, https:\/\/marcali.plebania.hu\/wp-content\/uploads\/2024\/12\/07-300x200.jpg 300w, https:\/\/marcali.plebania.hu\/wp-content\/uploads\/2024\/12\/07-768x512.jpg 768w, https:\/\/marcali.plebania.hu\/wp-content\/uploads\/2024\/12\/07-1536x1024.jpg 1536w, https:\/\/marcali.plebania.hu\/wp-content\/uploads\/2024\/12\/07-2048x1365.jpg 2048w, https:\/\/marcali.plebania.hu\/wp-content\/uploads\/2024\/12\/07-405x270.jpg 405w\" sizes=\"auto, (max-width: 1024px) 100vw, 1024px\" \/><\/figure>\n\n\n\n<figure class=\"wp-block-image size-large\"><img loading=\"lazy\" decoding=\"async\" width=\"1024\" height=\"683\" data-id=\"6274\" src=\"https:\/\/marcali.plebania.hu\/wp-content\/uploads\/2024\/12\/08-1024x683.jpg\" alt=\"\" class=\"wp-image-6274\" srcset=\"https:\/\/marcali.plebania.hu\/wp-content\/uploads\/2024\/12\/08-1024x683.jpg 1024w, https:\/\/marcali.plebania.hu\/wp-content\/uploads\/2024\/12\/08-300x200.jpg 300w, https:\/\/marcali.plebania.hu\/wp-content\/uploads\/2024\/12\/08-768x512.jpg 768w, https:\/\/marcali.plebania.hu\/wp-content\/uploads\/2024\/12\/08-1536x1024.jpg 1536w, https:\/\/marcali.plebania.hu\/wp-content\/uploads\/2024\/12\/08-2048x1365.jpg 2048w, https:\/\/marcali.plebania.hu\/wp-content\/uploads\/2024\/12\/08-405x270.jpg 405w\" sizes=\"auto, (max-width: 1024px) 100vw, 1024px\" \/><\/figure>\n\n\n\n<figure class=\"wp-block-image size-large\"><img loading=\"lazy\" decoding=\"async\" width=\"1024\" height=\"683\" data-id=\"6273\" src=\"https:\/\/marcali.plebania.hu\/wp-content\/uploads\/2024\/12\/09-1024x683.jpg\" alt=\"\" class=\"wp-image-6273\" srcset=\"https:\/\/marcali.plebania.hu\/wp-content\/uploads\/2024\/12\/09-1024x683.jpg 1024w, https:\/\/marcali.plebania.hu\/wp-content\/uploads\/2024\/12\/09-300x200.jpg 300w, https:\/\/marcali.plebania.hu\/wp-content\/uploads\/2024\/12\/09-768x512.jpg 768w, https:\/\/marcali.plebania.hu\/wp-content\/uploads\/2024\/12\/09-1536x1024.jpg 1536w, https:\/\/marcali.plebania.hu\/wp-content\/uploads\/2024\/12\/09-2048x1365.jpg 2048w, https:\/\/marcali.plebania.hu\/wp-content\/uploads\/2024\/12\/09-405x270.jpg 405w\" sizes=\"auto, (max-width: 1024px) 100vw, 1024px\" \/><\/figure>\n\n\n\n<figure class=\"wp-block-image size-large\"><img loading=\"lazy\" decoding=\"async\" width=\"1024\" height=\"683\" data-id=\"6275\" src=\"https:\/\/marcali.plebania.hu\/wp-content\/uploads\/2024\/12\/10-1024x683.jpg\" alt=\"\" class=\"wp-image-6275\" srcset=\"https:\/\/marcali.plebania.hu\/wp-content\/uploads\/2024\/12\/10-1024x683.jpg 1024w, https:\/\/marcali.plebania.hu\/wp-content\/uploads\/2024\/12\/10-300x200.jpg 300w, https:\/\/marcali.plebania.hu\/wp-content\/uploads\/2024\/12\/10-768x512.jpg 768w, https:\/\/marcali.plebania.hu\/wp-content\/uploads\/2024\/12\/10-1536x1024.jpg 1536w, https:\/\/marcali.plebania.hu\/wp-content\/uploads\/2024\/12\/10-2048x1365.jpg 2048w, https:\/\/marcali.plebania.hu\/wp-content\/uploads\/2024\/12\/10-405x270.jpg 405w\" sizes=\"auto, (max-width: 1024px) 100vw, 1024px\" \/><\/figure>\n<\/figure>\n\n\n\n<p>Kiemelte, hogy a hitb\u00e9li \u00e1llhatatoss\u00e1g\u00e1t a csal\u00e1dj\u00e1b\u00f3l hozta. Az \u00e9desapja felt\u00e9tel n\u00e9lk\u00fcl b\u00edzott Istenben, s \u00edratta be iskol\u00e1s fi\u00e1t hittanra, azokban a neh\u00e9z id\u0151kben, amikor \u201enem igen volt ildomos\u201d. V\u00e9g\u00fcl a J\u00f3istenbe vetett bizalom k\u00f6vetkezt\u00e9ben azt\u00e1n m\u00e9gis felvett\u00e9k a gy\u0151ri benc\u00e9sekhez, de m\u00e9g ezek ut\u00e1n is el\u00e9g \u201ekalandos \u00fat\u201d vezetett a paps\u00e1ghoz. Mint fogalmazott Laci atya: Isten mindig k\u00fcld\u00f6tt jeleket, embereket, csak fel kellett ismerni \u0151ket, akik azt\u00e1n \u00e1tseg\u00edtett\u00e9k \u0151t az \u00e1tmeneti neh\u00e9zs\u00e9geken. Mindig a Gondvisel\u0151 Istenre b\u00edzta mag\u00e1t, hagyta, hogy a Szentl\u00e9lek munk\u00e1lkodjon benne. Az el\u0151ad\u00e1s\u00e1ban kihangs\u00falyozta, hogy megtanulta, hogyan hallgassa a csendet, mert ha az ember k\u00e9pes csendben lenni, akkor oda tud figyelni Istenre. Ezek azok, melyek ma is meghat\u00e1rozz\u00e1k megy\u00e9sp\u00fcsp\u00f6ki m\u0171k\u00f6d\u00e9s\u00e9t: az Istenbe vetett felt\u00e9tlen bizalom \u00e9s a csend.<\/p>\n\n\n\n<p>A rendezv\u00e9ny v\u00e9g\u00e9n Molik Edit ismertette a hallgat\u00f3s\u00e1ggal, hogy a k\u00f6vetkez\u0151 tan\u00fas\u00e1gt\u00e9teli alkalom december 19-\u00e9n lesz Marcaliban, amikor is Fekete Csaba diak\u00f3nus \u00e9s Feket\u00e9n\u00e9 Szab\u00f3 M\u00e1rta, a Kaposv\u00e1ri Egyh\u00e1zmegyei Karit\u00e1sz igazgat\u00f3ja lesznek a K\u00c9SZ vend\u00e9gei. A csoport eln\u00f6k z\u00e1r\u00e1sk\u00e9nt egy kis aj\u00e1nd\u00e9k k\u00eds\u00e9ret\u00e9ben megk\u00f6sz\u00f6nte Varga p\u00fcsp\u00f6k \u00far el\u0151ad\u00e1s\u00e1t, \u00e9s k\u00e9rte f\u0151papi \u00e1ld\u00e1s\u00e1t a jelenl\u00e9v\u0151kre.<\/p>\n\n\n\n<figure class=\"wp-block-gallery has-nested-images columns-default is-cropped wp-block-gallery-3 is-layout-flex wp-block-gallery-is-layout-flex\">\n<figure class=\"wp-block-image size-large\"><img loading=\"lazy\" decoding=\"async\" width=\"1024\" height=\"683\" data-id=\"6276\" src=\"https:\/\/marcali.plebania.hu\/wp-content\/uploads\/2024\/12\/13-1024x683.jpg\" alt=\"\" class=\"wp-image-6276\" srcset=\"https:\/\/marcali.plebania.hu\/wp-content\/uploads\/2024\/12\/13-1024x683.jpg 1024w, https:\/\/marcali.plebania.hu\/wp-content\/uploads\/2024\/12\/13-300x200.jpg 300w, https:\/\/marcali.plebania.hu\/wp-content\/uploads\/2024\/12\/13-768x512.jpg 768w, https:\/\/marcali.plebania.hu\/wp-content\/uploads\/2024\/12\/13-1536x1024.jpg 1536w, https:\/\/marcali.plebania.hu\/wp-content\/uploads\/2024\/12\/13-2048x1365.jpg 2048w, https:\/\/marcali.plebania.hu\/wp-content\/uploads\/2024\/12\/13-405x270.jpg 405w\" sizes=\"auto, (max-width: 1024px) 100vw, 1024px\" \/><\/figure>\n\n\n\n<figure class=\"wp-block-image size-large\"><img loading=\"lazy\" decoding=\"async\" width=\"1024\" height=\"683\" data-id=\"6279\" src=\"https:\/\/marcali.plebania.hu\/wp-content\/uploads\/2024\/12\/14-1024x683.jpg\" alt=\"\" class=\"wp-image-6279\" srcset=\"https:\/\/marcali.plebania.hu\/wp-content\/uploads\/2024\/12\/14-1024x683.jpg 1024w, https:\/\/marcali.plebania.hu\/wp-content\/uploads\/2024\/12\/14-300x200.jpg 300w, https:\/\/marcali.plebania.hu\/wp-content\/uploads\/2024\/12\/14-768x512.jpg 768w, https:\/\/marcali.plebania.hu\/wp-content\/uploads\/2024\/12\/14-1536x1024.jpg 1536w, https:\/\/marcali.plebania.hu\/wp-content\/uploads\/2024\/12\/14-2048x1365.jpg 2048w, https:\/\/marcali.plebania.hu\/wp-content\/uploads\/2024\/12\/14-405x270.jpg 405w\" sizes=\"auto, (max-width: 1024px) 100vw, 1024px\" \/><\/figure>\n\n\n\n<figure class=\"wp-block-image size-large\"><img loading=\"lazy\" decoding=\"async\" width=\"1024\" height=\"683\" data-id=\"6278\" src=\"https:\/\/marcali.plebania.hu\/wp-content\/uploads\/2024\/12\/15-1024x683.jpg\" alt=\"\" class=\"wp-image-6278\" srcset=\"https:\/\/marcali.plebania.hu\/wp-content\/uploads\/2024\/12\/15-1024x683.jpg 1024w, https:\/\/marcali.plebania.hu\/wp-content\/uploads\/2024\/12\/15-300x200.jpg 300w, https:\/\/marcali.plebania.hu\/wp-content\/uploads\/2024\/12\/15-768x512.jpg 768w, https:\/\/marcali.plebania.hu\/wp-content\/uploads\/2024\/12\/15-1536x1024.jpg 1536w, https:\/\/marcali.plebania.hu\/wp-content\/uploads\/2024\/12\/15-2048x1365.jpg 2048w, https:\/\/marcali.plebania.hu\/wp-content\/uploads\/2024\/12\/15-405x270.jpg 405w\" sizes=\"auto, (max-width: 1024px) 100vw, 1024px\" \/><\/figure>\n\n\n\n<figure class=\"wp-block-image size-large\"><img loading=\"lazy\" decoding=\"async\" width=\"1024\" height=\"683\" data-id=\"6277\" src=\"https:\/\/marcali.plebania.hu\/wp-content\/uploads\/2024\/12\/16-1024x683.jpg\" alt=\"\" class=\"wp-image-6277\" srcset=\"https:\/\/marcali.plebania.hu\/wp-content\/uploads\/2024\/12\/16-1024x683.jpg 1024w, https:\/\/marcali.plebania.hu\/wp-content\/uploads\/2024\/12\/16-300x200.jpg 300w, https:\/\/marcali.plebania.hu\/wp-content\/uploads\/2024\/12\/16-768x512.jpg 768w, https:\/\/marcali.plebania.hu\/wp-content\/uploads\/2024\/12\/16-1536x1024.jpg 1536w, https:\/\/marcali.plebania.hu\/wp-content\/uploads\/2024\/12\/16-2048x1365.jpg 2048w, https:\/\/marcali.plebania.hu\/wp-content\/uploads\/2024\/12\/16-405x270.jpg 405w\" sizes=\"auto, (max-width: 1024px) 100vw, 1024px\" \/><\/figure>\n<\/figure>\n\n\n\n<p>A nagy siker\u0171 estet Molik Edit nyugd\u00edjas kaposv\u00e1ri \u00f3vodavezet\u0151, Tomanek Ferenc \u00c1ron pl\u00e9b\u00e1nos, illet\u0151leg a Marcali R\u00f3mai Katolikus Pl\u00e9b\u00e1nia \u00e9s a K\u00c9SZ Marcali Csoportja k\u00f6z\u00f6sen szervezte, melyen nemcsak a h\u00edvek, hanem t\u00f6bb helyi civil szervezet vezet\u0151je \u00e9s tagja k\u00e9pviseltette mag\u00e1t.<\/p>\n\n\n\n<p>\u00cdrta: K\u00c9SZ Marcali Csoport\/Kiss K\u00e1lm\u00e1n<\/p>\n\n\n\n<p>Fot\u00f3k: Szaka Zsolt, Kiss K\u00e1lm\u00e1n<\/p>\n","protected":false},"excerpt":{"rendered":"<p>2024. november 28-\u00e1n, cs\u00fct\u00f6rt\u00f6k\u00f6n 17.30 \u00f3rakor Varga L\u00e1szl\u00f3 kaposv\u00e1ri megy\u00e9sp\u00fcsp\u00f6k, Tomanek Ferenc \u00c1ron marcali pl\u00e9b\u00e1nos k\u00f6zrem\u0171k\u00f6d\u00e9s\u00e9vel celebr\u00e1lt \u00fcnnepi szentmis\u00e9t a Gy\u00fcm\u00f6lcsolt\u00f3 Boldogasszony Pl\u00e9b\u00e1niatemplomban. Az istentiszteletet k\u00f6vet\u0151en a f\u0151p\u00e1sztor, 18.15 \u00f3r\u00e1t\u00f3l \u201eMi\u00e9rt hiszek?\u201d c\u00edmmel pedig tan\u00fas\u00e1gtev\u0151 el\u0151ad\u00e1st tartott az egyh\u00e1zk\u00f6zs\u00e9g k\u00f6z\u00f6ss\u00e9gi h\u00e1z\u00e1ban (X-h\u00e1z, D\u00f3zsa u. 3.). A telt h\u00e1zas rendezv\u00e9ny r\u00e9sztvev\u0151it els\u0151k\u00e9nt Kiss K\u00e1lm\u00e1n, a K\u00c9SZ helyi csoportj\u00e1nak eln\u00f6ke k\u00f6sz\u00f6nt\u00f6tte. Majd pedig Molik Edit nyugd\u00edjas \u00f3vodavezet\u0151 vette \u00e1t a sz\u00f3t, aki elmondta, hogy Kaposv\u00e1ron kor\u00e1bban m\u00e1r sikeresen szervezett hasonl\u00f3 programokat. Innen&#8230;<\/p>\n<p class=\"read-more\"><a class=\"btn btn-default\" href=\"https:\/\/marcali.plebania.hu\/?p=6267\"> Read More<span class=\"screen-reader-text\">  Read More<\/span><\/a><\/p>\n","protected":false},"author":2,"featured_media":0,"comment_status":"closed","ping_status":"open","sticky":false,"template":"","format":"standard","meta":{"footnotes":""},"categories":[1],"tags":[],"class_list":["post-6267","post","type-post","status-publish","format-standard","hentry","category-egyeb"],"_links":{"self":[{"href":"https:\/\/marcali.plebania.hu\/index.php?rest_route=\/wp\/v2\/posts\/6267","targetHints":{"allow":["GET"]}}],"collection":[{"href":"https:\/\/marcali.plebania.hu\/index.php?rest_route=\/wp\/v2\/posts"}],"about":[{"href":"https:\/\/marcali.plebania.hu\/index.php?rest_route=\/wp\/v2\/types\/post"}],"author":[{"embeddable":true,"href":"https:\/\/marcali.plebania.hu\/index.php?rest_route=\/wp\/v2\/users\/2"}],"replies":[{"embeddable":true,"href":"https:\/\/marcali.plebania.hu\/index.php?rest_route=%2Fwp%2Fv2%2Fcomments&post=6267"}],"version-history":[{"count":1,"href":"https:\/\/marcali.plebania.hu\/index.php?rest_route=\/wp\/v2\/posts\/6267\/revisions"}],"predecessor-version":[{"id":6280,"href":"https:\/\/marcali.plebania.hu\/index.php?rest_route=\/wp\/v2\/posts\/6267\/revisions\/6280"}],"wp:attachment":[{"href":"https:\/\/marcali.plebania.hu\/index.php?rest_route=%2Fwp%2Fv2%2Fmedia&parent=6267"}],"wp:term":[{"taxonomy":"category","embeddable":true,"href":"https:\/\/marcali.plebania.hu\/index.php?rest_route=%2Fwp%2Fv2%2Fcategories&post=6267"},{"taxonomy":"post_tag","embeddable":true,"href":"https:\/\/marcali.plebania.hu\/index.php?rest_route=%2Fwp%2Fv2%2Ftags&post=6267"}],"curies":[{"name":"wp","href":"https:\/\/api.w.org\/{rel}","templated":true}]}}