{"id":627,"date":"2019-02-15T08:27:58","date_gmt":"2019-02-15T08:27:58","guid":{"rendered":"https:\/\/marcali.plebania.hu\/?p=627"},"modified":"2019-02-15T08:27:58","modified_gmt":"2019-02-15T08:27:58","slug":"forgo-ferenc-a-100-evvel-ezelott-elcsatolt-erdely-tortenetet-ismertette-az-x-hazban","status":"publish","type":"post","link":"https:\/\/marcali.plebania.hu\/?p=627","title":{"rendered":"Forg\u00f3 Ferenc a 100 \u00e9vvel ezel\u0151tt elcsatolt Erd\u00e9ly t\u00f6rt\u00e9net\u00e9t ismertette az X-h\u00e1zban"},"content":{"rendered":"\n<p>2019. febru\u00e1r 12-\u00e9n, kedden 17.30 \u00f3r\u00e1t\u00f3l a Marcali Pl\u00e9b\u00e1nia \u00e9s a Kereszt\u00e9ny \u00c9rtelmis\u00e9giek Sz\u00f6vets\u00e9ge Marcali Csoportja megh\u00edv\u00e1s\u00e1ra Forg\u00f3 Ferenc vet\u00edtett-k\u00e9pes el\u0151ad\u00e1s keret\u00e9ben ismertette a 100 \u00e9vvel ezel\u0151tt elcsatolt Erd\u00e9ly t\u00f6rt\u00e9net\u00e9t az X-h\u00e1zban.<\/p>\n\n\n\n<figure class=\"wp-block-image\"><img loading=\"lazy\" decoding=\"async\" width=\"1024\" height=\"683\" src=\"https:\/\/marcali.plebania.hu\/wp-content\/uploads\/2019\/02\/01-1024x683.jpg\" alt=\"\" class=\"wp-image-628\" srcset=\"https:\/\/marcali.plebania.hu\/wp-content\/uploads\/2019\/02\/01-1024x683.jpg 1024w, https:\/\/marcali.plebania.hu\/wp-content\/uploads\/2019\/02\/01-300x200.jpg 300w, https:\/\/marcali.plebania.hu\/wp-content\/uploads\/2019\/02\/01-768x512.jpg 768w, https:\/\/marcali.plebania.hu\/wp-content\/uploads\/2019\/02\/01-405x270.jpg 405w\" sizes=\"auto, (max-width: 1024px) 100vw, 1024px\" \/><\/figure>\n\n\n\n<p>A megjelenteket Kiss K\u00e1lm\u00e1n titk\u00e1r k\u00f6sz\u00f6nt\u00f6tte, majd Forg\u00f3 Ferenc vette \u00e1t sz\u00f3t, akit a k\u00f6z\u00f6ns\u00e9g m\u00e1r j\u00f3l ismer eddigi tev\u00e9kenys\u00e9ge kapcs\u00e1n. Az el\u0151ad\u00f3 k\u00fcl\u00f6nb\u00f6z\u0151 k\u00fclf\u00f6ldi t\u00e9rk\u00e9pek alapj\u00e1n felid\u00e9zte a rom\u00e1n eredett\u00f6rt\u00e9netet \u00e9s a val\u00f3s t\u00e9nyeket. Ismertette a ter\u00fcleti v\u00e1ltoz\u00e1sokat \u00e9s r\u00f6viden kit\u00e9rt az \u00f6n\u00e1ll\u00f3 \u00e1llam megalakul\u00e1s\u00e1ra, a politikai t\u00f6rekv\u00e9sekre, Erd\u00e9ly etnikai v\u00e1ltoz\u00e1saira. Rom\u00e1nia eredetileg az Osztr\u00e1k-Magyar Monarchia \u00e9s N\u00e9metorsz\u00e1g sz\u00f6vets\u00e9gese volt m\u00e9gis az els\u0151 vil\u00e1gh\u00e1bor\u00fa alatt az antant oldal\u00e1ra \u00e1llt. A k\u00f6zponti hatalmak azonban r\u00f6vid id\u0151n bel\u00fcl t\u00e9rdre k\u00e9nyszer\u00edtett\u00e9k \u00e9s k\u00fcl\u00f6nb\u00e9k\u00e9re k\u00e9nyszer\u00edtett\u00e9k. Egy nappal az \u00e1ltal\u00e1nos fegyversz\u00fcnet el\u0151tt a Rom\u00e1n Kir\u00e1lys\u00e1g v\u00e9g\u00fcl ism\u00e9t bel\u00e9pett a vil\u00e1gh\u00e1bor\u00faba, ezzel bebiztos\u00edtotta mag\u00e1t a gy\u0151ztesek oldal\u00e1n, \u00e9s a nemzetk\u00f6zi politikai sz\u00ednt\u00e9ren is az \u00e9rdekeik nagy r\u00e9sz\u00e9t siker\u00fclt \u00e9rv\u00e9nyes\u00edteni\u00fck. 1918. december 1-j\u00e9n tartott\u00e1k meg a magyarorsz\u00e1gi rom\u00e1nok a gyulafeh\u00e9rv\u00e1ri nemzetgy\u0171l\u00e9st, ahol a megjelent 1228 k\u00fcld\u00f6tt kinyilv\u00e1n\u00edtotta azon sz\u00e1nd\u00e9k\u00e1t, hogy Erd\u00e9ly, a K\u00f6r\u00f6s\u00f6k vid\u00e9ke, B\u00e1n\u00e1t \u00e9s M\u00e1ramaros \u2013 \u00f6sszesen teh\u00e1t 26 t\u00f6rt\u00e9nelmi v\u00e1rmegye \u2013 csatlakozzon a Rom\u00e1n Kir\u00e1lys\u00e1ghoz. B\u00e1r a rom\u00e1nok d\u00f6nt\u00e9se k\u00e9s\u0151bb \u201ehivatalosan\u201d megfelelt a wilsoni elveknek, a val\u00f3s\u00e1gban az elszakad\u00e1s egyoldal\u00fa hat\u00e1rozat eredm\u00e9nye volt, mely az erd\u00e9lyi magyars\u00e1got teljesen megfosztotta az \u00f6nrendelkez\u00e9s jog\u00e1t\u00f3l. Majd Trianonban olyan hat\u00e1rvonalat h\u00faztak, amely t\u00f6bb mint 1,5 milli\u00f3 magyar honfit\u00e1rsunkat k\u00e9nyszer\u00edtett idegen uralom al\u00e1. Sajnos a rom\u00e1n politika ir\u00e1nyvonala az\u00f3ta sem sokat v\u00e1ltozott ebben a k\u00e9rd\u00e9sben.<\/p>\n\n\n\n<figure class=\"wp-block-image\"><img loading=\"lazy\" decoding=\"async\" width=\"1024\" height=\"683\" src=\"https:\/\/marcali.plebania.hu\/wp-content\/uploads\/2019\/02\/06-1-1024x683.jpg\" alt=\"\" class=\"wp-image-629\" srcset=\"https:\/\/marcali.plebania.hu\/wp-content\/uploads\/2019\/02\/06-1-1024x683.jpg 1024w, https:\/\/marcali.plebania.hu\/wp-content\/uploads\/2019\/02\/06-1-300x200.jpg 300w, https:\/\/marcali.plebania.hu\/wp-content\/uploads\/2019\/02\/06-1-768x512.jpg 768w, https:\/\/marcali.plebania.hu\/wp-content\/uploads\/2019\/02\/06-1-405x270.jpg 405w\" sizes=\"auto, (max-width: 1024px) 100vw, 1024px\" \/><\/figure>\n\n\n\n<p>Az el\u0151ad\u00e1s v\u00e9g\u00e9n Forg\u00f3 Ferenc p\u00e1rhuzamba \u00e1ll\u00edtotta a t\u00f6r\u00f6k\u00f6k, illet\u0151leg Mustafa Kemal Atat\u00fcrk hat\u00e1rozott fell\u00e9p\u00e9s\u00e9t, akiknek siker\u00fclt p\u00e9ld\u00e1ul katonai er\u0151vel (egy f\u00fcggetlens\u00e9gi h\u00e1bor\u00faval) a r\u00e1juk k\u00e9nyszer\u00edtett igazs\u00e1gtalan S\u00e8vres-i b\u00e9keszerz\u0151d\u00e9st \u00e9rv\u00e9nytelen\u00edteni\u00fck. Ellenben haz\u00e1nkban sajnos nem volt olyan politikus, K\u00e1rolyi Mih\u00e1lyon, Kun B\u00e9l\u00e1n \u00e1t eg\u00e9szen Horthy Mikl\u00f3sig, aki a m\u00e9lt\u00e1nytalan ter\u00fcleti csonk\u00edt\u00e1soknak g\u00e1tat szabhatott volna k\u00f6zvetlen\u00fcl az els\u0151 vil\u00e1gh\u00e1bor\u00fa ut\u00e1n. Pedig a lehet\u0151s\u00e9g itt is adott lett volna, ha nem oszlatj\u00e1k fel 1918 v\u00e9g\u00e9n a magyar hadsereget\u2026<\/p>\n\n\n\n<figure class=\"wp-block-image\"><img loading=\"lazy\" decoding=\"async\" width=\"1024\" height=\"683\" src=\"https:\/\/marcali.plebania.hu\/wp-content\/uploads\/2019\/02\/22-1024x683.jpg\" alt=\"\" class=\"wp-image-630\" srcset=\"https:\/\/marcali.plebania.hu\/wp-content\/uploads\/2019\/02\/22-1024x683.jpg 1024w, https:\/\/marcali.plebania.hu\/wp-content\/uploads\/2019\/02\/22-300x200.jpg 300w, https:\/\/marcali.plebania.hu\/wp-content\/uploads\/2019\/02\/22-768x512.jpg 768w, https:\/\/marcali.plebania.hu\/wp-content\/uploads\/2019\/02\/22-405x270.jpg 405w\" sizes=\"auto, (max-width: 1024px) 100vw, 1024px\" \/><\/figure>\n","protected":false},"excerpt":{"rendered":"<p>2019. febru\u00e1r 12-\u00e9n, kedden 17.30 \u00f3r\u00e1t\u00f3l a Marcali Pl\u00e9b\u00e1nia \u00e9s a Kereszt\u00e9ny \u00c9rtelmis\u00e9giek Sz\u00f6vets\u00e9ge Marcali Csoportja megh\u00edv\u00e1s\u00e1ra Forg\u00f3 Ferenc vet\u00edtett-k\u00e9pes el\u0151ad\u00e1s keret\u00e9ben ismertette a 100 \u00e9vvel ezel\u0151tt elcsatolt Erd\u00e9ly t\u00f6rt\u00e9net\u00e9t az X-h\u00e1zban. A megjelenteket Kiss K\u00e1lm\u00e1n titk\u00e1r k\u00f6sz\u00f6nt\u00f6tte, majd Forg\u00f3 Ferenc vette \u00e1t sz\u00f3t, akit a k\u00f6z\u00f6ns\u00e9g m\u00e1r j\u00f3l ismer eddigi tev\u00e9kenys\u00e9ge kapcs\u00e1n. Az el\u0151ad\u00f3 k\u00fcl\u00f6nb\u00f6z\u0151 k\u00fclf\u00f6ldi t\u00e9rk\u00e9pek alapj\u00e1n felid\u00e9zte a rom\u00e1n eredett\u00f6rt\u00e9netet \u00e9s a val\u00f3s t\u00e9nyeket. Ismertette a ter\u00fcleti v\u00e1ltoz\u00e1sokat \u00e9s r\u00f6viden kit\u00e9rt az \u00f6n\u00e1ll\u00f3 \u00e1llam megalakul\u00e1s\u00e1ra, a politikai&#8230;<\/p>\n<p class=\"read-more\"><a class=\"btn btn-default\" href=\"https:\/\/marcali.plebania.hu\/?p=627\"> Read More<span class=\"screen-reader-text\">  Read More<\/span><\/a><\/p>\n","protected":false},"author":2,"featured_media":0,"comment_status":"closed","ping_status":"open","sticky":false,"template":"","format":"standard","meta":{"footnotes":""},"categories":[1],"tags":[],"class_list":["post-627","post","type-post","status-publish","format-standard","hentry","category-egyeb"],"_links":{"self":[{"href":"https:\/\/marcali.plebania.hu\/index.php?rest_route=\/wp\/v2\/posts\/627","targetHints":{"allow":["GET"]}}],"collection":[{"href":"https:\/\/marcali.plebania.hu\/index.php?rest_route=\/wp\/v2\/posts"}],"about":[{"href":"https:\/\/marcali.plebania.hu\/index.php?rest_route=\/wp\/v2\/types\/post"}],"author":[{"embeddable":true,"href":"https:\/\/marcali.plebania.hu\/index.php?rest_route=\/wp\/v2\/users\/2"}],"replies":[{"embeddable":true,"href":"https:\/\/marcali.plebania.hu\/index.php?rest_route=%2Fwp%2Fv2%2Fcomments&post=627"}],"version-history":[{"count":1,"href":"https:\/\/marcali.plebania.hu\/index.php?rest_route=\/wp\/v2\/posts\/627\/revisions"}],"predecessor-version":[{"id":631,"href":"https:\/\/marcali.plebania.hu\/index.php?rest_route=\/wp\/v2\/posts\/627\/revisions\/631"}],"wp:attachment":[{"href":"https:\/\/marcali.plebania.hu\/index.php?rest_route=%2Fwp%2Fv2%2Fmedia&parent=627"}],"wp:term":[{"taxonomy":"category","embeddable":true,"href":"https:\/\/marcali.plebania.hu\/index.php?rest_route=%2Fwp%2Fv2%2Fcategories&post=627"},{"taxonomy":"post_tag","embeddable":true,"href":"https:\/\/marcali.plebania.hu\/index.php?rest_route=%2Fwp%2Fv2%2Ftags&post=627"}],"curies":[{"name":"wp","href":"https:\/\/api.w.org\/{rel}","templated":true}]}}