{"id":6281,"date":"2024-12-02T16:26:29","date_gmt":"2024-12-02T16:26:29","guid":{"rendered":"https:\/\/marcali.plebania.hu\/?p=6281"},"modified":"2024-12-02T16:26:29","modified_gmt":"2024-12-02T16:26:29","slug":"mar-kesz-van-a-kulteri-adventi-koszoru-a-plebaniatemplom-elott","status":"publish","type":"post","link":"https:\/\/marcali.plebania.hu\/?p=6281","title":{"rendered":"M\u00e1r k\u00e9sz van a k\u00fclt\u00e9ri \u00e1dventi koszor\u00fa a pl\u00e9b\u00e1niatemplom el\u0151tt"},"content":{"rendered":"\n<p>2024. november 30-\u00e1n, szombaton, d\u00e9lel\u0151tt 9 \u00f3r\u00e1t\u00f3l kezd\u0151d\u00f6tt \u2013 a kor\u00e1bbi \u00e9vek hagyom\u00e1nyait k\u00f6vetve \u2013 a k\u00fclt\u00e9ri \u00e1dventi koszor\u00fa \u00f6ssze\u00e1ll\u00edt\u00e1sa \u00e9s feld\u00edsz\u00edt\u00e9se a Boldog II. J\u00e1nos P\u00e1l p\u00e1pa t\u00e9ren, a Gy\u00fcm\u00f6lcsolt\u00f3 Boldogasszony Pl\u00e9b\u00e1niatemplom el\u0151tti kereszt mellett.<\/p>\n\n\n\n<figure class=\"wp-block-gallery has-nested-images columns-default is-cropped wp-block-gallery-1 is-layout-flex wp-block-gallery-is-layout-flex\">\n<figure class=\"wp-block-image size-large\"><img loading=\"lazy\" decoding=\"async\" width=\"1024\" height=\"683\" data-id=\"6284\" src=\"https:\/\/marcali.plebania.hu\/wp-content\/uploads\/2024\/12\/02-1-1024x683.jpg\" alt=\"\" class=\"wp-image-6284\" srcset=\"https:\/\/marcali.plebania.hu\/wp-content\/uploads\/2024\/12\/02-1-1024x683.jpg 1024w, https:\/\/marcali.plebania.hu\/wp-content\/uploads\/2024\/12\/02-1-300x200.jpg 300w, https:\/\/marcali.plebania.hu\/wp-content\/uploads\/2024\/12\/02-1-768x512.jpg 768w, https:\/\/marcali.plebania.hu\/wp-content\/uploads\/2024\/12\/02-1-1536x1024.jpg 1536w, https:\/\/marcali.plebania.hu\/wp-content\/uploads\/2024\/12\/02-1-2048x1365.jpg 2048w, https:\/\/marcali.plebania.hu\/wp-content\/uploads\/2024\/12\/02-1-405x270.jpg 405w\" sizes=\"auto, (max-width: 1024px) 100vw, 1024px\" \/><\/figure>\n\n\n\n<figure class=\"wp-block-image size-large\"><img loading=\"lazy\" decoding=\"async\" width=\"1024\" height=\"683\" data-id=\"6283\" src=\"https:\/\/marcali.plebania.hu\/wp-content\/uploads\/2024\/12\/03-1-1024x683.jpg\" alt=\"\" class=\"wp-image-6283\" srcset=\"https:\/\/marcali.plebania.hu\/wp-content\/uploads\/2024\/12\/03-1-1024x683.jpg 1024w, https:\/\/marcali.plebania.hu\/wp-content\/uploads\/2024\/12\/03-1-300x200.jpg 300w, https:\/\/marcali.plebania.hu\/wp-content\/uploads\/2024\/12\/03-1-768x512.jpg 768w, https:\/\/marcali.plebania.hu\/wp-content\/uploads\/2024\/12\/03-1-1536x1024.jpg 1536w, https:\/\/marcali.plebania.hu\/wp-content\/uploads\/2024\/12\/03-1-2048x1365.jpg 2048w, https:\/\/marcali.plebania.hu\/wp-content\/uploads\/2024\/12\/03-1-405x270.jpg 405w\" sizes=\"auto, (max-width: 1024px) 100vw, 1024px\" \/><\/figure>\n\n\n\n<figure class=\"wp-block-image size-large\"><img loading=\"lazy\" decoding=\"async\" width=\"1024\" height=\"683\" data-id=\"6286\" src=\"https:\/\/marcali.plebania.hu\/wp-content\/uploads\/2024\/12\/07-1-1024x683.jpg\" alt=\"\" class=\"wp-image-6286\" srcset=\"https:\/\/marcali.plebania.hu\/wp-content\/uploads\/2024\/12\/07-1-1024x683.jpg 1024w, https:\/\/marcali.plebania.hu\/wp-content\/uploads\/2024\/12\/07-1-300x200.jpg 300w, https:\/\/marcali.plebania.hu\/wp-content\/uploads\/2024\/12\/07-1-768x512.jpg 768w, https:\/\/marcali.plebania.hu\/wp-content\/uploads\/2024\/12\/07-1-1536x1024.jpg 1536w, https:\/\/marcali.plebania.hu\/wp-content\/uploads\/2024\/12\/07-1-2048x1365.jpg 2048w, https:\/\/marcali.plebania.hu\/wp-content\/uploads\/2024\/12\/07-1-405x270.jpg 405w\" sizes=\"auto, (max-width: 1024px) 100vw, 1024px\" \/><\/figure>\n\n\n\n<figure class=\"wp-block-image size-large\"><img loading=\"lazy\" decoding=\"async\" width=\"1024\" height=\"683\" data-id=\"6287\" src=\"https:\/\/marcali.plebania.hu\/wp-content\/uploads\/2024\/12\/11-1024x683.jpg\" alt=\"\" class=\"wp-image-6287\" srcset=\"https:\/\/marcali.plebania.hu\/wp-content\/uploads\/2024\/12\/11-1024x683.jpg 1024w, https:\/\/marcali.plebania.hu\/wp-content\/uploads\/2024\/12\/11-300x200.jpg 300w, https:\/\/marcali.plebania.hu\/wp-content\/uploads\/2024\/12\/11-768x512.jpg 768w, https:\/\/marcali.plebania.hu\/wp-content\/uploads\/2024\/12\/11-1536x1024.jpg 1536w, https:\/\/marcali.plebania.hu\/wp-content\/uploads\/2024\/12\/11-2048x1365.jpg 2048w, https:\/\/marcali.plebania.hu\/wp-content\/uploads\/2024\/12\/11-405x270.jpg 405w\" sizes=\"auto, (max-width: 1024px) 100vw, 1024px\" \/><\/figure>\n<\/figure>\n\n\n\n<p>A mostani munk\u00e1kat is Gelencs\u00e9r R\u00f3bert vil\u00e1gi eln\u00f6k, Kir\u00e1ly Jen\u0151 templomatya, Kir\u00e1ly R\u00f3bert \u00e9s T\u00f3th P\u00e9ter ir\u00e1ny\u00edtott\u00e1k. A Marcali R\u00f3mai Katolikus Egyh\u00e1zk\u00f6zs\u00e9g 12 f\u0151s csapata els\u0151k\u00e9nt a f\u00e9m-v\u00e1z keretet \u00e1ll\u00edtotta \u00f6ssze, majd pedig \u2013 rutinos gyorsas\u00e1ggal \u2013 a k\u00fcl\u00f6nf\u00e9le feny\u0151-\u00e1gakkal val\u00f3 k\u00f6rbefon\u00e1s\u00e1val d\u00e9lre fejez\u0151dtek be a munk\u00e1k a sz\u00e9p naps\u00fct\u00e9ses id\u0151ben.<\/p>\n\n\n\n<figure class=\"wp-block-gallery has-nested-images columns-default is-cropped wp-block-gallery-2 is-layout-flex wp-block-gallery-is-layout-flex\">\n<figure class=\"wp-block-image size-large\"><img loading=\"lazy\" decoding=\"async\" width=\"1024\" height=\"683\" data-id=\"6290\" src=\"https:\/\/marcali.plebania.hu\/wp-content\/uploads\/2024\/12\/12-1024x683.jpg\" alt=\"\" class=\"wp-image-6290\" srcset=\"https:\/\/marcali.plebania.hu\/wp-content\/uploads\/2024\/12\/12-1024x683.jpg 1024w, https:\/\/marcali.plebania.hu\/wp-content\/uploads\/2024\/12\/12-300x200.jpg 300w, https:\/\/marcali.plebania.hu\/wp-content\/uploads\/2024\/12\/12-768x512.jpg 768w, https:\/\/marcali.plebania.hu\/wp-content\/uploads\/2024\/12\/12-1536x1024.jpg 1536w, https:\/\/marcali.plebania.hu\/wp-content\/uploads\/2024\/12\/12-2048x1365.jpg 2048w, https:\/\/marcali.plebania.hu\/wp-content\/uploads\/2024\/12\/12-405x270.jpg 405w\" sizes=\"auto, (max-width: 1024px) 100vw, 1024px\" \/><\/figure>\n\n\n\n<figure class=\"wp-block-image size-large\"><img loading=\"lazy\" decoding=\"async\" width=\"1024\" height=\"683\" data-id=\"6291\" src=\"https:\/\/marcali.plebania.hu\/wp-content\/uploads\/2024\/12\/15-1-1024x683.jpg\" alt=\"\" class=\"wp-image-6291\" srcset=\"https:\/\/marcali.plebania.hu\/wp-content\/uploads\/2024\/12\/15-1-1024x683.jpg 1024w, https:\/\/marcali.plebania.hu\/wp-content\/uploads\/2024\/12\/15-1-300x200.jpg 300w, https:\/\/marcali.plebania.hu\/wp-content\/uploads\/2024\/12\/15-1-768x512.jpg 768w, https:\/\/marcali.plebania.hu\/wp-content\/uploads\/2024\/12\/15-1-1536x1024.jpg 1536w, https:\/\/marcali.plebania.hu\/wp-content\/uploads\/2024\/12\/15-1-2048x1365.jpg 2048w, https:\/\/marcali.plebania.hu\/wp-content\/uploads\/2024\/12\/15-1-405x270.jpg 405w\" sizes=\"auto, (max-width: 1024px) 100vw, 1024px\" \/><\/figure>\n\n\n\n<figure class=\"wp-block-image size-large\"><img loading=\"lazy\" decoding=\"async\" width=\"1024\" height=\"683\" data-id=\"6292\" src=\"https:\/\/marcali.plebania.hu\/wp-content\/uploads\/2024\/12\/16-1-1024x683.jpg\" alt=\"\" class=\"wp-image-6292\" srcset=\"https:\/\/marcali.plebania.hu\/wp-content\/uploads\/2024\/12\/16-1-1024x683.jpg 1024w, https:\/\/marcali.plebania.hu\/wp-content\/uploads\/2024\/12\/16-1-300x200.jpg 300w, https:\/\/marcali.plebania.hu\/wp-content\/uploads\/2024\/12\/16-1-768x512.jpg 768w, https:\/\/marcali.plebania.hu\/wp-content\/uploads\/2024\/12\/16-1-1536x1024.jpg 1536w, https:\/\/marcali.plebania.hu\/wp-content\/uploads\/2024\/12\/16-1-2048x1365.jpg 2048w, https:\/\/marcali.plebania.hu\/wp-content\/uploads\/2024\/12\/16-1-405x270.jpg 405w\" sizes=\"auto, (max-width: 1024px) 100vw, 1024px\" \/><\/figure>\n\n\n\n<figure class=\"wp-block-image size-large\"><img loading=\"lazy\" decoding=\"async\" width=\"1024\" height=\"683\" data-id=\"6289\" src=\"https:\/\/marcali.plebania.hu\/wp-content\/uploads\/2024\/12\/13-1-1024x683.jpg\" alt=\"\" class=\"wp-image-6289\" srcset=\"https:\/\/marcali.plebania.hu\/wp-content\/uploads\/2024\/12\/13-1-1024x683.jpg 1024w, https:\/\/marcali.plebania.hu\/wp-content\/uploads\/2024\/12\/13-1-300x200.jpg 300w, https:\/\/marcali.plebania.hu\/wp-content\/uploads\/2024\/12\/13-1-768x512.jpg 768w, https:\/\/marcali.plebania.hu\/wp-content\/uploads\/2024\/12\/13-1-1536x1024.jpg 1536w, https:\/\/marcali.plebania.hu\/wp-content\/uploads\/2024\/12\/13-1-2048x1365.jpg 2048w, https:\/\/marcali.plebania.hu\/wp-content\/uploads\/2024\/12\/13-1-405x270.jpg 405w\" sizes=\"auto, (max-width: 1024px) 100vw, 1024px\" \/><\/figure>\n<\/figure>\n\n\n\n<p>Az els\u0151 gyertyagy\u00fajt\u00e1s \u00fcnnepi m\u0171sora 17 \u00f3rakor kezd\u0151dik a Marcali Berzsenyi D\u00e1niel Gimn\u00e1zium tanul\u00f3inak k\u00f6zrem\u0171k\u00f6d\u00e9s\u00e9vel. Majd pedig Bereczk Bal\u00e1zs polg\u00e1rmester gy\u00fajtja meg az els\u0151 lila sz\u00edn\u0171 gyerty\u00e1t. Z\u00e1r\u00e1sk\u00e9nt pedig 17.30 \u00f3rakor szentmis\u00e9vel z\u00e1r\u00f3dik a program.<\/p>\n\n\n\n<p>K\u00f6sz\u00f6net a seg\u00edt\u0151knek \u00e9s a feny\u0151f\u00e1kat felaj\u00e1nl\u00f3 szem\u00e9lyeknek!<\/p>\n\n\n\n<p>\u00cdrta \u00e9s fot\u00f3k: Kiss K\u00e1lm\u00e1n<\/p>\n","protected":false},"excerpt":{"rendered":"<p>2024. november 30-\u00e1n, szombaton, d\u00e9lel\u0151tt 9 \u00f3r\u00e1t\u00f3l kezd\u0151d\u00f6tt \u2013 a kor\u00e1bbi \u00e9vek hagyom\u00e1nyait k\u00f6vetve \u2013 a k\u00fclt\u00e9ri \u00e1dventi koszor\u00fa \u00f6ssze\u00e1ll\u00edt\u00e1sa \u00e9s feld\u00edsz\u00edt\u00e9se a Boldog II. J\u00e1nos P\u00e1l p\u00e1pa t\u00e9ren, a Gy\u00fcm\u00f6lcsolt\u00f3 Boldogasszony Pl\u00e9b\u00e1niatemplom el\u0151tti kereszt mellett. A mostani munk\u00e1kat is Gelencs\u00e9r R\u00f3bert vil\u00e1gi eln\u00f6k, Kir\u00e1ly Jen\u0151 templomatya, Kir\u00e1ly R\u00f3bert \u00e9s T\u00f3th P\u00e9ter ir\u00e1ny\u00edtott\u00e1k. A Marcali R\u00f3mai Katolikus Egyh\u00e1zk\u00f6zs\u00e9g 12 f\u0151s csapata els\u0151k\u00e9nt a f\u00e9m-v\u00e1z keretet \u00e1ll\u00edtotta \u00f6ssze, majd pedig \u2013 rutinos gyorsas\u00e1ggal \u2013 a k\u00fcl\u00f6nf\u00e9le feny\u0151-\u00e1gakkal val\u00f3 k\u00f6rbefon\u00e1s\u00e1val d\u00e9lre fejez\u0151dtek&#8230;<\/p>\n<p class=\"read-more\"><a class=\"btn btn-default\" href=\"https:\/\/marcali.plebania.hu\/?p=6281\"> Read More<span class=\"screen-reader-text\">  Read More<\/span><\/a><\/p>\n","protected":false},"author":2,"featured_media":0,"comment_status":"closed","ping_status":"open","sticky":false,"template":"","format":"standard","meta":{"footnotes":""},"categories":[1],"tags":[],"class_list":["post-6281","post","type-post","status-publish","format-standard","hentry","category-egyeb"],"_links":{"self":[{"href":"https:\/\/marcali.plebania.hu\/index.php?rest_route=\/wp\/v2\/posts\/6281","targetHints":{"allow":["GET"]}}],"collection":[{"href":"https:\/\/marcali.plebania.hu\/index.php?rest_route=\/wp\/v2\/posts"}],"about":[{"href":"https:\/\/marcali.plebania.hu\/index.php?rest_route=\/wp\/v2\/types\/post"}],"author":[{"embeddable":true,"href":"https:\/\/marcali.plebania.hu\/index.php?rest_route=\/wp\/v2\/users\/2"}],"replies":[{"embeddable":true,"href":"https:\/\/marcali.plebania.hu\/index.php?rest_route=%2Fwp%2Fv2%2Fcomments&post=6281"}],"version-history":[{"count":1,"href":"https:\/\/marcali.plebania.hu\/index.php?rest_route=\/wp\/v2\/posts\/6281\/revisions"}],"predecessor-version":[{"id":6293,"href":"https:\/\/marcali.plebania.hu\/index.php?rest_route=\/wp\/v2\/posts\/6281\/revisions\/6293"}],"wp:attachment":[{"href":"https:\/\/marcali.plebania.hu\/index.php?rest_route=%2Fwp%2Fv2%2Fmedia&parent=6281"}],"wp:term":[{"taxonomy":"category","embeddable":true,"href":"https:\/\/marcali.plebania.hu\/index.php?rest_route=%2Fwp%2Fv2%2Fcategories&post=6281"},{"taxonomy":"post_tag","embeddable":true,"href":"https:\/\/marcali.plebania.hu\/index.php?rest_route=%2Fwp%2Fv2%2Ftags&post=6281"}],"curies":[{"name":"wp","href":"https:\/\/api.w.org\/{rel}","templated":true}]}}