{"id":6294,"date":"2024-12-03T20:22:45","date_gmt":"2024-12-03T20:22:45","guid":{"rendered":"https:\/\/marcali.plebania.hu\/?p=6294"},"modified":"2024-12-03T20:22:45","modified_gmt":"2024-12-03T20:22:45","slug":"hirdetesek-2024-december-1-jen","status":"publish","type":"post","link":"https:\/\/marcali.plebania.hu\/?p=6294","title":{"rendered":"Hirdet\u00e9sek 2024. december 1-j\u00e9n"},"content":{"rendered":"\n<p><\/p>\n\n\n\n<p><strong><a href=\"https:\/\/igenaptar.katolikus.hu\/2024\/nap\/index.php?holnap=2024-12-01\" target=\"_blank\" rel=\"noreferrer noopener\"><u>Advent 1. vas\u00e1rnapja<\/u><\/a><\/strong><strong><\/strong><\/p>\n\n\n\n<ol start=\"1\" class=\"wp-block-list\">\n<li>K\u00f6sz\u00f6nj\u00fck a k\u00fclt\u00e9ri adventi koszor\u00fa elk\u00e9sz\u00edt\u00e9s\u00e9ben ny\u00fajtott seg\u00edts\u00e9get \u00e9s a feny\u0151f\u00e1k felaj\u00e1nl\u00e1s\u00e1t Bartha Tibornak, Juh\u00e1sz Alfr\u00e9dnak \u00e9s Szente B\u00e1lintnak. K\u00f6sz\u00f6nj\u00fck a koszor\u00fak\u00e9sz\u00edt\u00e9sre \u00e9s a sz\u00fcl\u0151i besz\u00e9lget\u00e9sre val\u00f3 jelentkez\u00e9st \u00e9s a bekapcsol\u00f3d\u00e1st, a szervez\u0151knek pedig az el\u0151k\u00e9sz\u00edt\u00e9st \u00e9s a programok lebonyol\u00edt\u00e1s\u00e1t.<\/li>\n\n\n\n<li><strong>Advent<\/strong>tel elkezd\u0151d\u00f6tt az \u00faj egyh\u00e1zi \u00e9v. Az adventi id\u0151nek kett\u0151s jellege van: a kar\u00e1csonyi \u00fcnnepekre val\u00f3 el\u0151k\u00e9sz\u00fclet ideje, amikor Isten Fi\u00e1nak az emberekhez val\u00f3 els\u0151 elj\u00f6vetel\u00e9re eml\u00e9kez\u00fcnk. Ez a visszaeml\u00e9kez\u00e9s egyben r\u00e1ir\u00e1ny\u00edtja figyelm\u00fcnket Krisztus t\u00f6rt\u00e9nelemv\u00e9gi, m\u00e1sodik elj\u00f6vetel\u00e9nek v\u00e1r\u00e1s\u00e1ra. Ezzel buzd\u00edt minket, hogy hittel, megt\u00e9r\u00e9ssel \u00e9s \u201ej\u00f3tettekkel siess\u00fcnk a k\u00f6zelg\u0151 Krisztus el\u00e9\u201d. Pl\u00e9b\u00e1ni\u00e1nk honlapj\u00e1n el\u00e9rhet\u0151 egy <a href=\"https:\/\/marcali.plebania.hu\/index.php\/2024\/11\/30\/advent\/\">\u00f6ssze\u00e1ll\u00edt\u00e1s<\/a> az adventi id\u0151szakr\u00f3l \u00e9s a meghallgathat\u00f3 el\u0151ad\u00e1sok mellett konkr\u00e9t javaslatok is olvashat\u00f3k ott, seg\u00edts\u00e9gk\u00e9pp az adventi k\u00e9sz\u00fclethez. Szeretettel aj\u00e1nljuk.<\/li>\n\n\n\n<li>Adventben cs\u00fct\u00f6rt\u00f6k\u00f6nk\u00e9nt 6:30-kor kezdj\u00fck a rorate szentmis\u00e9t.<\/li>\n\n\n\n<li>A <strong>F\u00e9rfi-k\u00f6r<\/strong> k\u00f6vetkez\u0151 tal\u00e1lkoz\u00f3ja szerd\u00e1n 18:00-kor kezd\u0151dik a pl\u00e9b\u00e1ni\u00e1n.<\/li>\n\n\n\n<li>A Marcali Bajt\u00e1rsi Dal\u00e1rda szeretettel h\u00edv minden \u00e9rdekl\u0151d\u0151t a m\u0171sor\u00e1ra a pl\u00e9b\u00e1niatemplomban, szombaton (dec. 7) az esti szentmise ut\u00e1n, 18:30-t\u00f3l.<\/li>\n\n\n\n<li>J\u00f6v\u0151 vas\u00e1rnap lesz pl\u00e9b\u00e1niatemplomunk <strong>szents\u00e9gim\u00e1d\u00e1si nap<\/strong>ja: 11 \u00f3r\u00e1t\u00f3l 17 \u00f3r\u00e1ig kihelyezz\u00fck az olt\u00e1rra az Euchariszti\u00e1t im\u00e1d\u00e1sra. K\u00e9rj\u00fck, iratkozzon fel a sekresty\u00e9ben vagy az irod\u00e1ban, aki v\u00e1llal egy csendes szents\u00e9gim\u00e1d\u00e1si \u00f3r\u00e1t (11 \u00e9s 17 \u00f3ra k\u00f6zt).<br><\/li>\n<\/ol>\n\n\n\n<hr class=\"wp-block-separator has-alpha-channel-opacity\"\/>\n\n\n\n<figure class=\"wp-block-image size-large\"><img loading=\"lazy\" decoding=\"async\" width=\"1024\" height=\"891\" src=\"https:\/\/marcali.plebania.hu\/wp-content\/uploads\/2024\/12\/20241201-1024x891.png\" alt=\"\" class=\"wp-image-6297\" srcset=\"https:\/\/marcali.plebania.hu\/wp-content\/uploads\/2024\/12\/20241201-1024x891.png 1024w, https:\/\/marcali.plebania.hu\/wp-content\/uploads\/2024\/12\/20241201-300x261.png 300w, https:\/\/marcali.plebania.hu\/wp-content\/uploads\/2024\/12\/20241201-768x669.png 768w, https:\/\/marcali.plebania.hu\/wp-content\/uploads\/2024\/12\/20241201-310x270.png 310w, https:\/\/marcali.plebania.hu\/wp-content\/uploads\/2024\/12\/20241201.png 1266w\" sizes=\"auto, (max-width: 1024px) 100vw, 1024px\" \/><\/figure>\n","protected":false},"excerpt":{"rendered":"<p>Advent 1. vas\u00e1rnapja<\/p>\n","protected":false},"author":1,"featured_media":0,"comment_status":"closed","ping_status":"open","sticky":false,"template":"","format":"standard","meta":{"footnotes":""},"categories":[3],"tags":[],"class_list":["post-6294","post","type-post","status-publish","format-standard","hentry","category-hirdetesek"],"_links":{"self":[{"href":"https:\/\/marcali.plebania.hu\/index.php?rest_route=\/wp\/v2\/posts\/6294","targetHints":{"allow":["GET"]}}],"collection":[{"href":"https:\/\/marcali.plebania.hu\/index.php?rest_route=\/wp\/v2\/posts"}],"about":[{"href":"https:\/\/marcali.plebania.hu\/index.php?rest_route=\/wp\/v2\/types\/post"}],"author":[{"embeddable":true,"href":"https:\/\/marcali.plebania.hu\/index.php?rest_route=\/wp\/v2\/users\/1"}],"replies":[{"embeddable":true,"href":"https:\/\/marcali.plebania.hu\/index.php?rest_route=%2Fwp%2Fv2%2Fcomments&post=6294"}],"version-history":[{"count":2,"href":"https:\/\/marcali.plebania.hu\/index.php?rest_route=\/wp\/v2\/posts\/6294\/revisions"}],"predecessor-version":[{"id":6299,"href":"https:\/\/marcali.plebania.hu\/index.php?rest_route=\/wp\/v2\/posts\/6294\/revisions\/6299"}],"wp:attachment":[{"href":"https:\/\/marcali.plebania.hu\/index.php?rest_route=%2Fwp%2Fv2%2Fmedia&parent=6294"}],"wp:term":[{"taxonomy":"category","embeddable":true,"href":"https:\/\/marcali.plebania.hu\/index.php?rest_route=%2Fwp%2Fv2%2Fcategories&post=6294"},{"taxonomy":"post_tag","embeddable":true,"href":"https:\/\/marcali.plebania.hu\/index.php?rest_route=%2Fwp%2Fv2%2Ftags&post=6294"}],"curies":[{"name":"wp","href":"https:\/\/api.w.org\/{rel}","templated":true}]}}