{"id":6301,"date":"2024-12-05T09:27:30","date_gmt":"2024-12-05T09:27:30","guid":{"rendered":"https:\/\/marcali.plebania.hu\/?p=6301"},"modified":"2024-12-05T09:27:30","modified_gmt":"2024-12-05T09:27:30","slug":"az-iden-is-adventi-koszorukat-keszitettek-a-hittanosok","status":"publish","type":"post","link":"https:\/\/marcali.plebania.hu\/?p=6301","title":{"rendered":"Az id\u00e9n is \u00e1dventi koszor\u00fakat k\u00e9sz\u00edtettek a hittanosok"},"content":{"rendered":"\n<p>2024. november 30-\u00e1n, szombaton, d\u00e9lut\u00e1n 15 \u00f3r\u00e1t\u00f3l a kar\u00e1csonyi el\u0151k\u00e9sz\u00fclet r\u00e9szek\u00e9nt az id\u00e9n is \u00e1dventi koszor\u00fak\u00e9sz\u00edt\u00e9sre h\u00edvt\u00e1k a hittanos di\u00e1kokat az egyh\u00e1zk\u00f6zs\u00e9g k\u00f6z\u00f6ss\u00e9gi h\u00e1z\u00e1nak (X-h\u00e1z) nagyterm\u00e9be.<\/p>\n\n\n\n<figure class=\"wp-block-gallery has-nested-images columns-default is-cropped wp-block-gallery-1 is-layout-flex wp-block-gallery-is-layout-flex\">\n<figure class=\"wp-block-image size-large\"><img loading=\"lazy\" decoding=\"async\" width=\"1024\" height=\"683\" data-id=\"6302\" src=\"https:\/\/marcali.plebania.hu\/wp-content\/uploads\/2024\/12\/01-2-1024x683.jpg\" alt=\"\" class=\"wp-image-6302\" srcset=\"https:\/\/marcali.plebania.hu\/wp-content\/uploads\/2024\/12\/01-2-1024x683.jpg 1024w, https:\/\/marcali.plebania.hu\/wp-content\/uploads\/2024\/12\/01-2-300x200.jpg 300w, https:\/\/marcali.plebania.hu\/wp-content\/uploads\/2024\/12\/01-2-768x512.jpg 768w, https:\/\/marcali.plebania.hu\/wp-content\/uploads\/2024\/12\/01-2-1536x1024.jpg 1536w, https:\/\/marcali.plebania.hu\/wp-content\/uploads\/2024\/12\/01-2-2048x1365.jpg 2048w, https:\/\/marcali.plebania.hu\/wp-content\/uploads\/2024\/12\/01-2-405x270.jpg 405w\" sizes=\"auto, (max-width: 1024px) 100vw, 1024px\" \/><\/figure>\n\n\n\n<figure class=\"wp-block-image size-large\"><img loading=\"lazy\" decoding=\"async\" width=\"1024\" height=\"683\" data-id=\"6304\" src=\"https:\/\/marcali.plebania.hu\/wp-content\/uploads\/2024\/12\/02-2-1024x683.jpg\" alt=\"\" class=\"wp-image-6304\" srcset=\"https:\/\/marcali.plebania.hu\/wp-content\/uploads\/2024\/12\/02-2-1024x683.jpg 1024w, https:\/\/marcali.plebania.hu\/wp-content\/uploads\/2024\/12\/02-2-300x200.jpg 300w, https:\/\/marcali.plebania.hu\/wp-content\/uploads\/2024\/12\/02-2-768x512.jpg 768w, https:\/\/marcali.plebania.hu\/wp-content\/uploads\/2024\/12\/02-2-1536x1024.jpg 1536w, https:\/\/marcali.plebania.hu\/wp-content\/uploads\/2024\/12\/02-2-2048x1365.jpg 2048w, https:\/\/marcali.plebania.hu\/wp-content\/uploads\/2024\/12\/02-2-405x270.jpg 405w\" sizes=\"auto, (max-width: 1024px) 100vw, 1024px\" \/><\/figure>\n\n\n\n<figure class=\"wp-block-image size-large\"><img loading=\"lazy\" decoding=\"async\" width=\"1024\" height=\"683\" data-id=\"6303\" src=\"https:\/\/marcali.plebania.hu\/wp-content\/uploads\/2024\/12\/03-2-1024x683.jpg\" alt=\"\" class=\"wp-image-6303\" srcset=\"https:\/\/marcali.plebania.hu\/wp-content\/uploads\/2024\/12\/03-2-1024x683.jpg 1024w, https:\/\/marcali.plebania.hu\/wp-content\/uploads\/2024\/12\/03-2-300x200.jpg 300w, https:\/\/marcali.plebania.hu\/wp-content\/uploads\/2024\/12\/03-2-768x512.jpg 768w, https:\/\/marcali.plebania.hu\/wp-content\/uploads\/2024\/12\/03-2-1536x1024.jpg 1536w, https:\/\/marcali.plebania.hu\/wp-content\/uploads\/2024\/12\/03-2-2048x1365.jpg 2048w, https:\/\/marcali.plebania.hu\/wp-content\/uploads\/2024\/12\/03-2-405x270.jpg 405w\" sizes=\"auto, (max-width: 1024px) 100vw, 1024px\" \/><\/figure>\n\n\n\n<figure class=\"wp-block-image size-large\"><img loading=\"lazy\" decoding=\"async\" width=\"1024\" height=\"683\" data-id=\"6305\" src=\"https:\/\/marcali.plebania.hu\/wp-content\/uploads\/2024\/12\/04-2-1024x683.jpg\" alt=\"\" class=\"wp-image-6305\" srcset=\"https:\/\/marcali.plebania.hu\/wp-content\/uploads\/2024\/12\/04-2-1024x683.jpg 1024w, https:\/\/marcali.plebania.hu\/wp-content\/uploads\/2024\/12\/04-2-300x200.jpg 300w, https:\/\/marcali.plebania.hu\/wp-content\/uploads\/2024\/12\/04-2-768x512.jpg 768w, https:\/\/marcali.plebania.hu\/wp-content\/uploads\/2024\/12\/04-2-1536x1024.jpg 1536w, https:\/\/marcali.plebania.hu\/wp-content\/uploads\/2024\/12\/04-2-2048x1365.jpg 2048w, https:\/\/marcali.plebania.hu\/wp-content\/uploads\/2024\/12\/04-2-405x270.jpg 405w\" sizes=\"auto, (max-width: 1024px) 100vw, 1024px\" \/><\/figure>\n<\/figure>\n\n\n\n<p>A nagy sz\u00e1mban megjelent gyermekeket dr. Gyulain\u00e9 Domj\u00e1n Zsuzsanna, Bojtorn\u00e9 Kir\u00e1ly M\u00e1rta, Cservenyi-Jakabovits Eszter, \u00e9s Pozsonyin\u00e9 Kiss M\u00e1ria hitoktat\u00f3n\u0151k v\u00e1rt\u00e1k \u00e9s a vezet\u00e9s\u00fckkel kezd\u0151d\u00f6tt az asztali koszor\u00fak, tov\u00e1bb\u00e1 \u00e1dventi kalend\u00e1riumok k\u00e9sz\u00edt\u00e9se a csal\u00e1dtagok r\u00e9sz\u00e9re.<\/p>\n\n\n\n<p>Az ezekhez sz\u00fcks\u00e9ges alapanyagokat a Kaposv\u00e1ri Egyh\u00e1zmegyei Karit\u00e1sz t\u00e1mogat\u00e1s\u00e1val, valamint a Marcali R\u00f3mai Katolikus Egyh\u00e1zk\u00f6zs\u00e9g k\u00f6zrem\u0171k\u00f6d\u00e9s\u00e9vel siker\u00fclt beszerezni. A j\u00f3 k\u00e9z\u00fcgyess\u00e9get ig\u00e9nyl\u0151 \u00e9s dekorat\u00edv munk\u00e1kban k\u00f6z\u00e9piskol\u00e1s fiatalok is seg\u00edtettek az \u00e1ltal\u00e1nos iskol\u00e1s di\u00e1koknak. A r\u00e9sztvev\u0151ket te\u00e1val \u00e9s r\u00e1gcs\u00e1lni val\u00f3kkal is megvend\u00e9gelt\u00e9k a szervez\u0151k.<\/p>\n\n\n\n<figure class=\"wp-block-gallery has-nested-images columns-default is-cropped wp-block-gallery-2 is-layout-flex wp-block-gallery-is-layout-flex\">\n<figure class=\"wp-block-image size-large\"><img loading=\"lazy\" decoding=\"async\" width=\"1024\" height=\"683\" data-id=\"6306\" src=\"https:\/\/marcali.plebania.hu\/wp-content\/uploads\/2024\/12\/13-2-1024x683.jpg\" alt=\"\" class=\"wp-image-6306\" srcset=\"https:\/\/marcali.plebania.hu\/wp-content\/uploads\/2024\/12\/13-2-1024x683.jpg 1024w, https:\/\/marcali.plebania.hu\/wp-content\/uploads\/2024\/12\/13-2-300x200.jpg 300w, https:\/\/marcali.plebania.hu\/wp-content\/uploads\/2024\/12\/13-2-768x512.jpg 768w, https:\/\/marcali.plebania.hu\/wp-content\/uploads\/2024\/12\/13-2-1536x1024.jpg 1536w, https:\/\/marcali.plebania.hu\/wp-content\/uploads\/2024\/12\/13-2-2048x1365.jpg 2048w, https:\/\/marcali.plebania.hu\/wp-content\/uploads\/2024\/12\/13-2-405x270.jpg 405w\" sizes=\"auto, (max-width: 1024px) 100vw, 1024px\" \/><\/figure>\n\n\n\n<figure class=\"wp-block-image size-large\"><img loading=\"lazy\" decoding=\"async\" width=\"1024\" height=\"683\" data-id=\"6307\" src=\"https:\/\/marcali.plebania.hu\/wp-content\/uploads\/2024\/12\/14-2-1024x683.jpg\" alt=\"\" class=\"wp-image-6307\" srcset=\"https:\/\/marcali.plebania.hu\/wp-content\/uploads\/2024\/12\/14-2-1024x683.jpg 1024w, https:\/\/marcali.plebania.hu\/wp-content\/uploads\/2024\/12\/14-2-300x200.jpg 300w, https:\/\/marcali.plebania.hu\/wp-content\/uploads\/2024\/12\/14-2-768x512.jpg 768w, https:\/\/marcali.plebania.hu\/wp-content\/uploads\/2024\/12\/14-2-1536x1024.jpg 1536w, https:\/\/marcali.plebania.hu\/wp-content\/uploads\/2024\/12\/14-2-2048x1365.jpg 2048w, https:\/\/marcali.plebania.hu\/wp-content\/uploads\/2024\/12\/14-2-405x270.jpg 405w\" sizes=\"auto, (max-width: 1024px) 100vw, 1024px\" \/><\/figure>\n\n\n\n<figure class=\"wp-block-image size-large\"><img loading=\"lazy\" decoding=\"async\" width=\"1024\" height=\"683\" data-id=\"6308\" src=\"https:\/\/marcali.plebania.hu\/wp-content\/uploads\/2024\/12\/15-2-1024x683.jpg\" alt=\"\" class=\"wp-image-6308\" srcset=\"https:\/\/marcali.plebania.hu\/wp-content\/uploads\/2024\/12\/15-2-1024x683.jpg 1024w, https:\/\/marcali.plebania.hu\/wp-content\/uploads\/2024\/12\/15-2-300x200.jpg 300w, https:\/\/marcali.plebania.hu\/wp-content\/uploads\/2024\/12\/15-2-768x512.jpg 768w, https:\/\/marcali.plebania.hu\/wp-content\/uploads\/2024\/12\/15-2-1536x1024.jpg 1536w, https:\/\/marcali.plebania.hu\/wp-content\/uploads\/2024\/12\/15-2-2048x1365.jpg 2048w, https:\/\/marcali.plebania.hu\/wp-content\/uploads\/2024\/12\/15-2-405x270.jpg 405w\" sizes=\"auto, (max-width: 1024px) 100vw, 1024px\" \/><\/figure>\n\n\n\n<figure class=\"wp-block-image size-large\"><img loading=\"lazy\" decoding=\"async\" width=\"1024\" height=\"683\" data-id=\"6309\" src=\"https:\/\/marcali.plebania.hu\/wp-content\/uploads\/2024\/12\/16-2-1024x683.jpg\" alt=\"\" class=\"wp-image-6309\" srcset=\"https:\/\/marcali.plebania.hu\/wp-content\/uploads\/2024\/12\/16-2-1024x683.jpg 1024w, https:\/\/marcali.plebania.hu\/wp-content\/uploads\/2024\/12\/16-2-300x200.jpg 300w, https:\/\/marcali.plebania.hu\/wp-content\/uploads\/2024\/12\/16-2-768x512.jpg 768w, https:\/\/marcali.plebania.hu\/wp-content\/uploads\/2024\/12\/16-2-1536x1024.jpg 1536w, https:\/\/marcali.plebania.hu\/wp-content\/uploads\/2024\/12\/16-2-2048x1365.jpg 2048w, https:\/\/marcali.plebania.hu\/wp-content\/uploads\/2024\/12\/16-2-405x270.jpg 405w\" sizes=\"auto, (max-width: 1024px) 100vw, 1024px\" \/><\/figure>\n<\/figure>\n\n\n\n<p>Ezalatt a pl\u00e9b\u00e1ni\u00e1n \u2013 a k\u00f6z\u00f6s \u00e1dventi k\u00e9sz\u00fclet r\u00e9szek\u00e9nt \u2013 a hittanos csal\u00e1dok sz\u00fcleivel folytatott besz\u00e9lget\u00e9st Tomanek Ferenc \u00c1ron pl\u00e9b\u00e1nos \u00e9s Cservenyi-Jakabovits Zolt\u00e1n hitoktat\u00f3.<\/p>\n\n\n\n<figure class=\"wp-block-gallery has-nested-images columns-default is-cropped wp-block-gallery-3 is-layout-flex wp-block-gallery-is-layout-flex\">\n<figure class=\"wp-block-image size-large\"><img loading=\"lazy\" decoding=\"async\" width=\"1024\" height=\"683\" data-id=\"6310\" src=\"https:\/\/marcali.plebania.hu\/wp-content\/uploads\/2024\/12\/22-1024x683.jpg\" alt=\"\" class=\"wp-image-6310\" srcset=\"https:\/\/marcali.plebania.hu\/wp-content\/uploads\/2024\/12\/22-1024x683.jpg 1024w, https:\/\/marcali.plebania.hu\/wp-content\/uploads\/2024\/12\/22-300x200.jpg 300w, https:\/\/marcali.plebania.hu\/wp-content\/uploads\/2024\/12\/22-768x512.jpg 768w, https:\/\/marcali.plebania.hu\/wp-content\/uploads\/2024\/12\/22-1536x1024.jpg 1536w, https:\/\/marcali.plebania.hu\/wp-content\/uploads\/2024\/12\/22-2048x1365.jpg 2048w, https:\/\/marcali.plebania.hu\/wp-content\/uploads\/2024\/12\/22-405x270.jpg 405w\" sizes=\"auto, (max-width: 1024px) 100vw, 1024px\" \/><\/figure>\n\n\n\n<figure class=\"wp-block-image size-large\"><img loading=\"lazy\" decoding=\"async\" width=\"1024\" height=\"683\" data-id=\"6312\" src=\"https:\/\/marcali.plebania.hu\/wp-content\/uploads\/2024\/12\/23-1024x683.jpg\" alt=\"\" class=\"wp-image-6312\" srcset=\"https:\/\/marcali.plebania.hu\/wp-content\/uploads\/2024\/12\/23-1024x683.jpg 1024w, https:\/\/marcali.plebania.hu\/wp-content\/uploads\/2024\/12\/23-300x200.jpg 300w, https:\/\/marcali.plebania.hu\/wp-content\/uploads\/2024\/12\/23-768x512.jpg 768w, https:\/\/marcali.plebania.hu\/wp-content\/uploads\/2024\/12\/23-1536x1024.jpg 1536w, https:\/\/marcali.plebania.hu\/wp-content\/uploads\/2024\/12\/23-2048x1365.jpg 2048w, https:\/\/marcali.plebania.hu\/wp-content\/uploads\/2024\/12\/23-405x270.jpg 405w\" sizes=\"auto, (max-width: 1024px) 100vw, 1024px\" \/><\/figure>\n\n\n\n<figure class=\"wp-block-image size-large\"><img loading=\"lazy\" decoding=\"async\" width=\"1024\" height=\"683\" data-id=\"6311\" src=\"https:\/\/marcali.plebania.hu\/wp-content\/uploads\/2024\/12\/24-1024x683.jpg\" alt=\"\" class=\"wp-image-6311\" srcset=\"https:\/\/marcali.plebania.hu\/wp-content\/uploads\/2024\/12\/24-1024x683.jpg 1024w, https:\/\/marcali.plebania.hu\/wp-content\/uploads\/2024\/12\/24-300x200.jpg 300w, https:\/\/marcali.plebania.hu\/wp-content\/uploads\/2024\/12\/24-768x512.jpg 768w, https:\/\/marcali.plebania.hu\/wp-content\/uploads\/2024\/12\/24-1536x1024.jpg 1536w, https:\/\/marcali.plebania.hu\/wp-content\/uploads\/2024\/12\/24-2048x1365.jpg 2048w, https:\/\/marcali.plebania.hu\/wp-content\/uploads\/2024\/12\/24-405x270.jpg 405w\" sizes=\"auto, (max-width: 1024px) 100vw, 1024px\" \/><\/figure>\n\n\n\n<figure class=\"wp-block-image size-large\"><img loading=\"lazy\" decoding=\"async\" width=\"1024\" height=\"683\" data-id=\"6313\" src=\"https:\/\/marcali.plebania.hu\/wp-content\/uploads\/2024\/12\/25-1024x683.jpg\" alt=\"\" class=\"wp-image-6313\" srcset=\"https:\/\/marcali.plebania.hu\/wp-content\/uploads\/2024\/12\/25-1024x683.jpg 1024w, https:\/\/marcali.plebania.hu\/wp-content\/uploads\/2024\/12\/25-300x200.jpg 300w, https:\/\/marcali.plebania.hu\/wp-content\/uploads\/2024\/12\/25-768x512.jpg 768w, https:\/\/marcali.plebania.hu\/wp-content\/uploads\/2024\/12\/25-1536x1024.jpg 1536w, https:\/\/marcali.plebania.hu\/wp-content\/uploads\/2024\/12\/25-2048x1365.jpg 2048w, https:\/\/marcali.plebania.hu\/wp-content\/uploads\/2024\/12\/25-405x270.jpg 405w\" sizes=\"auto, (max-width: 1024px) 100vw, 1024px\" \/><\/figure>\n<\/figure>\n\n\n\n<p>Este 17 \u00f3rakor kezd\u0151d\u00f6tt az \u00e1dventi gyertyagy\u00fajt\u00e1s a Boldog II. J\u00e1nos P\u00e1l p\u00e1pa t\u00e9ren \u00e1ll\u00f3 k\u00fclt\u00e9ri \u00e1dventi koszor\u00fan\u00e1l, melyen a Marcali Berzsenyi D\u00e1niel Gimn\u00e1zium tanul\u00f3i adtak el\u0151 zen\u00e9s-verses m\u0171sort, majd Bereczk Bal\u00e1zs polg\u00e1rmester gy\u00fajtotta meg az els\u0151 gyerty\u00e1t K\u0151r\u00f6si Andr\u00e1s gimn\u00e1ziumi igazgat\u00f3 k\u00f6zrem\u0171k\u00f6d\u00e9s\u00e9vel. V\u00e9g\u00fcl a pl\u00e9b\u00e1niatemplomban 17.30-kor kezd\u0151d\u0151 szentmise keret\u00e9ben Ferenc atya meg\u00e1ldotta a hittanos gyermekek \u00e1ltal elk\u00e9sz\u00edtett \u00e1dventi koszor\u00fakat.<\/p>\n\n\n\n<p>\u00cdrta \u00e9s fot\u00f3k: Kiss K\u00e1lm\u00e1n<\/p>\n","protected":false},"excerpt":{"rendered":"<p>2024. november 30-\u00e1n, szombaton, d\u00e9lut\u00e1n 15 \u00f3r\u00e1t\u00f3l a kar\u00e1csonyi el\u0151k\u00e9sz\u00fclet r\u00e9szek\u00e9nt az id\u00e9n is \u00e1dventi koszor\u00fak\u00e9sz\u00edt\u00e9sre h\u00edvt\u00e1k a hittanos di\u00e1kokat az egyh\u00e1zk\u00f6zs\u00e9g k\u00f6z\u00f6ss\u00e9gi h\u00e1z\u00e1nak (X-h\u00e1z) nagyterm\u00e9be. A nagy sz\u00e1mban megjelent gyermekeket dr. Gyulain\u00e9 Domj\u00e1n Zsuzsanna, Bojtorn\u00e9 Kir\u00e1ly M\u00e1rta, Cservenyi-Jakabovits Eszter, \u00e9s Pozsonyin\u00e9 Kiss M\u00e1ria hitoktat\u00f3n\u0151k v\u00e1rt\u00e1k \u00e9s a vezet\u00e9s\u00fckkel kezd\u0151d\u00f6tt az asztali koszor\u00fak, tov\u00e1bb\u00e1 \u00e1dventi kalend\u00e1riumok k\u00e9sz\u00edt\u00e9se a csal\u00e1dtagok r\u00e9sz\u00e9re. Az ezekhez sz\u00fcks\u00e9ges alapanyagokat a Kaposv\u00e1ri Egyh\u00e1zmegyei Karit\u00e1sz t\u00e1mogat\u00e1s\u00e1val, valamint a Marcali R\u00f3mai Katolikus Egyh\u00e1zk\u00f6zs\u00e9g k\u00f6zrem\u0171k\u00f6d\u00e9s\u00e9vel siker\u00fclt beszerezni. A j\u00f3&#8230;<\/p>\n<p class=\"read-more\"><a class=\"btn btn-default\" href=\"https:\/\/marcali.plebania.hu\/?p=6301\"> Read More<span class=\"screen-reader-text\">  Read More<\/span><\/a><\/p>\n","protected":false},"author":2,"featured_media":0,"comment_status":"closed","ping_status":"open","sticky":false,"template":"","format":"standard","meta":{"footnotes":""},"categories":[1],"tags":[],"class_list":["post-6301","post","type-post","status-publish","format-standard","hentry","category-egyeb"],"_links":{"self":[{"href":"https:\/\/marcali.plebania.hu\/index.php?rest_route=\/wp\/v2\/posts\/6301","targetHints":{"allow":["GET"]}}],"collection":[{"href":"https:\/\/marcali.plebania.hu\/index.php?rest_route=\/wp\/v2\/posts"}],"about":[{"href":"https:\/\/marcali.plebania.hu\/index.php?rest_route=\/wp\/v2\/types\/post"}],"author":[{"embeddable":true,"href":"https:\/\/marcali.plebania.hu\/index.php?rest_route=\/wp\/v2\/users\/2"}],"replies":[{"embeddable":true,"href":"https:\/\/marcali.plebania.hu\/index.php?rest_route=%2Fwp%2Fv2%2Fcomments&post=6301"}],"version-history":[{"count":1,"href":"https:\/\/marcali.plebania.hu\/index.php?rest_route=\/wp\/v2\/posts\/6301\/revisions"}],"predecessor-version":[{"id":6314,"href":"https:\/\/marcali.plebania.hu\/index.php?rest_route=\/wp\/v2\/posts\/6301\/revisions\/6314"}],"wp:attachment":[{"href":"https:\/\/marcali.plebania.hu\/index.php?rest_route=%2Fwp%2Fv2%2Fmedia&parent=6301"}],"wp:term":[{"taxonomy":"category","embeddable":true,"href":"https:\/\/marcali.plebania.hu\/index.php?rest_route=%2Fwp%2Fv2%2Fcategories&post=6301"},{"taxonomy":"post_tag","embeddable":true,"href":"https:\/\/marcali.plebania.hu\/index.php?rest_route=%2Fwp%2Fv2%2Ftags&post=6301"}],"curies":[{"name":"wp","href":"https:\/\/api.w.org\/{rel}","templated":true}]}}