{"id":632,"date":"2019-02-15T08:28:22","date_gmt":"2019-02-15T08:28:22","guid":{"rendered":"https:\/\/marcali.plebania.hu\/?p=632"},"modified":"2019-02-15T08:28:22","modified_gmt":"2019-02-15T08:28:22","slug":"hirdetesek-2019-02-17","status":"publish","type":"post","link":"https:\/\/marcali.plebania.hu\/?p=632","title":{"rendered":"Hirdet\u00e9sek, 2019. 02. 17."},"content":{"rendered":"\n<ol class=\"wp-block-list\"><li>Ma van az \u00e9vk\u00f6zi 6 vas\u00e1rnap.<\/li><li>P\u00e9nteken 17 \u00f3rakor, a K\u00c9SZ szervez\u00e9s\u00e9ben\nszentmise lesz a kommunizmus \u00e1ldozatai\u00e9rt. Ut\u00e1na a H\u0151s\u00f6k ter\u00e9n besz\u00e9det mond\nHuszti G\u00e1bor, a Somogy Megyei K\u00f6zgy\u0171l\u00e9s aleln\u00f6ke, majd gyertyagy\u00fajt\u00e1s az\n\u00e1ldozatok eml\u00e9k\u00e9re.<\/li><li>A hittanos farsang id\u0151pontja febru\u00e1r\n23. d\u00e9lut\u00e1n 13 \u00f3rakor lesz. A r\u00e9szleteket a hittan\u00f3r\u00e1kon hirdetik a hitoktat\u00f3k.<\/li><li>A feln\u0151tt Katolikus B\u00e1l m\u00e1rcius 2-\u00e1n a gimn\u00e1zium eb\u00e9dl\u0151j\u00e9ben\nlesz megtartva. Jegyeket Gelencs\u00e9r R\u00f3bertn\u00e9l, S\u00e1voly Andre\u00e1n\u00e1l \u00e9s a pl\u00e9b\u00e1ni\u00e1n\nlehet v\u00e1s\u00e1rolni, 4.000- Ft\/f\u0151 \u00e1ron (mely mag\u00e1ba foglalja a b\u00fcf\u00e9 asztalos\nvacsor\u00e1t, a bel\u00e9p\u0151t \u00e9s a j\u00f3t\u00e9konys\u00e1gi c\u00e9lt). Ezen k\u00edv\u00fcl t\u00e1mogat\u00f3i jegyek is\nv\u00e1s\u00e1rolhat\u00f3k.<\/li><\/ol>\n","protected":false},"excerpt":{"rendered":"<p>Ma van az \u00e9vk\u00f6zi 6 vas\u00e1rnap. P\u00e9nteken 17 \u00f3rakor, a K\u00c9SZ szervez\u00e9s\u00e9ben szentmise lesz a kommunizmus \u00e1ldozatai\u00e9rt. Ut\u00e1na a H\u0151s\u00f6k ter\u00e9n besz\u00e9det mond Huszti G\u00e1bor, a Somogy Megyei K\u00f6zgy\u0171l\u00e9s aleln\u00f6ke, majd gyertyagy\u00fajt\u00e1s az \u00e1ldozatok eml\u00e9k\u00e9re. A hittanos farsang id\u0151pontja febru\u00e1r 23. d\u00e9lut\u00e1n 13 \u00f3rakor lesz. A r\u00e9szleteket a hittan\u00f3r\u00e1kon hirdetik a hitoktat\u00f3k. A feln\u0151tt Katolikus B\u00e1l m\u00e1rcius 2-\u00e1n a gimn\u00e1zium eb\u00e9dl\u0151j\u00e9ben lesz megtartva. Jegyeket Gelencs\u00e9r R\u00f3bertn\u00e9l, S\u00e1voly Andre\u00e1n\u00e1l \u00e9s a pl\u00e9b\u00e1ni\u00e1n lehet v\u00e1s\u00e1rolni, 4.000- Ft\/f\u0151 \u00e1ron (mely mag\u00e1ba foglalja a&#8230;<\/p>\n<p class=\"read-more\"><a class=\"btn btn-default\" href=\"https:\/\/marcali.plebania.hu\/?p=632\"> Read More<span class=\"screen-reader-text\">  Read More<\/span><\/a><\/p>\n","protected":false},"author":2,"featured_media":0,"comment_status":"closed","ping_status":"open","sticky":false,"template":"","format":"standard","meta":{"footnotes":""},"categories":[1],"tags":[],"class_list":["post-632","post","type-post","status-publish","format-standard","hentry","category-egyeb"],"_links":{"self":[{"href":"https:\/\/marcali.plebania.hu\/index.php?rest_route=\/wp\/v2\/posts\/632","targetHints":{"allow":["GET"]}}],"collection":[{"href":"https:\/\/marcali.plebania.hu\/index.php?rest_route=\/wp\/v2\/posts"}],"about":[{"href":"https:\/\/marcali.plebania.hu\/index.php?rest_route=\/wp\/v2\/types\/post"}],"author":[{"embeddable":true,"href":"https:\/\/marcali.plebania.hu\/index.php?rest_route=\/wp\/v2\/users\/2"}],"replies":[{"embeddable":true,"href":"https:\/\/marcali.plebania.hu\/index.php?rest_route=%2Fwp%2Fv2%2Fcomments&post=632"}],"version-history":[{"count":1,"href":"https:\/\/marcali.plebania.hu\/index.php?rest_route=\/wp\/v2\/posts\/632\/revisions"}],"predecessor-version":[{"id":633,"href":"https:\/\/marcali.plebania.hu\/index.php?rest_route=\/wp\/v2\/posts\/632\/revisions\/633"}],"wp:attachment":[{"href":"https:\/\/marcali.plebania.hu\/index.php?rest_route=%2Fwp%2Fv2%2Fmedia&parent=632"}],"wp:term":[{"taxonomy":"category","embeddable":true,"href":"https:\/\/marcali.plebania.hu\/index.php?rest_route=%2Fwp%2Fv2%2Fcategories&post=632"},{"taxonomy":"post_tag","embeddable":true,"href":"https:\/\/marcali.plebania.hu\/index.php?rest_route=%2Fwp%2Fv2%2Ftags&post=632"}],"curies":[{"name":"wp","href":"https:\/\/api.w.org\/{rel}","templated":true}]}}