{"id":6323,"date":"2024-12-12T08:15:01","date_gmt":"2024-12-12T08:15:01","guid":{"rendered":"https:\/\/marcali.plebania.hu\/?p=6323"},"modified":"2024-12-12T08:15:28","modified_gmt":"2024-12-12T08:15:28","slug":"hirdetesek-2024-december-8-an","status":"publish","type":"post","link":"https:\/\/marcali.plebania.hu\/?p=6323","title":{"rendered":"Hirdet\u00e9sek 2024. december 8-\u00e1n"},"content":{"rendered":"\n<p><\/p>\n\n\n\n<p><strong><a href=\"https:\/\/igenaptar.katolikus.hu\/2024\/nap\/index.php?holnap=2024-12-08\" target=\"_blank\" rel=\"noreferrer noopener\"><u>Advent 2. vas\u00e1rnapja<\/u><\/a><\/strong><strong><\/strong><\/p>\n\n\n\n<ol start=\"1\" class=\"wp-block-list\">\n<li>Az adventi id\u0151szakr\u00f3l \u00e9s k\u00e9sz\u00fcletr\u0151l honlapunkon el\u00e9rhet\u0151 egy \u00f6ssze\u00e1ll\u00edt\u00e1s, szeretettel aj\u00e1nljuk. Adventben cs\u00fct\u00f6rt\u00f6k\u00f6nk\u00e9nt 6:30-kor kezdj\u00fck a rorate szentmis\u00e9t, ut\u00e1na a r\u00e9sztvev\u0151ket k\u00f6z\u00f6s reggeliz\u00e9sre h\u00edvjuk a sekresty\u00e9be.<\/li>\n\n\n\n<li>A mai nap pl\u00e9b\u00e1niatemplomunk <strong>szents\u00e9gim\u00e1d\u00e1si nap<\/strong>ja: 11 \u00f3r\u00e1t\u00f3l 17 \u00f3r\u00e1ig kihelyezz\u00fck az olt\u00e1rra az Euchariszti\u00e1t im\u00e1d\u00e1sra. K\u00f6sz\u00f6nj\u00fck a jelentkez\u00e9st mindazoknak, akik v\u00e1llaltak szents\u00e9gim\u00e1d\u00e1si \u00f3r\u00e1t. A t\u00f6bbieket is biztatjuk arra, hogy lehet\u0151s\u00e9geikhez m\u00e9rten t\u00e9rjenek be a templomba im\u00e1dkozni az Olt\u00e1riszents\u00e9g el\u0151tt (11 \u00e9s 17 \u00f3ra k\u00f6zt).<\/li>\n\n\n\n<li>A karit\u00e1sz tagjait kedden 18:00-ra h\u00edvjuk megbesz\u00e9l\u00e9sre a pl\u00e9b\u00e1ni\u00e1ra.<\/li>\n\n\n\n<li>A <strong>K\u00c9SZ<\/strong> taggy\u0171l\u00e9s szerd\u00e1n 16:30-kor kezd\u0151dik a pl\u00e9b\u00e1ni\u00e1n.<\/li>\n\n\n\n<li>A <strong>feln\u0151tthittan<\/strong> \u00e9s szents\u00e9gi felk\u00e9sz\u00edt\u0151 k\u00f6vetkez\u0151 tal\u00e1lkoz\u00f3ja szerd\u00e1n 18:00-kor kezd\u0151dik a pl\u00e9b\u00e1ni\u00e1n.<\/li>\n\n\n\n<li>A <strong>fatimai ima\u00f3ra<\/strong> p\u00e9nteken 16:30-kor kezd\u0151dik a templomban.<\/li>\n\n\n\n<li>A <strong>\u201eMi\u00e9rt hiszek?\u201d-sorozat<\/strong>unk k\u00f6vetkez\u0151 vend\u00e9gei Fekete Csaba \u00e1lland\u00f3 diak\u00f3nus \u00e9s feles\u00e9ge, Feket\u00e9n\u00e9 Szab\u00f3 M\u00e1rta, a Kaposv\u00e1ri Egyh\u00e1zmegyei Karit\u00e1sz vezet\u0151je lesznek. December 19-\u00e9n (cs\u00fct\u00f6rt\u00f6k\u00f6n) 17:00-kor kezdik tan\u00fas\u00e1gt\u00e9tel\u00fcket az X-h\u00e1zban (D\u00f3zsa u. 3.). Szeretettel h\u00edvjuk az \u00e9rdekl\u0151d\u0151ket.<\/li>\n\n\n\n<li>A Somogys\u00e1msoni Pl\u00e9b\u00e1nia adventi <strong>lelki nap<\/strong>ja december 20-\u00e1n 17:30-kor kezd\u0151dik a somogys\u00e1msoni templomban. A megh\u00edvott vend\u00e9gek Pohnert D\u00e1vid \u00fajmis\u00e9s atya \u00e9s Dr. Cs\u00f3kay Andr\u00e1s idegseb\u00e9sz. A F\u00e9ny Gyermekei zenekar adventi koncerttel k\u00e9sz\u00fcl \u00e9s gy\u00f3n\u00e1sra is lesz lehet\u0151s\u00e9g az est folyam\u00e1n. K\u00e9rj\u00fck, aki kocsival tud j\u00f6nni \u00e9s van n\u00e1la szabad hely, jelezze ezt a sekresty\u00e9ben vagy az irod\u00e1ban. Azok jelentkez\u00e9s\u00e9t is v\u00e1rjuk, akik a kijut\u00e1sban seg\u00edts\u00e9get k\u00e9rnek. Aznap a mi templomunkban nem lesz szentmise, helyette mindenkit a lelki napon val\u00f3 r\u00e9szv\u00e9telre biztatunk. 17:00-kor indulunk a templom el\u0151tti parkol\u00f3b\u00f3l.<\/li>\n<\/ol>\n\n\n\n<hr class=\"wp-block-separator has-alpha-channel-opacity\"\/>\n\n\n\n<figure class=\"wp-block-image size-large\"><img loading=\"lazy\" decoding=\"async\" width=\"1024\" height=\"989\" src=\"https:\/\/marcali.plebania.hu\/wp-content\/uploads\/2024\/12\/20241208-1024x989.png\" alt=\"\" class=\"wp-image-6324\" srcset=\"https:\/\/marcali.plebania.hu\/wp-content\/uploads\/2024\/12\/20241208-1024x989.png 1024w, https:\/\/marcali.plebania.hu\/wp-content\/uploads\/2024\/12\/20241208-300x290.png 300w, https:\/\/marcali.plebania.hu\/wp-content\/uploads\/2024\/12\/20241208-768x742.png 768w, https:\/\/marcali.plebania.hu\/wp-content\/uploads\/2024\/12\/20241208-279x270.png 279w, https:\/\/marcali.plebania.hu\/wp-content\/uploads\/2024\/12\/20241208.png 1333w\" sizes=\"auto, (max-width: 1024px) 100vw, 1024px\" \/><\/figure>\n","protected":false},"excerpt":{"rendered":"<p>Advent 2. vas\u00e1rnapja<\/p>\n","protected":false},"author":1,"featured_media":0,"comment_status":"closed","ping_status":"open","sticky":false,"template":"","format":"standard","meta":{"footnotes":""},"categories":[1],"tags":[],"class_list":["post-6323","post","type-post","status-publish","format-standard","hentry","category-egyeb"],"_links":{"self":[{"href":"https:\/\/marcali.plebania.hu\/index.php?rest_route=\/wp\/v2\/posts\/6323","targetHints":{"allow":["GET"]}}],"collection":[{"href":"https:\/\/marcali.plebania.hu\/index.php?rest_route=\/wp\/v2\/posts"}],"about":[{"href":"https:\/\/marcali.plebania.hu\/index.php?rest_route=\/wp\/v2\/types\/post"}],"author":[{"embeddable":true,"href":"https:\/\/marcali.plebania.hu\/index.php?rest_route=\/wp\/v2\/users\/1"}],"replies":[{"embeddable":true,"href":"https:\/\/marcali.plebania.hu\/index.php?rest_route=%2Fwp%2Fv2%2Fcomments&post=6323"}],"version-history":[{"count":2,"href":"https:\/\/marcali.plebania.hu\/index.php?rest_route=\/wp\/v2\/posts\/6323\/revisions"}],"predecessor-version":[{"id":6326,"href":"https:\/\/marcali.plebania.hu\/index.php?rest_route=\/wp\/v2\/posts\/6323\/revisions\/6326"}],"wp:attachment":[{"href":"https:\/\/marcali.plebania.hu\/index.php?rest_route=%2Fwp%2Fv2%2Fmedia&parent=6323"}],"wp:term":[{"taxonomy":"category","embeddable":true,"href":"https:\/\/marcali.plebania.hu\/index.php?rest_route=%2Fwp%2Fv2%2Fcategories&post=6323"},{"taxonomy":"post_tag","embeddable":true,"href":"https:\/\/marcali.plebania.hu\/index.php?rest_route=%2Fwp%2Fv2%2Ftags&post=6323"}],"curies":[{"name":"wp","href":"https:\/\/api.w.org\/{rel}","templated":true}]}}