{"id":6327,"date":"2024-12-05T09:30:46","date_gmt":"2024-12-05T09:30:46","guid":{"rendered":"https:\/\/marcali.plebania.hu\/?p=6327"},"modified":"2024-12-12T09:32:44","modified_gmt":"2024-12-12T09:32:44","slug":"meggyujtottak-a-2024-es-ev-elso-adventi-gyertyajat","status":"publish","type":"post","link":"https:\/\/marcali.plebania.hu\/?p=6327","title":{"rendered":"Meggy\u00fajtott\u00e1k a 2024-es \u00e9v els\u0151 \u00e1dventi gyerty\u00e1j\u00e1t"},"content":{"rendered":"\n<p>2024. november 30-\u00e1n, szombaton 17 \u00f3rakor kezd\u0151d\u00f6tt az idei \u00e1dventi gyertyagy\u00fajt\u00e1s a Boldog II. J\u00e1nos P\u00e1l p\u00e1pa t\u00e9ren \u00e1ll\u00f3 k\u00fclt\u00e9ri \u00e1dventi koszor\u00fan\u00e1l. A programban els\u0151k\u00e9nt a Marcali Berzsenyi D\u00e1niel Gimn\u00e1zium tanul\u00f3i adtak el\u0151 zen\u00e9s-verses m\u0171sort, majd pedig Bereczk Bal\u00e1zs polg\u00e1rmester \u2013 K\u0151r\u00f6si Andr\u00e1s gimn\u00e1ziumi igazgat\u00f3 k\u00eds\u00e9ret\u00e9ben \u2013 gy\u00fajtotta meg az els\u0151 lila sz\u00edn\u0171 gyerty\u00e1t.<\/p>\n\n\n\n<figure class=\"wp-block-gallery has-nested-images columns-default is-cropped wp-block-gallery-1 is-layout-flex wp-block-gallery-is-layout-flex\">\n<figure class=\"wp-block-image size-large\"><img loading=\"lazy\" decoding=\"async\" width=\"1024\" height=\"683\" data-id=\"6328\" src=\"https:\/\/marcali.plebania.hu\/wp-content\/uploads\/2024\/12\/01-3-1024x683.jpg\" alt=\"\" class=\"wp-image-6328\" srcset=\"https:\/\/marcali.plebania.hu\/wp-content\/uploads\/2024\/12\/01-3-1024x683.jpg 1024w, https:\/\/marcali.plebania.hu\/wp-content\/uploads\/2024\/12\/01-3-300x200.jpg 300w, https:\/\/marcali.plebania.hu\/wp-content\/uploads\/2024\/12\/01-3-768x512.jpg 768w, https:\/\/marcali.plebania.hu\/wp-content\/uploads\/2024\/12\/01-3-1536x1024.jpg 1536w, https:\/\/marcali.plebania.hu\/wp-content\/uploads\/2024\/12\/01-3-2048x1365.jpg 2048w, https:\/\/marcali.plebania.hu\/wp-content\/uploads\/2024\/12\/01-3-405x270.jpg 405w\" sizes=\"auto, (max-width: 1024px) 100vw, 1024px\" \/><\/figure>\n\n\n\n<figure class=\"wp-block-image size-large\"><img loading=\"lazy\" decoding=\"async\" width=\"1024\" height=\"683\" data-id=\"6329\" src=\"https:\/\/marcali.plebania.hu\/wp-content\/uploads\/2024\/12\/03-3-1024x683.jpg\" alt=\"\" class=\"wp-image-6329\" srcset=\"https:\/\/marcali.plebania.hu\/wp-content\/uploads\/2024\/12\/03-3-1024x683.jpg 1024w, https:\/\/marcali.plebania.hu\/wp-content\/uploads\/2024\/12\/03-3-300x200.jpg 300w, https:\/\/marcali.plebania.hu\/wp-content\/uploads\/2024\/12\/03-3-768x512.jpg 768w, https:\/\/marcali.plebania.hu\/wp-content\/uploads\/2024\/12\/03-3-1536x1024.jpg 1536w, https:\/\/marcali.plebania.hu\/wp-content\/uploads\/2024\/12\/03-3-2048x1365.jpg 2048w, https:\/\/marcali.plebania.hu\/wp-content\/uploads\/2024\/12\/03-3-405x270.jpg 405w\" sizes=\"auto, (max-width: 1024px) 100vw, 1024px\" \/><\/figure>\n\n\n\n<figure class=\"wp-block-image size-large\"><img loading=\"lazy\" decoding=\"async\" width=\"1024\" height=\"683\" data-id=\"6330\" src=\"https:\/\/marcali.plebania.hu\/wp-content\/uploads\/2024\/12\/04-3-1024x683.jpg\" alt=\"\" class=\"wp-image-6330\" srcset=\"https:\/\/marcali.plebania.hu\/wp-content\/uploads\/2024\/12\/04-3-1024x683.jpg 1024w, https:\/\/marcali.plebania.hu\/wp-content\/uploads\/2024\/12\/04-3-300x200.jpg 300w, https:\/\/marcali.plebania.hu\/wp-content\/uploads\/2024\/12\/04-3-768x512.jpg 768w, https:\/\/marcali.plebania.hu\/wp-content\/uploads\/2024\/12\/04-3-1536x1024.jpg 1536w, https:\/\/marcali.plebania.hu\/wp-content\/uploads\/2024\/12\/04-3-2048x1365.jpg 2048w, https:\/\/marcali.plebania.hu\/wp-content\/uploads\/2024\/12\/04-3-405x270.jpg 405w\" sizes=\"auto, (max-width: 1024px) 100vw, 1024px\" \/><\/figure>\n\n\n\n<figure class=\"wp-block-image size-large\"><img loading=\"lazy\" decoding=\"async\" width=\"1024\" height=\"683\" data-id=\"6332\" src=\"https:\/\/marcali.plebania.hu\/wp-content\/uploads\/2024\/12\/22-1-1024x683.jpg\" alt=\"\" class=\"wp-image-6332\" srcset=\"https:\/\/marcali.plebania.hu\/wp-content\/uploads\/2024\/12\/22-1-1024x683.jpg 1024w, https:\/\/marcali.plebania.hu\/wp-content\/uploads\/2024\/12\/22-1-300x200.jpg 300w, https:\/\/marcali.plebania.hu\/wp-content\/uploads\/2024\/12\/22-1-768x512.jpg 768w, https:\/\/marcali.plebania.hu\/wp-content\/uploads\/2024\/12\/22-1-1536x1024.jpg 1536w, https:\/\/marcali.plebania.hu\/wp-content\/uploads\/2024\/12\/22-1-2048x1365.jpg 2048w, https:\/\/marcali.plebania.hu\/wp-content\/uploads\/2024\/12\/22-1-405x270.jpg 405w\" sizes=\"auto, (max-width: 1024px) 100vw, 1024px\" \/><\/figure>\n<\/figure>\n\n\n\n<p>Az advent sz\u00f3 jelent\u00e9se \u201eelj\u00f6vetel\u201d. A latin \u201eadventus Domini\u201d kifejez\u00e9sb\u0151l sz\u00e1rmazik, ami annyit tesz: \u201eaz \u00dar elj\u00f6vetele\u201d. Az els\u0151 gyertya \u00c1d\u00e1mot \u00e9s \u00c9v\u00e1t szimboliz\u00e1lja, akiknek Isten els\u0151k\u00e9nt \u00edg\u00e9rte meg a megv\u00e1lt\u00e1st, ez\u00e9rt ez a hit jelk\u00e9pe.<\/p>\n\n\n\n<figure class=\"wp-block-gallery has-nested-images columns-default is-cropped wp-block-gallery-2 is-layout-flex wp-block-gallery-is-layout-flex\">\n<figure class=\"wp-block-image size-large\"><img loading=\"lazy\" decoding=\"async\" width=\"1024\" height=\"683\" data-id=\"6333\" src=\"https:\/\/marcali.plebania.hu\/wp-content\/uploads\/2024\/12\/24-1-1024x683.jpg\" alt=\"\" class=\"wp-image-6333\" srcset=\"https:\/\/marcali.plebania.hu\/wp-content\/uploads\/2024\/12\/24-1-1024x683.jpg 1024w, https:\/\/marcali.plebania.hu\/wp-content\/uploads\/2024\/12\/24-1-300x200.jpg 300w, https:\/\/marcali.plebania.hu\/wp-content\/uploads\/2024\/12\/24-1-768x512.jpg 768w, https:\/\/marcali.plebania.hu\/wp-content\/uploads\/2024\/12\/24-1-1536x1024.jpg 1536w, https:\/\/marcali.plebania.hu\/wp-content\/uploads\/2024\/12\/24-1-2048x1365.jpg 2048w, https:\/\/marcali.plebania.hu\/wp-content\/uploads\/2024\/12\/24-1-405x270.jpg 405w\" sizes=\"auto, (max-width: 1024px) 100vw, 1024px\" \/><\/figure>\n\n\n\n<figure class=\"wp-block-image size-large\"><img loading=\"lazy\" decoding=\"async\" width=\"1024\" height=\"683\" data-id=\"6337\" src=\"https:\/\/marcali.plebania.hu\/wp-content\/uploads\/2024\/12\/11-1-1024x683.jpg\" alt=\"\" class=\"wp-image-6337\" srcset=\"https:\/\/marcali.plebania.hu\/wp-content\/uploads\/2024\/12\/11-1-1024x683.jpg 1024w, https:\/\/marcali.plebania.hu\/wp-content\/uploads\/2024\/12\/11-1-300x200.jpg 300w, https:\/\/marcali.plebania.hu\/wp-content\/uploads\/2024\/12\/11-1-768x512.jpg 768w, https:\/\/marcali.plebania.hu\/wp-content\/uploads\/2024\/12\/11-1-1536x1024.jpg 1536w, https:\/\/marcali.plebania.hu\/wp-content\/uploads\/2024\/12\/11-1-2048x1365.jpg 2048w, https:\/\/marcali.plebania.hu\/wp-content\/uploads\/2024\/12\/11-1-405x270.jpg 405w\" sizes=\"auto, (max-width: 1024px) 100vw, 1024px\" \/><\/figure>\n\n\n\n<figure class=\"wp-block-image size-large\"><img loading=\"lazy\" decoding=\"async\" width=\"1024\" height=\"683\" data-id=\"6334\" src=\"https:\/\/marcali.plebania.hu\/wp-content\/uploads\/2024\/12\/26-1024x683.jpg\" alt=\"\" class=\"wp-image-6334\" srcset=\"https:\/\/marcali.plebania.hu\/wp-content\/uploads\/2024\/12\/26-1024x683.jpg 1024w, https:\/\/marcali.plebania.hu\/wp-content\/uploads\/2024\/12\/26-300x200.jpg 300w, https:\/\/marcali.plebania.hu\/wp-content\/uploads\/2024\/12\/26-768x512.jpg 768w, https:\/\/marcali.plebania.hu\/wp-content\/uploads\/2024\/12\/26-1536x1024.jpg 1536w, https:\/\/marcali.plebania.hu\/wp-content\/uploads\/2024\/12\/26-2048x1365.jpg 2048w, https:\/\/marcali.plebania.hu\/wp-content\/uploads\/2024\/12\/26-405x270.jpg 405w\" sizes=\"auto, (max-width: 1024px) 100vw, 1024px\" \/><\/figure>\n\n\n\n<figure class=\"wp-block-image size-large\"><img loading=\"lazy\" decoding=\"async\" width=\"1024\" height=\"683\" data-id=\"6338\" src=\"https:\/\/marcali.plebania.hu\/wp-content\/uploads\/2024\/12\/30-1024x683.jpg\" alt=\"\" class=\"wp-image-6338\" srcset=\"https:\/\/marcali.plebania.hu\/wp-content\/uploads\/2024\/12\/30-1024x683.jpg 1024w, https:\/\/marcali.plebania.hu\/wp-content\/uploads\/2024\/12\/30-300x200.jpg 300w, https:\/\/marcali.plebania.hu\/wp-content\/uploads\/2024\/12\/30-768x512.jpg 768w, https:\/\/marcali.plebania.hu\/wp-content\/uploads\/2024\/12\/30-1536x1024.jpg 1536w, https:\/\/marcali.plebania.hu\/wp-content\/uploads\/2024\/12\/30-2048x1365.jpg 2048w, https:\/\/marcali.plebania.hu\/wp-content\/uploads\/2024\/12\/30-405x270.jpg 405w\" sizes=\"auto, (max-width: 1024px) 100vw, 1024px\" \/><\/figure>\n<\/figure>\n\n\n\n<p>\u00cdrta \u00e9s fot\u00f3k: Kiss K\u00e1lm\u00e1n<\/p>\n","protected":false},"excerpt":{"rendered":"<p>2024. november 30-\u00e1n, szombaton 17 \u00f3rakor kezd\u0151d\u00f6tt az idei \u00e1dventi gyertyagy\u00fajt\u00e1s a Boldog II. J\u00e1nos P\u00e1l p\u00e1pa t\u00e9ren \u00e1ll\u00f3 k\u00fclt\u00e9ri \u00e1dventi koszor\u00fan\u00e1l. A programban els\u0151k\u00e9nt a Marcali Berzsenyi D\u00e1niel Gimn\u00e1zium tanul\u00f3i adtak el\u0151 zen\u00e9s-verses m\u0171sort, majd pedig Bereczk Bal\u00e1zs polg\u00e1rmester \u2013 K\u0151r\u00f6si Andr\u00e1s gimn\u00e1ziumi igazgat\u00f3 k\u00eds\u00e9ret\u00e9ben \u2013 gy\u00fajtotta meg az els\u0151 lila sz\u00edn\u0171 gyerty\u00e1t. Az advent sz\u00f3 jelent\u00e9se \u201eelj\u00f6vetel\u201d. A latin \u201eadventus Domini\u201d kifejez\u00e9sb\u0151l sz\u00e1rmazik, ami annyit tesz: \u201eaz \u00dar elj\u00f6vetele\u201d. Az els\u0151 gyertya \u00c1d\u00e1mot \u00e9s \u00c9v\u00e1t szimboliz\u00e1lja, akiknek Isten&#8230;<\/p>\n<p class=\"read-more\"><a class=\"btn btn-default\" href=\"https:\/\/marcali.plebania.hu\/?p=6327\"> Read More<span class=\"screen-reader-text\">  Read More<\/span><\/a><\/p>\n","protected":false},"author":2,"featured_media":0,"comment_status":"closed","ping_status":"open","sticky":false,"template":"","format":"standard","meta":{"footnotes":""},"categories":[1],"tags":[],"class_list":["post-6327","post","type-post","status-publish","format-standard","hentry","category-egyeb"],"_links":{"self":[{"href":"https:\/\/marcali.plebania.hu\/index.php?rest_route=\/wp\/v2\/posts\/6327","targetHints":{"allow":["GET"]}}],"collection":[{"href":"https:\/\/marcali.plebania.hu\/index.php?rest_route=\/wp\/v2\/posts"}],"about":[{"href":"https:\/\/marcali.plebania.hu\/index.php?rest_route=\/wp\/v2\/types\/post"}],"author":[{"embeddable":true,"href":"https:\/\/marcali.plebania.hu\/index.php?rest_route=\/wp\/v2\/users\/2"}],"replies":[{"embeddable":true,"href":"https:\/\/marcali.plebania.hu\/index.php?rest_route=%2Fwp%2Fv2%2Fcomments&post=6327"}],"version-history":[{"count":1,"href":"https:\/\/marcali.plebania.hu\/index.php?rest_route=\/wp\/v2\/posts\/6327\/revisions"}],"predecessor-version":[{"id":6339,"href":"https:\/\/marcali.plebania.hu\/index.php?rest_route=\/wp\/v2\/posts\/6327\/revisions\/6339"}],"wp:attachment":[{"href":"https:\/\/marcali.plebania.hu\/index.php?rest_route=%2Fwp%2Fv2%2Fmedia&parent=6327"}],"wp:term":[{"taxonomy":"category","embeddable":true,"href":"https:\/\/marcali.plebania.hu\/index.php?rest_route=%2Fwp%2Fv2%2Fcategories&post=6327"},{"taxonomy":"post_tag","embeddable":true,"href":"https:\/\/marcali.plebania.hu\/index.php?rest_route=%2Fwp%2Fv2%2Ftags&post=6327"}],"curies":[{"name":"wp","href":"https:\/\/api.w.org\/{rel}","templated":true}]}}