{"id":6340,"date":"2024-12-12T09:12:21","date_gmt":"2024-12-12T09:12:21","guid":{"rendered":"https:\/\/marcali.plebania.hu\/?p=6340"},"modified":"2024-12-12T09:12:21","modified_gmt":"2024-12-12T09:12:21","slug":"meggyujtottak-a-2024-es-ev-masodik-adventi-gyertyajat","status":"publish","type":"post","link":"https:\/\/marcali.plebania.hu\/?p=6340","title":{"rendered":"Meggy\u00fajtott\u00e1k a 2024-es \u00e9v m\u00e1sodik \u00e1dventi gyerty\u00e1j\u00e1t"},"content":{"rendered":"\n<p>2024. december 7-\u00e9n, szombaton 17 \u00f3rakor kezd\u0151d\u00f6tt az idei m\u00e1sodik \u00e1dventi gyertyagy\u00fajt\u00e1s a Boldog II. J\u00e1nos P\u00e1l p\u00e1pa t\u00e9ren \u00e1ll\u00f3 k\u00fclt\u00e9ri \u00e1dventi koszor\u00fan\u00e1l. A programban els\u0151k\u00e9nt a Marcali Miksz\u00e1th K\u00e1lm\u00e1n \u00c1ltal\u00e1nos Iskola tanul\u00f3i adtak el\u0151 zen\u00e9s-verses m\u0171sort, majd pedig az iskola egyik di\u00e1kja gy\u00fajtotta meg a m\u00e1sodik lila sz\u00edn\u0171 gyerty\u00e1t.<\/p>\n\n\n\n<figure class=\"wp-block-gallery has-nested-images columns-default is-cropped wp-block-gallery-1 is-layout-flex wp-block-gallery-is-layout-flex\">\n<figure class=\"wp-block-image size-large\"><img loading=\"lazy\" decoding=\"async\" width=\"1024\" height=\"683\" data-id=\"6344\" src=\"https:\/\/marcali.plebania.hu\/wp-content\/uploads\/2024\/12\/01-4-1024x683.jpg\" alt=\"\" class=\"wp-image-6344\" srcset=\"https:\/\/marcali.plebania.hu\/wp-content\/uploads\/2024\/12\/01-4-1024x683.jpg 1024w, https:\/\/marcali.plebania.hu\/wp-content\/uploads\/2024\/12\/01-4-300x200.jpg 300w, https:\/\/marcali.plebania.hu\/wp-content\/uploads\/2024\/12\/01-4-768x512.jpg 768w, https:\/\/marcali.plebania.hu\/wp-content\/uploads\/2024\/12\/01-4-1536x1024.jpg 1536w, https:\/\/marcali.plebania.hu\/wp-content\/uploads\/2024\/12\/01-4-2048x1365.jpg 2048w, https:\/\/marcali.plebania.hu\/wp-content\/uploads\/2024\/12\/01-4-405x270.jpg 405w\" sizes=\"auto, (max-width: 1024px) 100vw, 1024px\" \/><\/figure>\n\n\n\n<figure class=\"wp-block-image size-large\"><img loading=\"lazy\" decoding=\"async\" width=\"1024\" height=\"683\" data-id=\"6343\" src=\"https:\/\/marcali.plebania.hu\/wp-content\/uploads\/2024\/12\/03-4-1024x683.jpg\" alt=\"\" class=\"wp-image-6343\" srcset=\"https:\/\/marcali.plebania.hu\/wp-content\/uploads\/2024\/12\/03-4-1024x683.jpg 1024w, https:\/\/marcali.plebania.hu\/wp-content\/uploads\/2024\/12\/03-4-300x200.jpg 300w, https:\/\/marcali.plebania.hu\/wp-content\/uploads\/2024\/12\/03-4-768x512.jpg 768w, https:\/\/marcali.plebania.hu\/wp-content\/uploads\/2024\/12\/03-4-1536x1024.jpg 1536w, https:\/\/marcali.plebania.hu\/wp-content\/uploads\/2024\/12\/03-4-2048x1365.jpg 2048w, https:\/\/marcali.plebania.hu\/wp-content\/uploads\/2024\/12\/03-4-405x270.jpg 405w\" sizes=\"auto, (max-width: 1024px) 100vw, 1024px\" \/><\/figure>\n\n\n\n<figure class=\"wp-block-image size-large\"><img loading=\"lazy\" decoding=\"async\" width=\"1024\" height=\"683\" data-id=\"6341\" src=\"https:\/\/marcali.plebania.hu\/wp-content\/uploads\/2024\/12\/04-4-1024x683.jpg\" alt=\"\" class=\"wp-image-6341\" srcset=\"https:\/\/marcali.plebania.hu\/wp-content\/uploads\/2024\/12\/04-4-1024x683.jpg 1024w, https:\/\/marcali.plebania.hu\/wp-content\/uploads\/2024\/12\/04-4-300x200.jpg 300w, https:\/\/marcali.plebania.hu\/wp-content\/uploads\/2024\/12\/04-4-768x512.jpg 768w, https:\/\/marcali.plebania.hu\/wp-content\/uploads\/2024\/12\/04-4-1536x1024.jpg 1536w, https:\/\/marcali.plebania.hu\/wp-content\/uploads\/2024\/12\/04-4-2048x1365.jpg 2048w, https:\/\/marcali.plebania.hu\/wp-content\/uploads\/2024\/12\/04-4-405x270.jpg 405w\" sizes=\"auto, (max-width: 1024px) 100vw, 1024px\" \/><\/figure>\n\n\n\n<figure class=\"wp-block-image size-large\"><img loading=\"lazy\" decoding=\"async\" width=\"1024\" height=\"683\" data-id=\"6345\" src=\"https:\/\/marcali.plebania.hu\/wp-content\/uploads\/2024\/12\/05-1024x683.jpg\" alt=\"\" class=\"wp-image-6345\" srcset=\"https:\/\/marcali.plebania.hu\/wp-content\/uploads\/2024\/12\/05-1024x683.jpg 1024w, https:\/\/marcali.plebania.hu\/wp-content\/uploads\/2024\/12\/05-300x200.jpg 300w, https:\/\/marcali.plebania.hu\/wp-content\/uploads\/2024\/12\/05-768x512.jpg 768w, https:\/\/marcali.plebania.hu\/wp-content\/uploads\/2024\/12\/05-1536x1024.jpg 1536w, https:\/\/marcali.plebania.hu\/wp-content\/uploads\/2024\/12\/05-2048x1365.jpg 2048w, https:\/\/marcali.plebania.hu\/wp-content\/uploads\/2024\/12\/05-405x270.jpg 405w\" sizes=\"auto, (max-width: 1024px) 100vw, 1024px\" \/><\/figure>\n<\/figure>\n\n\n\n<p>A m\u00e1sodik gyertya a zsid\u00f3 n\u00e9pet szimboliz\u00e1lja, akiknek Isten meg\u00edg\u00e9rte, hogy k\u00f6z\u00fcl\u00fck val\u00f3 lesz a Messi\u00e1s, ez\u00e9rt ez a gyertya a rem\u00e9ny jelk\u00e9pe.<\/p>\n\n\n\n<figure class=\"wp-block-gallery has-nested-images columns-default is-cropped wp-block-gallery-2 is-layout-flex wp-block-gallery-is-layout-flex\">\n<figure class=\"wp-block-image size-large\"><img loading=\"lazy\" decoding=\"async\" width=\"1024\" height=\"683\" data-id=\"6350\" src=\"https:\/\/marcali.plebania.hu\/wp-content\/uploads\/2024\/12\/07-2-1024x683.jpg\" alt=\"\" class=\"wp-image-6350\" srcset=\"https:\/\/marcali.plebania.hu\/wp-content\/uploads\/2024\/12\/07-2-1024x683.jpg 1024w, https:\/\/marcali.plebania.hu\/wp-content\/uploads\/2024\/12\/07-2-300x200.jpg 300w, https:\/\/marcali.plebania.hu\/wp-content\/uploads\/2024\/12\/07-2-768x512.jpg 768w, https:\/\/marcali.plebania.hu\/wp-content\/uploads\/2024\/12\/07-2-1536x1024.jpg 1536w, https:\/\/marcali.plebania.hu\/wp-content\/uploads\/2024\/12\/07-2-2048x1365.jpg 2048w, https:\/\/marcali.plebania.hu\/wp-content\/uploads\/2024\/12\/07-2-405x270.jpg 405w\" sizes=\"auto, (max-width: 1024px) 100vw, 1024px\" \/><\/figure>\n\n\n\n<figure class=\"wp-block-image size-large\"><img loading=\"lazy\" decoding=\"async\" width=\"1024\" height=\"683\" data-id=\"6349\" src=\"https:\/\/marcali.plebania.hu\/wp-content\/uploads\/2024\/12\/08-1-1024x683.jpg\" alt=\"\" class=\"wp-image-6349\" srcset=\"https:\/\/marcali.plebania.hu\/wp-content\/uploads\/2024\/12\/08-1-1024x683.jpg 1024w, https:\/\/marcali.plebania.hu\/wp-content\/uploads\/2024\/12\/08-1-300x200.jpg 300w, https:\/\/marcali.plebania.hu\/wp-content\/uploads\/2024\/12\/08-1-768x512.jpg 768w, https:\/\/marcali.plebania.hu\/wp-content\/uploads\/2024\/12\/08-1-1536x1024.jpg 1536w, https:\/\/marcali.plebania.hu\/wp-content\/uploads\/2024\/12\/08-1-2048x1365.jpg 2048w, https:\/\/marcali.plebania.hu\/wp-content\/uploads\/2024\/12\/08-1-405x270.jpg 405w\" sizes=\"auto, (max-width: 1024px) 100vw, 1024px\" \/><\/figure>\n\n\n\n<figure class=\"wp-block-image size-large\"><img loading=\"lazy\" decoding=\"async\" width=\"1024\" height=\"683\" data-id=\"6348\" src=\"https:\/\/marcali.plebania.hu\/wp-content\/uploads\/2024\/12\/09-1-1024x683.jpg\" alt=\"\" class=\"wp-image-6348\" srcset=\"https:\/\/marcali.plebania.hu\/wp-content\/uploads\/2024\/12\/09-1-1024x683.jpg 1024w, https:\/\/marcali.plebania.hu\/wp-content\/uploads\/2024\/12\/09-1-300x200.jpg 300w, https:\/\/marcali.plebania.hu\/wp-content\/uploads\/2024\/12\/09-1-768x512.jpg 768w, https:\/\/marcali.plebania.hu\/wp-content\/uploads\/2024\/12\/09-1-1536x1024.jpg 1536w, https:\/\/marcali.plebania.hu\/wp-content\/uploads\/2024\/12\/09-1-2048x1365.jpg 2048w, https:\/\/marcali.plebania.hu\/wp-content\/uploads\/2024\/12\/09-1-405x270.jpg 405w\" sizes=\"auto, (max-width: 1024px) 100vw, 1024px\" \/><\/figure>\n\n\n\n<figure class=\"wp-block-image size-large\"><img loading=\"lazy\" decoding=\"async\" width=\"1024\" height=\"683\" data-id=\"6346\" src=\"https:\/\/marcali.plebania.hu\/wp-content\/uploads\/2024\/12\/10-1-1024x683.jpg\" alt=\"\" class=\"wp-image-6346\" srcset=\"https:\/\/marcali.plebania.hu\/wp-content\/uploads\/2024\/12\/10-1-1024x683.jpg 1024w, https:\/\/marcali.plebania.hu\/wp-content\/uploads\/2024\/12\/10-1-300x200.jpg 300w, https:\/\/marcali.plebania.hu\/wp-content\/uploads\/2024\/12\/10-1-768x512.jpg 768w, https:\/\/marcali.plebania.hu\/wp-content\/uploads\/2024\/12\/10-1-1536x1024.jpg 1536w, https:\/\/marcali.plebania.hu\/wp-content\/uploads\/2024\/12\/10-1-2048x1365.jpg 2048w, https:\/\/marcali.plebania.hu\/wp-content\/uploads\/2024\/12\/10-1-405x270.jpg 405w\" sizes=\"auto, (max-width: 1024px) 100vw, 1024px\" \/><\/figure>\n<\/figure>\n\n\n\n<p>\u00cdrta \u00e9s fot\u00f3k: Kiss K\u00e1lm\u00e1n<\/p>\n","protected":false},"excerpt":{"rendered":"<p>2024. december 7-\u00e9n, szombaton 17 \u00f3rakor kezd\u0151d\u00f6tt az idei m\u00e1sodik \u00e1dventi gyertyagy\u00fajt\u00e1s a Boldog II. J\u00e1nos P\u00e1l p\u00e1pa t\u00e9ren \u00e1ll\u00f3 k\u00fclt\u00e9ri \u00e1dventi koszor\u00fan\u00e1l. A programban els\u0151k\u00e9nt a Marcali Miksz\u00e1th K\u00e1lm\u00e1n \u00c1ltal\u00e1nos Iskola tanul\u00f3i adtak el\u0151 zen\u00e9s-verses m\u0171sort, majd pedig az iskola egyik di\u00e1kja gy\u00fajtotta meg a m\u00e1sodik lila sz\u00edn\u0171 gyerty\u00e1t. A m\u00e1sodik gyertya a zsid\u00f3 n\u00e9pet szimboliz\u00e1lja, akiknek Isten meg\u00edg\u00e9rte, hogy k\u00f6z\u00fcl\u00fck val\u00f3 lesz a Messi\u00e1s, ez\u00e9rt ez a gyertya a rem\u00e9ny jelk\u00e9pe. \u00cdrta \u00e9s fot\u00f3k: Kiss K\u00e1lm\u00e1n<\/p>\n","protected":false},"author":2,"featured_media":0,"comment_status":"closed","ping_status":"open","sticky":false,"template":"","format":"standard","meta":{"footnotes":""},"categories":[1],"tags":[],"class_list":["post-6340","post","type-post","status-publish","format-standard","hentry","category-egyeb"],"_links":{"self":[{"href":"https:\/\/marcali.plebania.hu\/index.php?rest_route=\/wp\/v2\/posts\/6340","targetHints":{"allow":["GET"]}}],"collection":[{"href":"https:\/\/marcali.plebania.hu\/index.php?rest_route=\/wp\/v2\/posts"}],"about":[{"href":"https:\/\/marcali.plebania.hu\/index.php?rest_route=\/wp\/v2\/types\/post"}],"author":[{"embeddable":true,"href":"https:\/\/marcali.plebania.hu\/index.php?rest_route=\/wp\/v2\/users\/2"}],"replies":[{"embeddable":true,"href":"https:\/\/marcali.plebania.hu\/index.php?rest_route=%2Fwp%2Fv2%2Fcomments&post=6340"}],"version-history":[{"count":1,"href":"https:\/\/marcali.plebania.hu\/index.php?rest_route=\/wp\/v2\/posts\/6340\/revisions"}],"predecessor-version":[{"id":6351,"href":"https:\/\/marcali.plebania.hu\/index.php?rest_route=\/wp\/v2\/posts\/6340\/revisions\/6351"}],"wp:attachment":[{"href":"https:\/\/marcali.plebania.hu\/index.php?rest_route=%2Fwp%2Fv2%2Fmedia&parent=6340"}],"wp:term":[{"taxonomy":"category","embeddable":true,"href":"https:\/\/marcali.plebania.hu\/index.php?rest_route=%2Fwp%2Fv2%2Fcategories&post=6340"},{"taxonomy":"post_tag","embeddable":true,"href":"https:\/\/marcali.plebania.hu\/index.php?rest_route=%2Fwp%2Fv2%2Ftags&post=6340"}],"curies":[{"name":"wp","href":"https:\/\/api.w.org\/{rel}","templated":true}]}}