{"id":635,"date":"2019-02-22T09:00:25","date_gmt":"2019-02-22T09:00:25","guid":{"rendered":"https:\/\/marcali.plebania.hu\/?p=635"},"modified":"2019-02-22T09:00:25","modified_gmt":"2019-02-22T09:00:25","slug":"hirdetesek-2019-02-24","status":"publish","type":"post","link":"https:\/\/marcali.plebania.hu\/?p=635","title":{"rendered":"Hirdet\u00e9sek, 2019. 02. 24."},"content":{"rendered":"\n<ol class=\"wp-block-list\"><li>Ma van az \u00e9vk\u00f6zi 7. vas\u00e1rnap.<\/li><li>A k\u00f6vetkez\u0151 vas\u00e1rnap az orsz\u00e1g\nvalamennyi katolikus templom\u00e1ban gy\u0171jt\u00e9s lesz a katolikus iskol\u00e1k jav\u00e1ra.<\/li><li>A h\u00e9ten els\u0151 p\u00e9ntek, az esti\ngy\u00f3ntat\u00e1s k\u00e9s\u0151bb lesz a szokottn\u00e1l, 17 \u00f3rakor kezd\u0151dik a szentgy\u00f3n\u00e1s, 17.30-kor\nszentmise.<\/li><li>Szerd\u00e1ig lehet m\u00e9g jelentkezni a\nfeln\u0151tt katolikus b\u00e1lba. A felaj\u00e1nlott tombola t\u00e1rgyakat a pl\u00e9b\u00e1ni\u00e1ra lehet\nbehozni p\u00e9ntek d\u00e9lut\u00e1nig.<\/li><\/ol>\n","protected":false},"excerpt":{"rendered":"<p>Ma van az \u00e9vk\u00f6zi 7. vas\u00e1rnap. A k\u00f6vetkez\u0151 vas\u00e1rnap az orsz\u00e1g valamennyi katolikus templom\u00e1ban gy\u0171jt\u00e9s lesz a katolikus iskol\u00e1k jav\u00e1ra. A h\u00e9ten els\u0151 p\u00e9ntek, az esti gy\u00f3ntat\u00e1s k\u00e9s\u0151bb lesz a szokottn\u00e1l, 17 \u00f3rakor kezd\u0151dik a szentgy\u00f3n\u00e1s, 17.30-kor szentmise. Szerd\u00e1ig lehet m\u00e9g jelentkezni a feln\u0151tt katolikus b\u00e1lba. A felaj\u00e1nlott tombola t\u00e1rgyakat a pl\u00e9b\u00e1ni\u00e1ra lehet behozni p\u00e9ntek d\u00e9lut\u00e1nig.<\/p>\n","protected":false},"author":2,"featured_media":0,"comment_status":"closed","ping_status":"open","sticky":false,"template":"","format":"standard","meta":{"footnotes":""},"categories":[1],"tags":[],"class_list":["post-635","post","type-post","status-publish","format-standard","hentry","category-egyeb"],"_links":{"self":[{"href":"https:\/\/marcali.plebania.hu\/index.php?rest_route=\/wp\/v2\/posts\/635","targetHints":{"allow":["GET"]}}],"collection":[{"href":"https:\/\/marcali.plebania.hu\/index.php?rest_route=\/wp\/v2\/posts"}],"about":[{"href":"https:\/\/marcali.plebania.hu\/index.php?rest_route=\/wp\/v2\/types\/post"}],"author":[{"embeddable":true,"href":"https:\/\/marcali.plebania.hu\/index.php?rest_route=\/wp\/v2\/users\/2"}],"replies":[{"embeddable":true,"href":"https:\/\/marcali.plebania.hu\/index.php?rest_route=%2Fwp%2Fv2%2Fcomments&post=635"}],"version-history":[{"count":1,"href":"https:\/\/marcali.plebania.hu\/index.php?rest_route=\/wp\/v2\/posts\/635\/revisions"}],"predecessor-version":[{"id":636,"href":"https:\/\/marcali.plebania.hu\/index.php?rest_route=\/wp\/v2\/posts\/635\/revisions\/636"}],"wp:attachment":[{"href":"https:\/\/marcali.plebania.hu\/index.php?rest_route=%2Fwp%2Fv2%2Fmedia&parent=635"}],"wp:term":[{"taxonomy":"category","embeddable":true,"href":"https:\/\/marcali.plebania.hu\/index.php?rest_route=%2Fwp%2Fv2%2Fcategories&post=635"},{"taxonomy":"post_tag","embeddable":true,"href":"https:\/\/marcali.plebania.hu\/index.php?rest_route=%2Fwp%2Fv2%2Ftags&post=635"}],"curies":[{"name":"wp","href":"https:\/\/api.w.org\/{rel}","templated":true}]}}