{"id":6369,"date":"2024-12-12T09:37:39","date_gmt":"2024-12-12T09:37:39","guid":{"rendered":"https:\/\/marcali.plebania.hu\/?p=6369"},"modified":"2024-12-12T09:37:39","modified_gmt":"2024-12-12T09:37:39","slug":"fekete-csaba-es-feketene-szabo-marta-miert-hiszek-eloadas-meghivo","status":"publish","type":"post","link":"https:\/\/marcali.plebania.hu\/?p=6369","title":{"rendered":"Fekete Csaba \u00e9s Feket\u00e9n\u00e9 Szab\u00f3 M\u00e1rta: Mi\u00e9rt hiszek? &#8211; El\u0151ad\u00e1s megh\u00edv\u00f3"},"content":{"rendered":"\n<figure class=\"wp-block-image size-large\"><img loading=\"lazy\" decoding=\"async\" width=\"724\" height=\"1024\" src=\"https:\/\/marcali.plebania.hu\/wp-content\/uploads\/2024\/12\/470015341_10225650016133813_5241103525450534117_n-724x1024.jpg\" alt=\"\" class=\"wp-image-6370\" srcset=\"https:\/\/marcali.plebania.hu\/wp-content\/uploads\/2024\/12\/470015341_10225650016133813_5241103525450534117_n-724x1024.jpg 724w, https:\/\/marcali.plebania.hu\/wp-content\/uploads\/2024\/12\/470015341_10225650016133813_5241103525450534117_n-212x300.jpg 212w, https:\/\/marcali.plebania.hu\/wp-content\/uploads\/2024\/12\/470015341_10225650016133813_5241103525450534117_n-768x1086.jpg 768w, https:\/\/marcali.plebania.hu\/wp-content\/uploads\/2024\/12\/470015341_10225650016133813_5241103525450534117_n-1086x1536.jpg 1086w, https:\/\/marcali.plebania.hu\/wp-content\/uploads\/2024\/12\/470015341_10225650016133813_5241103525450534117_n-191x270.jpg 191w, https:\/\/marcali.plebania.hu\/wp-content\/uploads\/2024\/12\/470015341_10225650016133813_5241103525450534117_n.jpg 1448w\" sizes=\"auto, (max-width: 724px) 100vw, 724px\" \/><\/figure>\n","protected":false},"excerpt":{"rendered":"","protected":false},"author":2,"featured_media":0,"comment_status":"closed","ping_status":"open","sticky":false,"template":"","format":"standard","meta":{"footnotes":""},"categories":[1],"tags":[],"class_list":["post-6369","post","type-post","status-publish","format-standard","hentry","category-egyeb"],"_links":{"self":[{"href":"https:\/\/marcali.plebania.hu\/index.php?rest_route=\/wp\/v2\/posts\/6369","targetHints":{"allow":["GET"]}}],"collection":[{"href":"https:\/\/marcali.plebania.hu\/index.php?rest_route=\/wp\/v2\/posts"}],"about":[{"href":"https:\/\/marcali.plebania.hu\/index.php?rest_route=\/wp\/v2\/types\/post"}],"author":[{"embeddable":true,"href":"https:\/\/marcali.plebania.hu\/index.php?rest_route=\/wp\/v2\/users\/2"}],"replies":[{"embeddable":true,"href":"https:\/\/marcali.plebania.hu\/index.php?rest_route=%2Fwp%2Fv2%2Fcomments&post=6369"}],"version-history":[{"count":1,"href":"https:\/\/marcali.plebania.hu\/index.php?rest_route=\/wp\/v2\/posts\/6369\/revisions"}],"predecessor-version":[{"id":6371,"href":"https:\/\/marcali.plebania.hu\/index.php?rest_route=\/wp\/v2\/posts\/6369\/revisions\/6371"}],"wp:attachment":[{"href":"https:\/\/marcali.plebania.hu\/index.php?rest_route=%2Fwp%2Fv2%2Fmedia&parent=6369"}],"wp:term":[{"taxonomy":"category","embeddable":true,"href":"https:\/\/marcali.plebania.hu\/index.php?rest_route=%2Fwp%2Fv2%2Fcategories&post=6369"},{"taxonomy":"post_tag","embeddable":true,"href":"https:\/\/marcali.plebania.hu\/index.php?rest_route=%2Fwp%2Fv2%2Ftags&post=6369"}],"curies":[{"name":"wp","href":"https:\/\/api.w.org\/{rel}","templated":true}]}}