{"id":637,"date":"2019-02-25T15:33:58","date_gmt":"2019-02-25T15:33:58","guid":{"rendered":"https:\/\/marcali.plebania.hu\/?p=637"},"modified":"2019-02-25T15:33:58","modified_gmt":"2019-02-25T15:33:58","slug":"szentmise-es-megemlekezes-a-kommunizmus-aldozatairol","status":"publish","type":"post","link":"https:\/\/marcali.plebania.hu\/?p=637","title":{"rendered":"Szentmise \u00e9s megeml\u00e9kez\u00e9s a kommunizmus \u00e1ldozatair\u00f3l"},"content":{"rendered":"\n<p>2019. febru\u00e1r 22-\u00e9n, p\u00e9nteken 17 \u00f3r\u00e1t\u00f3l a pl\u00e9b\u00e1niatemplomban Kiss Iv\u00e1n c. pr\u00e9post, esperes-pl\u00e9b\u00e1nos \u00far engesztel\u0151 szentmis\u00e9t celebr\u00e1lt a kommunizmus \u00e1ldozatai\u00e9rt \u00e9s a t\u00f6bb mint 100 milli\u00f3 \u00e1ldozatot k\u00f6vetel\u0151 diktat\u00far\u00e1r\u00f3l besz\u00e9lt. Felh\u00edvta a figyelmet az eml\u00e9kez\u00e9s fontoss\u00e1g\u00e1ra, majd a jelenl\u00e9v\u0151kkel egy\u00fctt im\u00e1dkozott a m\u00e1rt\u00edrok\u00e9rt \u00e9s az \u00f6nk\u00e9nyuralom minden \u00fcld\u00f6z\u00f6ttj\u00e9\u00e9rt, de \u2013 a kereszt\u00e9ny megbocs\u00e1t\u00e1s jegy\u00e9ben \u2013 az elk\u00f6vet\u0151k\u00e9rt is.<\/p>\n\n\n\n<ul class=\"wp-block-gallery columns-3 is-cropped wp-block-gallery-1 is-layout-flex wp-block-gallery-is-layout-flex\"><li class=\"blocks-gallery-item\"><figure><img loading=\"lazy\" decoding=\"async\" width=\"1024\" height=\"683\" src=\"https:\/\/marcali.plebania.hu\/wp-content\/uploads\/2019\/02\/01-1-1024x683.jpg\" alt=\"\" data-id=\"638\" data-link=\"https:\/\/marcali.plebania.hu\/?attachment_id=638\" class=\"wp-image-638\" srcset=\"https:\/\/marcali.plebania.hu\/wp-content\/uploads\/2019\/02\/01-1-1024x683.jpg 1024w, https:\/\/marcali.plebania.hu\/wp-content\/uploads\/2019\/02\/01-1-300x200.jpg 300w, https:\/\/marcali.plebania.hu\/wp-content\/uploads\/2019\/02\/01-1-768x512.jpg 768w, https:\/\/marcali.plebania.hu\/wp-content\/uploads\/2019\/02\/01-1-405x270.jpg 405w\" sizes=\"auto, (max-width: 1024px) 100vw, 1024px\" \/><\/figure><\/li><li class=\"blocks-gallery-item\"><figure><img loading=\"lazy\" decoding=\"async\" width=\"1024\" height=\"683\" src=\"https:\/\/marcali.plebania.hu\/wp-content\/uploads\/2019\/02\/02-1024x683.jpg\" alt=\"\" data-id=\"640\" data-link=\"https:\/\/marcali.plebania.hu\/?attachment_id=640\" class=\"wp-image-640\" srcset=\"https:\/\/marcali.plebania.hu\/wp-content\/uploads\/2019\/02\/02-1024x683.jpg 1024w, https:\/\/marcali.plebania.hu\/wp-content\/uploads\/2019\/02\/02-300x200.jpg 300w, https:\/\/marcali.plebania.hu\/wp-content\/uploads\/2019\/02\/02-768x512.jpg 768w, https:\/\/marcali.plebania.hu\/wp-content\/uploads\/2019\/02\/02-405x270.jpg 405w\" sizes=\"auto, (max-width: 1024px) 100vw, 1024px\" \/><\/figure><\/li><li class=\"blocks-gallery-item\"><figure><img loading=\"lazy\" decoding=\"async\" width=\"1024\" height=\"683\" src=\"https:\/\/marcali.plebania.hu\/wp-content\/uploads\/2019\/02\/03-1024x683.jpg\" alt=\"\" data-id=\"641\" data-link=\"https:\/\/marcali.plebania.hu\/?attachment_id=641\" class=\"wp-image-641\" srcset=\"https:\/\/marcali.plebania.hu\/wp-content\/uploads\/2019\/02\/03-1024x683.jpg 1024w, https:\/\/marcali.plebania.hu\/wp-content\/uploads\/2019\/02\/03-300x200.jpg 300w, https:\/\/marcali.plebania.hu\/wp-content\/uploads\/2019\/02\/03-768x512.jpg 768w, https:\/\/marcali.plebania.hu\/wp-content\/uploads\/2019\/02\/03-405x270.jpg 405w\" sizes=\"auto, (max-width: 1024px) 100vw, 1024px\" \/><\/figure><\/li><\/ul>\n\n\n\n<p>Az istentisztelet bemutat\u00e1sa ut\u00e1n Huszti G\u00e1bor, a Somogy Megyei K\u00f6zgy\u0171l\u00e9s aleln\u00f6ke mondott megeml\u00e9kez\u0151 besz\u00e9det. Felid\u00e9zte a kommunista diktat\u00fara sz\u00f6rny\u0171s\u00e9geit, embertelens\u00e9g\u00e9t, a padl\u00e1sles\u00f6pr\u00e9seket, a beszolg\u00e1ltat\u00e1sokat. Kiemelte, hogy a legs\u00f6t\u00e9tebb id\u0151kben rengeteg embert hurcoltak meg, vittek el a GUL\u00c1G-ra, k\u00f6z\u00fcl\u00fck sokan szenvedtek v\u00e9rtan\u00fas\u00e1got. M\u00e1sok a vall\u00e1suk miatt szenvedtek, mint Mindszenty J\u00f3zsef b\u00edboros. \u201eSajnos napjainkban is egyre nagyobb a kereszt\u00e9ny elleness\u00e9g Eur\u00f3p\u00e1ban, de nek\u00fcnk az a feladatunk, hogy meg\u0151rizz\u00fck Szent Istv\u00e1n \u00f6r\u00f6ks\u00e9g\u00e9t \u00e9s f\u00e9lelem n\u00e9lk\u00fcl, biztons\u00e1gban \u00e9lj\u00fcnk\u201d \u2013 fejezte be gondolatait Huszti G\u00e1bor.<\/p>\n\n\n\n<ul class=\"wp-block-gallery columns-3 is-cropped wp-block-gallery-2 is-layout-flex wp-block-gallery-is-layout-flex\"><li class=\"blocks-gallery-item\"><figure><img loading=\"lazy\" decoding=\"async\" width=\"1024\" height=\"683\" src=\"https:\/\/marcali.plebania.hu\/wp-content\/uploads\/2019\/02\/10-1024x683.jpg\" alt=\"\" data-id=\"642\" data-link=\"https:\/\/marcali.plebania.hu\/?attachment_id=642\" class=\"wp-image-642\" srcset=\"https:\/\/marcali.plebania.hu\/wp-content\/uploads\/2019\/02\/10-1024x683.jpg 1024w, https:\/\/marcali.plebania.hu\/wp-content\/uploads\/2019\/02\/10-300x200.jpg 300w, https:\/\/marcali.plebania.hu\/wp-content\/uploads\/2019\/02\/10-768x512.jpg 768w, https:\/\/marcali.plebania.hu\/wp-content\/uploads\/2019\/02\/10-405x270.jpg 405w\" sizes=\"auto, (max-width: 1024px) 100vw, 1024px\" \/><\/figure><\/li><li class=\"blocks-gallery-item\"><figure><img loading=\"lazy\" decoding=\"async\" width=\"1024\" height=\"683\" src=\"https:\/\/marcali.plebania.hu\/wp-content\/uploads\/2019\/02\/11-1024x683.jpg\" alt=\"\" data-id=\"643\" data-link=\"https:\/\/marcali.plebania.hu\/?attachment_id=643\" class=\"wp-image-643\" srcset=\"https:\/\/marcali.plebania.hu\/wp-content\/uploads\/2019\/02\/11-1024x683.jpg 1024w, https:\/\/marcali.plebania.hu\/wp-content\/uploads\/2019\/02\/11-300x200.jpg 300w, https:\/\/marcali.plebania.hu\/wp-content\/uploads\/2019\/02\/11-768x512.jpg 768w, https:\/\/marcali.plebania.hu\/wp-content\/uploads\/2019\/02\/11-405x270.jpg 405w\" sizes=\"auto, (max-width: 1024px) 100vw, 1024px\" \/><\/figure><\/li><li class=\"blocks-gallery-item\"><figure><img loading=\"lazy\" decoding=\"async\" width=\"1024\" height=\"683\" src=\"https:\/\/marcali.plebania.hu\/wp-content\/uploads\/2019\/02\/12-1024x683.jpg\" alt=\"\" data-id=\"644\" data-link=\"https:\/\/marcali.plebania.hu\/?attachment_id=644\" class=\"wp-image-644\" srcset=\"https:\/\/marcali.plebania.hu\/wp-content\/uploads\/2019\/02\/12-1024x683.jpg 1024w, https:\/\/marcali.plebania.hu\/wp-content\/uploads\/2019\/02\/12-300x200.jpg 300w, https:\/\/marcali.plebania.hu\/wp-content\/uploads\/2019\/02\/12-768x512.jpg 768w, https:\/\/marcali.plebania.hu\/wp-content\/uploads\/2019\/02\/12-405x270.jpg 405w\" sizes=\"auto, (max-width: 1024px) 100vw, 1024px\" \/><\/figure><\/li><li class=\"blocks-gallery-item\"><figure><img loading=\"lazy\" decoding=\"async\" width=\"1024\" height=\"683\" src=\"https:\/\/marcali.plebania.hu\/wp-content\/uploads\/2019\/02\/14-1024x683.jpg\" alt=\"\" data-id=\"646\" data-link=\"https:\/\/marcali.plebania.hu\/?attachment_id=646\" class=\"wp-image-646\" srcset=\"https:\/\/marcali.plebania.hu\/wp-content\/uploads\/2019\/02\/14-1024x683.jpg 1024w, https:\/\/marcali.plebania.hu\/wp-content\/uploads\/2019\/02\/14-300x200.jpg 300w, https:\/\/marcali.plebania.hu\/wp-content\/uploads\/2019\/02\/14-768x512.jpg 768w, https:\/\/marcali.plebania.hu\/wp-content\/uploads\/2019\/02\/14-405x270.jpg 405w\" sizes=\"auto, (max-width: 1024px) 100vw, 1024px\" \/><\/figure><\/li><\/ul>\n\n\n\n<p>A jelenl\u00e9v\u0151k v\u00e9g\u00fcl a H\u0151s\u00f6k ter\u00e9n \u00e1ll\u00f3 \u201956-os eml\u00e9km\u0171n\u00e9l m\u00e9csesek meggy\u00fajt\u00e1s\u00e1val \u00e9s f\u0151hajt\u00e1ssal tisztelegtek, illetve r\u00f3tt\u00e1k le kegyelet\u00fcket a m\u00e1rt\u00edrok eml\u00e9ke el\u0151tt.<\/p>\n\n\n\n<ul class=\"wp-block-gallery columns-3 is-cropped wp-block-gallery-3 is-layout-flex wp-block-gallery-is-layout-flex\"><li class=\"blocks-gallery-item\"><figure><img loading=\"lazy\" decoding=\"async\" width=\"1024\" height=\"683\" src=\"https:\/\/marcali.plebania.hu\/wp-content\/uploads\/2019\/02\/15-1024x683.jpg\" alt=\"\" data-id=\"647\" data-link=\"https:\/\/marcali.plebania.hu\/?attachment_id=647\" class=\"wp-image-647\" srcset=\"https:\/\/marcali.plebania.hu\/wp-content\/uploads\/2019\/02\/15-1024x683.jpg 1024w, https:\/\/marcali.plebania.hu\/wp-content\/uploads\/2019\/02\/15-300x200.jpg 300w, https:\/\/marcali.plebania.hu\/wp-content\/uploads\/2019\/02\/15-768x512.jpg 768w, https:\/\/marcali.plebania.hu\/wp-content\/uploads\/2019\/02\/15-405x270.jpg 405w\" sizes=\"auto, (max-width: 1024px) 100vw, 1024px\" \/><\/figure><\/li><li class=\"blocks-gallery-item\"><figure><img loading=\"lazy\" decoding=\"async\" width=\"1024\" height=\"683\" src=\"https:\/\/marcali.plebania.hu\/wp-content\/uploads\/2019\/02\/16-1024x683.jpg\" alt=\"\" data-id=\"648\" data-link=\"https:\/\/marcali.plebania.hu\/?attachment_id=648\" class=\"wp-image-648\" srcset=\"https:\/\/marcali.plebania.hu\/wp-content\/uploads\/2019\/02\/16-1024x683.jpg 1024w, https:\/\/marcali.plebania.hu\/wp-content\/uploads\/2019\/02\/16-300x200.jpg 300w, https:\/\/marcali.plebania.hu\/wp-content\/uploads\/2019\/02\/16-768x512.jpg 768w, https:\/\/marcali.plebania.hu\/wp-content\/uploads\/2019\/02\/16-405x270.jpg 405w\" sizes=\"auto, (max-width: 1024px) 100vw, 1024px\" \/><\/figure><\/li><li class=\"blocks-gallery-item\"><figure><img loading=\"lazy\" decoding=\"async\" width=\"1024\" height=\"683\" src=\"https:\/\/marcali.plebania.hu\/wp-content\/uploads\/2019\/02\/17-1024x683.jpg\" alt=\"\" data-id=\"649\" data-link=\"https:\/\/marcali.plebania.hu\/?attachment_id=649\" class=\"wp-image-649\" srcset=\"https:\/\/marcali.plebania.hu\/wp-content\/uploads\/2019\/02\/17-1024x683.jpg 1024w, https:\/\/marcali.plebania.hu\/wp-content\/uploads\/2019\/02\/17-300x200.jpg 300w, https:\/\/marcali.plebania.hu\/wp-content\/uploads\/2019\/02\/17-768x512.jpg 768w, https:\/\/marcali.plebania.hu\/wp-content\/uploads\/2019\/02\/17-405x270.jpg 405w\" sizes=\"auto, (max-width: 1024px) 100vw, 1024px\" \/><\/figure><\/li><li class=\"blocks-gallery-item\"><figure><img loading=\"lazy\" decoding=\"async\" width=\"1024\" height=\"683\" src=\"https:\/\/marcali.plebania.hu\/wp-content\/uploads\/2019\/02\/18-1024x683.jpg\" alt=\"\" data-id=\"650\" data-link=\"https:\/\/marcali.plebania.hu\/?attachment_id=650\" class=\"wp-image-650\" srcset=\"https:\/\/marcali.plebania.hu\/wp-content\/uploads\/2019\/02\/18-1024x683.jpg 1024w, https:\/\/marcali.plebania.hu\/wp-content\/uploads\/2019\/02\/18-300x200.jpg 300w, https:\/\/marcali.plebania.hu\/wp-content\/uploads\/2019\/02\/18-768x512.jpg 768w, https:\/\/marcali.plebania.hu\/wp-content\/uploads\/2019\/02\/18-405x270.jpg 405w\" sizes=\"auto, (max-width: 1024px) 100vw, 1024px\" \/><\/figure><\/li><\/ul>\n\n\n\n<p>A\nmegeml\u00e9kez\u00e9st a Marcali Pl\u00e9b\u00e1nia, a Kereszt\u00e9ny \u00c9rtelmis\u00e9giek Sz\u00f6vets\u00e9ge (K\u00c9SZ)\nMarcali Csoportja, valamint a Marcali \u00e9s K\u00f6rny\u00e9ke Hagyom\u00e1ny\u0151rz\u0151 Ipartest\u00fclet\nszervezte.<\/p>\n","protected":false},"excerpt":{"rendered":"<p>2019. febru\u00e1r 22-\u00e9n, p\u00e9nteken 17 \u00f3r\u00e1t\u00f3l a pl\u00e9b\u00e1niatemplomban Kiss Iv\u00e1n c. pr\u00e9post, esperes-pl\u00e9b\u00e1nos \u00far engesztel\u0151 szentmis\u00e9t celebr\u00e1lt a kommunizmus \u00e1ldozatai\u00e9rt \u00e9s a t\u00f6bb mint 100 milli\u00f3 \u00e1ldozatot k\u00f6vetel\u0151 diktat\u00far\u00e1r\u00f3l besz\u00e9lt. Felh\u00edvta a figyelmet az eml\u00e9kez\u00e9s fontoss\u00e1g\u00e1ra, majd a jelenl\u00e9v\u0151kkel egy\u00fctt im\u00e1dkozott a m\u00e1rt\u00edrok\u00e9rt \u00e9s az \u00f6nk\u00e9nyuralom minden \u00fcld\u00f6z\u00f6ttj\u00e9\u00e9rt, de \u2013 a kereszt\u00e9ny megbocs\u00e1t\u00e1s jegy\u00e9ben \u2013 az elk\u00f6vet\u0151k\u00e9rt is. Az istentisztelet bemutat\u00e1sa ut\u00e1n Huszti G\u00e1bor, a Somogy Megyei K\u00f6zgy\u0171l\u00e9s aleln\u00f6ke mondott megeml\u00e9kez\u0151 besz\u00e9det. Felid\u00e9zte a kommunista diktat\u00fara sz\u00f6rny\u0171s\u00e9geit, embertelens\u00e9g\u00e9t, a padl\u00e1sles\u00f6pr\u00e9seket,&#8230;<\/p>\n<p class=\"read-more\"><a class=\"btn btn-default\" href=\"https:\/\/marcali.plebania.hu\/?p=637\"> Read More<span class=\"screen-reader-text\">  Read More<\/span><\/a><\/p>\n","protected":false},"author":2,"featured_media":0,"comment_status":"closed","ping_status":"open","sticky":false,"template":"","format":"standard","meta":{"footnotes":""},"categories":[1],"tags":[],"class_list":["post-637","post","type-post","status-publish","format-standard","hentry","category-egyeb"],"_links":{"self":[{"href":"https:\/\/marcali.plebania.hu\/index.php?rest_route=\/wp\/v2\/posts\/637","targetHints":{"allow":["GET"]}}],"collection":[{"href":"https:\/\/marcali.plebania.hu\/index.php?rest_route=\/wp\/v2\/posts"}],"about":[{"href":"https:\/\/marcali.plebania.hu\/index.php?rest_route=\/wp\/v2\/types\/post"}],"author":[{"embeddable":true,"href":"https:\/\/marcali.plebania.hu\/index.php?rest_route=\/wp\/v2\/users\/2"}],"replies":[{"embeddable":true,"href":"https:\/\/marcali.plebania.hu\/index.php?rest_route=%2Fwp%2Fv2%2Fcomments&post=637"}],"version-history":[{"count":1,"href":"https:\/\/marcali.plebania.hu\/index.php?rest_route=\/wp\/v2\/posts\/637\/revisions"}],"predecessor-version":[{"id":651,"href":"https:\/\/marcali.plebania.hu\/index.php?rest_route=\/wp\/v2\/posts\/637\/revisions\/651"}],"wp:attachment":[{"href":"https:\/\/marcali.plebania.hu\/index.php?rest_route=%2Fwp%2Fv2%2Fmedia&parent=637"}],"wp:term":[{"taxonomy":"category","embeddable":true,"href":"https:\/\/marcali.plebania.hu\/index.php?rest_route=%2Fwp%2Fv2%2Fcategories&post=637"},{"taxonomy":"post_tag","embeddable":true,"href":"https:\/\/marcali.plebania.hu\/index.php?rest_route=%2Fwp%2Fv2%2Ftags&post=637"}],"curies":[{"name":"wp","href":"https:\/\/api.w.org\/{rel}","templated":true}]}}