{"id":6372,"date":"2024-12-12T09:39:25","date_gmt":"2024-12-12T09:39:25","guid":{"rendered":"https:\/\/marcali.plebania.hu\/?p=6372"},"modified":"2024-12-12T09:39:25","modified_gmt":"2024-12-12T09:39:25","slug":"2024-zenes-ahitat-a-feny-gyermekei-zenakarral-meghivo","status":"publish","type":"post","link":"https:\/\/marcali.plebania.hu\/?p=6372","title":{"rendered":"2024. Zen\u00e9s \u00e1h\u00edtat a F\u00e9ny Gyermekei Zenakarral &#8211; Megh\u00edv\u00f3"},"content":{"rendered":"\n<figure class=\"wp-block-image size-full\"><img loading=\"lazy\" decoding=\"async\" width=\"524\" height=\"381\" src=\"https:\/\/marcali.plebania.hu\/wp-content\/uploads\/2024\/12\/468014022_8856634047738375_266108334521451040_n.jpg\" alt=\"\" class=\"wp-image-6373\" srcset=\"https:\/\/marcali.plebania.hu\/wp-content\/uploads\/2024\/12\/468014022_8856634047738375_266108334521451040_n.jpg 524w, https:\/\/marcali.plebania.hu\/wp-content\/uploads\/2024\/12\/468014022_8856634047738375_266108334521451040_n-300x218.jpg 300w, https:\/\/marcali.plebania.hu\/wp-content\/uploads\/2024\/12\/468014022_8856634047738375_266108334521451040_n-371x270.jpg 371w\" sizes=\"auto, (max-width: 524px) 100vw, 524px\" \/><\/figure>\n","protected":false},"excerpt":{"rendered":"","protected":false},"author":2,"featured_media":0,"comment_status":"closed","ping_status":"open","sticky":false,"template":"","format":"standard","meta":{"footnotes":""},"categories":[1],"tags":[],"class_list":["post-6372","post","type-post","status-publish","format-standard","hentry","category-egyeb"],"_links":{"self":[{"href":"https:\/\/marcali.plebania.hu\/index.php?rest_route=\/wp\/v2\/posts\/6372","targetHints":{"allow":["GET"]}}],"collection":[{"href":"https:\/\/marcali.plebania.hu\/index.php?rest_route=\/wp\/v2\/posts"}],"about":[{"href":"https:\/\/marcali.plebania.hu\/index.php?rest_route=\/wp\/v2\/types\/post"}],"author":[{"embeddable":true,"href":"https:\/\/marcali.plebania.hu\/index.php?rest_route=\/wp\/v2\/users\/2"}],"replies":[{"embeddable":true,"href":"https:\/\/marcali.plebania.hu\/index.php?rest_route=%2Fwp%2Fv2%2Fcomments&post=6372"}],"version-history":[{"count":1,"href":"https:\/\/marcali.plebania.hu\/index.php?rest_route=\/wp\/v2\/posts\/6372\/revisions"}],"predecessor-version":[{"id":6374,"href":"https:\/\/marcali.plebania.hu\/index.php?rest_route=\/wp\/v2\/posts\/6372\/revisions\/6374"}],"wp:attachment":[{"href":"https:\/\/marcali.plebania.hu\/index.php?rest_route=%2Fwp%2Fv2%2Fmedia&parent=6372"}],"wp:term":[{"taxonomy":"category","embeddable":true,"href":"https:\/\/marcali.plebania.hu\/index.php?rest_route=%2Fwp%2Fv2%2Fcategories&post=6372"},{"taxonomy":"post_tag","embeddable":true,"href":"https:\/\/marcali.plebania.hu\/index.php?rest_route=%2Fwp%2Fv2%2Ftags&post=6372"}],"curies":[{"name":"wp","href":"https:\/\/api.w.org\/{rel}","templated":true}]}}