{"id":6375,"date":"2024-12-12T09:40:30","date_gmt":"2024-12-12T09:40:30","guid":{"rendered":"https:\/\/marcali.plebania.hu\/?p=6375"},"modified":"2024-12-12T09:40:30","modified_gmt":"2024-12-12T09:40:30","slug":"calypso-korus-adventi-koncertje-meghivo","status":"publish","type":"post","link":"https:\/\/marcali.plebania.hu\/?p=6375","title":{"rendered":"Calypso K\u00f3rus \u00e1dventi koncertje &#8211; Megh\u00edv\u00f3"},"content":{"rendered":"\n<figure class=\"wp-block-image size-full\"><img loading=\"lazy\" decoding=\"async\" width=\"525\" height=\"772\" src=\"https:\/\/marcali.plebania.hu\/wp-content\/uploads\/2024\/12\/469455335_1113630470767732_6661923403847804107_n.jpg\" alt=\"\" class=\"wp-image-6376\" srcset=\"https:\/\/marcali.plebania.hu\/wp-content\/uploads\/2024\/12\/469455335_1113630470767732_6661923403847804107_n.jpg 525w, https:\/\/marcali.plebania.hu\/wp-content\/uploads\/2024\/12\/469455335_1113630470767732_6661923403847804107_n-204x300.jpg 204w, https:\/\/marcali.plebania.hu\/wp-content\/uploads\/2024\/12\/469455335_1113630470767732_6661923403847804107_n-184x270.jpg 184w\" sizes=\"auto, (max-width: 525px) 100vw, 525px\" \/><\/figure>\n","protected":false},"excerpt":{"rendered":"","protected":false},"author":2,"featured_media":0,"comment_status":"closed","ping_status":"open","sticky":false,"template":"","format":"standard","meta":{"footnotes":""},"categories":[1],"tags":[],"class_list":["post-6375","post","type-post","status-publish","format-standard","hentry","category-egyeb"],"_links":{"self":[{"href":"https:\/\/marcali.plebania.hu\/index.php?rest_route=\/wp\/v2\/posts\/6375","targetHints":{"allow":["GET"]}}],"collection":[{"href":"https:\/\/marcali.plebania.hu\/index.php?rest_route=\/wp\/v2\/posts"}],"about":[{"href":"https:\/\/marcali.plebania.hu\/index.php?rest_route=\/wp\/v2\/types\/post"}],"author":[{"embeddable":true,"href":"https:\/\/marcali.plebania.hu\/index.php?rest_route=\/wp\/v2\/users\/2"}],"replies":[{"embeddable":true,"href":"https:\/\/marcali.plebania.hu\/index.php?rest_route=%2Fwp%2Fv2%2Fcomments&post=6375"}],"version-history":[{"count":1,"href":"https:\/\/marcali.plebania.hu\/index.php?rest_route=\/wp\/v2\/posts\/6375\/revisions"}],"predecessor-version":[{"id":6377,"href":"https:\/\/marcali.plebania.hu\/index.php?rest_route=\/wp\/v2\/posts\/6375\/revisions\/6377"}],"wp:attachment":[{"href":"https:\/\/marcali.plebania.hu\/index.php?rest_route=%2Fwp%2Fv2%2Fmedia&parent=6375"}],"wp:term":[{"taxonomy":"category","embeddable":true,"href":"https:\/\/marcali.plebania.hu\/index.php?rest_route=%2Fwp%2Fv2%2Fcategories&post=6375"},{"taxonomy":"post_tag","embeddable":true,"href":"https:\/\/marcali.plebania.hu\/index.php?rest_route=%2Fwp%2Fv2%2Ftags&post=6375"}],"curies":[{"name":"wp","href":"https:\/\/api.w.org\/{rel}","templated":true}]}}