{"id":6382,"date":"2024-12-17T10:42:24","date_gmt":"2024-12-17T10:42:24","guid":{"rendered":"https:\/\/marcali.plebania.hu\/?p=6382"},"modified":"2024-12-18T21:24:25","modified_gmt":"2024-12-18T21:24:25","slug":"hirdetesek-2024-december-15-en","status":"publish","type":"post","link":"https:\/\/marcali.plebania.hu\/?p=6382","title":{"rendered":"Hirdet\u00e9sek 2024. december 15-\u00e9n"},"content":{"rendered":"\n<p><strong><a href=\"https:\/\/igenaptar.katolikus.hu\/2024\/nap\/index.php?holnap=2024-12-15\" target=\"_blank\" rel=\"noreferrer noopener\"><u>Advent 3. vas\u00e1rnapja<\/u><\/a><\/strong><strong><\/strong><\/p>\n\n\n\n<ol start=\"1\" class=\"wp-block-list\">\n<li>K\u00f6sz\u00f6nj\u00fck a pl\u00e9b\u00e1niatemplomunk <strong>szents\u00e9gim\u00e1d\u00e1si nap<\/strong>j\u00e1ba val\u00f3 bekapcsol\u00f3d\u00e1st.<\/li>\n\n\n\n<li>A <strong>F\u00e9rfi-k\u00f6r<\/strong> k\u00f6vetkez\u0151 tal\u00e1lkoz\u00f3ja szerd\u00e1n 18:00-kor kezd\u0151dik a pl\u00e9b\u00e1ni\u00e1n.<\/li>\n\n\n\n<li>Cs\u00fct\u00f6rt\u00f6k\u00f6n 6:30-kor kezd\u0151dik az idei utols\u00f3 <strong>rorate szentmise<\/strong>, melyre szeretettel h\u00edvunk minden h\u00edv\u0151t.<\/li>\n\n\n\n<li><strong>\u201eMi\u00e9rt hiszek?\u201d-sorozat<\/strong>unk k\u00f6vetkez\u0151 vend\u00e9gei Fekete Csaba \u00e1lland\u00f3 diak\u00f3nus \u00e9s feles\u00e9ge, Feket\u00e9n\u00e9 Szab\u00f3 M\u00e1rta, a Kaposv\u00e1ri Egyh\u00e1zmegyei Karit\u00e1sz vezet\u0151je lesznek. Cs\u00fct\u00f6rt\u00f6k\u00f6n 17:00-kor kezdik tan\u00fas\u00e1gt\u00e9tel\u00fcket az X-h\u00e1zban (D\u00f3zsa u. 3.). Szeretettel h\u00edvjuk az \u00e9rdekl\u0151d\u0151ket.<\/li>\n\n\n\n<li>A Somogys\u00e1msoni Pl\u00e9b\u00e1nia adventi <strong>lelki nap<\/strong>ja p\u00e9nteken 17:30-kor kezd\u0151dik a somogys\u00e1msoni templomban. A megh\u00edvott vend\u00e9gek Pohnert D\u00e1vid \u00fajmis\u00e9s atya \u00e9s Dr. Cs\u00f3kay Andr\u00e1s idegseb\u00e9sz. A F\u00e9ny Gyermekei zenekar adventi koncerttel k\u00e9sz\u00fcl \u00e9s gy\u00f3n\u00e1sra is lesz lehet\u0151s\u00e9g az est folyam\u00e1n. K\u00e9rj\u00fck, aki kocsival tud j\u00f6nni \u00e9s van n\u00e1la szabad hely, jelezze ezt a sekresty\u00e9ben vagy az irod\u00e1ban. Azok jelentkez\u00e9s\u00e9t is v\u00e1rjuk, akik a kijut\u00e1sban seg\u00edts\u00e9get k\u00e9rnek. Aznap a mi templomunkban nem lesz szentmise, mindenkit a lelki napon val\u00f3 r\u00e9szv\u00e9telre biztatunk. 17:00-kor indulunk a templom el\u0151tti parkol\u00f3b\u00f3l.<\/li>\n\n\n\n<li>Szombaton 9 \u00f3r\u00e1t\u00f3l kezdve seg\u00edts\u00e9get k\u00e9r\u00fcnk a <strong>k\u00fclt\u00e9ri betlehem<\/strong> fel\u00e1ll\u00edt\u00e1s\u00e1ban.<\/li>\n\n\n\n<li>A szombat esti szentmis\u00e9ben a <strong>Calypso K\u00f3rus<\/strong> is \u00e9nekel. A szentmise ut\u00e1n, 18:30-kor kezd\u0151dik a k\u00f3rus adventi koncertje.<\/li>\n\n\n\n<li>Szeretettel h\u00edvunk mindenkit a <strong>F\u00e9ny Gyermekei zenekar<\/strong> <span style=\"text-decoration: underline;\">vas\u00e1rnap<\/span> 15:00-kor kezd\u0151d\u0151 <strong>adventi \u00e1h\u00edtat<\/strong>\u00e1ra.<\/li>\n\n\n\n<li>Az <strong>\u00daj Ember hetilap<\/strong> \u00e1ra janu\u00e1rt\u00f3l megemelkedik. Csak akkor fogunk k\u00f6zpontilag rendelni bel\u0151le, ha legal\u00e1bb 10-en el\u0151fizetnek r\u00e1.<\/li>\n\n\n\n<li>Varga L\u00e1szl\u00f3 p\u00fcsp\u00f6k atya felh\u00edv\u00e1sa a jubileumi szent\u00e9vre <em><a href=\"https:\/\/kaposvar.egyhazmegye.hu\/index.php\/hirek\/item\/1535-felhivas-a-jubileumi-szentevre-2024-12-24-2026-01-06\">ide kattintva<\/a><\/em> olvashat\u00f3. <\/li>\n<\/ol>\n\n\n\n<hr class=\"wp-block-separator has-alpha-channel-opacity\"\/>\n\n\n\n<figure class=\"wp-block-image size-large\"><img loading=\"lazy\" decoding=\"async\" width=\"1024\" height=\"903\" src=\"https:\/\/marcali.plebania.hu\/wp-content\/uploads\/2024\/12\/20241215-1024x903.png\" alt=\"\" class=\"wp-image-6397\" srcset=\"https:\/\/marcali.plebania.hu\/wp-content\/uploads\/2024\/12\/20241215-1024x903.png 1024w, https:\/\/marcali.plebania.hu\/wp-content\/uploads\/2024\/12\/20241215-300x264.png 300w, https:\/\/marcali.plebania.hu\/wp-content\/uploads\/2024\/12\/20241215-768x677.png 768w, https:\/\/marcali.plebania.hu\/wp-content\/uploads\/2024\/12\/20241215-306x270.png 306w, https:\/\/marcali.plebania.hu\/wp-content\/uploads\/2024\/12\/20241215.png 1425w\" sizes=\"auto, (max-width: 1024px) 100vw, 1024px\" \/><\/figure>\n","protected":false},"excerpt":{"rendered":"<p>Advent 3. vas\u00e1rnapja<\/p>\n","protected":false},"author":2,"featured_media":0,"comment_status":"closed","ping_status":"open","sticky":false,"template":"","format":"standard","meta":{"footnotes":""},"categories":[1],"tags":[],"class_list":["post-6382","post","type-post","status-publish","format-standard","hentry","category-egyeb"],"_links":{"self":[{"href":"https:\/\/marcali.plebania.hu\/index.php?rest_route=\/wp\/v2\/posts\/6382","targetHints":{"allow":["GET"]}}],"collection":[{"href":"https:\/\/marcali.plebania.hu\/index.php?rest_route=\/wp\/v2\/posts"}],"about":[{"href":"https:\/\/marcali.plebania.hu\/index.php?rest_route=\/wp\/v2\/types\/post"}],"author":[{"embeddable":true,"href":"https:\/\/marcali.plebania.hu\/index.php?rest_route=\/wp\/v2\/users\/2"}],"replies":[{"embeddable":true,"href":"https:\/\/marcali.plebania.hu\/index.php?rest_route=%2Fwp%2Fv2%2Fcomments&post=6382"}],"version-history":[{"count":3,"href":"https:\/\/marcali.plebania.hu\/index.php?rest_route=\/wp\/v2\/posts\/6382\/revisions"}],"predecessor-version":[{"id":6398,"href":"https:\/\/marcali.plebania.hu\/index.php?rest_route=\/wp\/v2\/posts\/6382\/revisions\/6398"}],"wp:attachment":[{"href":"https:\/\/marcali.plebania.hu\/index.php?rest_route=%2Fwp%2Fv2%2Fmedia&parent=6382"}],"wp:term":[{"taxonomy":"category","embeddable":true,"href":"https:\/\/marcali.plebania.hu\/index.php?rest_route=%2Fwp%2Fv2%2Fcategories&post=6382"},{"taxonomy":"post_tag","embeddable":true,"href":"https:\/\/marcali.plebania.hu\/index.php?rest_route=%2Fwp%2Fv2%2Ftags&post=6382"}],"curies":[{"name":"wp","href":"https:\/\/api.w.org\/{rel}","templated":true}]}}