{"id":6384,"date":"2024-12-17T15:54:17","date_gmt":"2024-12-17T15:54:17","guid":{"rendered":"https:\/\/marcali.plebania.hu\/?p=6384"},"modified":"2024-12-17T15:54:17","modified_gmt":"2024-12-17T15:54:17","slug":"meggyujtottak-a-2024-es-ev-harmadik-adventi-gyertyajat","status":"publish","type":"post","link":"https:\/\/marcali.plebania.hu\/?p=6384","title":{"rendered":"Meggy\u00fajtott\u00e1k a 2024-es \u00e9v harmadik \u00e1dventi gyerty\u00e1j\u00e1t"},"content":{"rendered":"\n<p>2024. december 14-\u00e9n, szombaton 17 \u00f3rakor kezd\u0151d\u00f6tt az idei harmadik \u00e1dventi gyertyagy\u00fajt\u00e1s a Boldog II. J\u00e1nos P\u00e1l p\u00e1pa t\u00e9ren \u00e1ll\u00f3 k\u00fclt\u00e9ri \u00e1dventi koszor\u00fan\u00e1l. A programban els\u0151k\u00e9nt a Marcali Noszlopy G\u00e1sp\u00e1r \u00c1ltal\u00e1nos Iskola \u00e9s AMI katolikus hittanos tanul\u00f3i adtak el\u0151 zen\u00e9s-verses m\u0171sort a pl\u00e9b\u00e1niatemplomban, majd pedig kint az iskola egyik di\u00e1kja gy\u00fajtotta meg a harmadik r\u00f3zsasz\u00edn\u0171 gyerty\u00e1t. Felk\u00e9sz\u00edt\u0151 tan\u00e1ruk Kocza Anita volt. A hangos\u00edt\u00e1st S\u00e1gv\u00e1ri R\u00f3bert biztos\u00edtotta.<\/p>\n\n\n\n<figure class=\"wp-block-gallery has-nested-images columns-default is-cropped wp-block-gallery-1 is-layout-flex wp-block-gallery-is-layout-flex\">\n<figure class=\"wp-block-image size-large\"><img loading=\"lazy\" decoding=\"async\" width=\"1024\" height=\"683\" data-id=\"6387\" src=\"https:\/\/marcali.plebania.hu\/wp-content\/uploads\/2024\/12\/02-5-1024x683.jpg\" alt=\"\" class=\"wp-image-6387\" srcset=\"https:\/\/marcali.plebania.hu\/wp-content\/uploads\/2024\/12\/02-5-1024x683.jpg 1024w, https:\/\/marcali.plebania.hu\/wp-content\/uploads\/2024\/12\/02-5-300x200.jpg 300w, https:\/\/marcali.plebania.hu\/wp-content\/uploads\/2024\/12\/02-5-768x512.jpg 768w, https:\/\/marcali.plebania.hu\/wp-content\/uploads\/2024\/12\/02-5-1536x1024.jpg 1536w, https:\/\/marcali.plebania.hu\/wp-content\/uploads\/2024\/12\/02-5-2048x1365.jpg 2048w, https:\/\/marcali.plebania.hu\/wp-content\/uploads\/2024\/12\/02-5-405x270.jpg 405w\" sizes=\"auto, (max-width: 1024px) 100vw, 1024px\" \/><\/figure>\n\n\n\n<figure class=\"wp-block-image size-large\"><img loading=\"lazy\" decoding=\"async\" width=\"1024\" height=\"683\" data-id=\"6386\" src=\"https:\/\/marcali.plebania.hu\/wp-content\/uploads\/2024\/12\/03-5-1024x683.jpg\" alt=\"\" class=\"wp-image-6386\" srcset=\"https:\/\/marcali.plebania.hu\/wp-content\/uploads\/2024\/12\/03-5-1024x683.jpg 1024w, https:\/\/marcali.plebania.hu\/wp-content\/uploads\/2024\/12\/03-5-300x200.jpg 300w, https:\/\/marcali.plebania.hu\/wp-content\/uploads\/2024\/12\/03-5-768x512.jpg 768w, https:\/\/marcali.plebania.hu\/wp-content\/uploads\/2024\/12\/03-5-1536x1024.jpg 1536w, https:\/\/marcali.plebania.hu\/wp-content\/uploads\/2024\/12\/03-5-2048x1365.jpg 2048w, https:\/\/marcali.plebania.hu\/wp-content\/uploads\/2024\/12\/03-5-405x270.jpg 405w\" sizes=\"auto, (max-width: 1024px) 100vw, 1024px\" \/><\/figure>\n\n\n\n<figure class=\"wp-block-image size-large\"><img loading=\"lazy\" decoding=\"async\" width=\"1024\" height=\"683\" data-id=\"6388\" src=\"https:\/\/marcali.plebania.hu\/wp-content\/uploads\/2024\/12\/04-5-1024x683.jpg\" alt=\"\" class=\"wp-image-6388\" srcset=\"https:\/\/marcali.plebania.hu\/wp-content\/uploads\/2024\/12\/04-5-1024x683.jpg 1024w, https:\/\/marcali.plebania.hu\/wp-content\/uploads\/2024\/12\/04-5-300x200.jpg 300w, https:\/\/marcali.plebania.hu\/wp-content\/uploads\/2024\/12\/04-5-768x512.jpg 768w, https:\/\/marcali.plebania.hu\/wp-content\/uploads\/2024\/12\/04-5-1536x1024.jpg 1536w, https:\/\/marcali.plebania.hu\/wp-content\/uploads\/2024\/12\/04-5-2048x1365.jpg 2048w, https:\/\/marcali.plebania.hu\/wp-content\/uploads\/2024\/12\/04-5-405x270.jpg 405w\" sizes=\"auto, (max-width: 1024px) 100vw, 1024px\" \/><\/figure>\n\n\n\n<figure class=\"wp-block-image size-large\"><img loading=\"lazy\" decoding=\"async\" width=\"1024\" height=\"683\" data-id=\"6389\" src=\"https:\/\/marcali.plebania.hu\/wp-content\/uploads\/2024\/12\/10-2-1024x683.jpg\" alt=\"\" class=\"wp-image-6389\" srcset=\"https:\/\/marcali.plebania.hu\/wp-content\/uploads\/2024\/12\/10-2-1024x683.jpg 1024w, https:\/\/marcali.plebania.hu\/wp-content\/uploads\/2024\/12\/10-2-300x200.jpg 300w, https:\/\/marcali.plebania.hu\/wp-content\/uploads\/2024\/12\/10-2-768x512.jpg 768w, https:\/\/marcali.plebania.hu\/wp-content\/uploads\/2024\/12\/10-2-1536x1024.jpg 1536w, https:\/\/marcali.plebania.hu\/wp-content\/uploads\/2024\/12\/10-2-2048x1365.jpg 2048w, https:\/\/marcali.plebania.hu\/wp-content\/uploads\/2024\/12\/10-2-405x270.jpg 405w\" sizes=\"auto, (max-width: 1024px) 100vw, 1024px\" \/><\/figure>\n<\/figure>\n\n\n\n<p>A harmadik gyertya Sz\u0171z&nbsp;M\u00e1ri\u00e1t szimboliz\u00e1lja, aki megsz\u00fclte J\u00e9zust, ez\u00e9rt ez a gyertya az \u00f6r\u00f6m jelk\u00e9pe.<\/p>\n\n\n\n<figure class=\"wp-block-gallery has-nested-images columns-default is-cropped wp-block-gallery-2 is-layout-flex wp-block-gallery-is-layout-flex\">\n<figure class=\"wp-block-image size-large\"><img loading=\"lazy\" decoding=\"async\" width=\"1024\" height=\"683\" data-id=\"6390\" src=\"https:\/\/marcali.plebania.hu\/wp-content\/uploads\/2024\/12\/15-4-1024x683.jpg\" alt=\"\" class=\"wp-image-6390\" srcset=\"https:\/\/marcali.plebania.hu\/wp-content\/uploads\/2024\/12\/15-4-1024x683.jpg 1024w, https:\/\/marcali.plebania.hu\/wp-content\/uploads\/2024\/12\/15-4-300x200.jpg 300w, https:\/\/marcali.plebania.hu\/wp-content\/uploads\/2024\/12\/15-4-768x512.jpg 768w, https:\/\/marcali.plebania.hu\/wp-content\/uploads\/2024\/12\/15-4-1536x1024.jpg 1536w, https:\/\/marcali.plebania.hu\/wp-content\/uploads\/2024\/12\/15-4-2048x1365.jpg 2048w, https:\/\/marcali.plebania.hu\/wp-content\/uploads\/2024\/12\/15-4-405x270.jpg 405w\" sizes=\"auto, (max-width: 1024px) 100vw, 1024px\" \/><\/figure>\n\n\n\n<figure class=\"wp-block-image size-large\"><img loading=\"lazy\" decoding=\"async\" width=\"1024\" height=\"683\" data-id=\"6392\" src=\"https:\/\/marcali.plebania.hu\/wp-content\/uploads\/2024\/12\/16-4-1024x683.jpg\" alt=\"\" class=\"wp-image-6392\" srcset=\"https:\/\/marcali.plebania.hu\/wp-content\/uploads\/2024\/12\/16-4-1024x683.jpg 1024w, https:\/\/marcali.plebania.hu\/wp-content\/uploads\/2024\/12\/16-4-300x200.jpg 300w, https:\/\/marcali.plebania.hu\/wp-content\/uploads\/2024\/12\/16-4-768x512.jpg 768w, https:\/\/marcali.plebania.hu\/wp-content\/uploads\/2024\/12\/16-4-1536x1024.jpg 1536w, https:\/\/marcali.plebania.hu\/wp-content\/uploads\/2024\/12\/16-4-2048x1365.jpg 2048w, https:\/\/marcali.plebania.hu\/wp-content\/uploads\/2024\/12\/16-4-405x270.jpg 405w\" sizes=\"auto, (max-width: 1024px) 100vw, 1024px\" \/><\/figure>\n\n\n\n<figure class=\"wp-block-image size-large\"><img loading=\"lazy\" decoding=\"async\" width=\"1024\" height=\"683\" data-id=\"6393\" src=\"https:\/\/marcali.plebania.hu\/wp-content\/uploads\/2024\/12\/17-1-1024x683.jpg\" alt=\"\" class=\"wp-image-6393\" srcset=\"https:\/\/marcali.plebania.hu\/wp-content\/uploads\/2024\/12\/17-1-1024x683.jpg 1024w, https:\/\/marcali.plebania.hu\/wp-content\/uploads\/2024\/12\/17-1-300x200.jpg 300w, https:\/\/marcali.plebania.hu\/wp-content\/uploads\/2024\/12\/17-1-768x512.jpg 768w, https:\/\/marcali.plebania.hu\/wp-content\/uploads\/2024\/12\/17-1-1536x1024.jpg 1536w, https:\/\/marcali.plebania.hu\/wp-content\/uploads\/2024\/12\/17-1-2048x1365.jpg 2048w, https:\/\/marcali.plebania.hu\/wp-content\/uploads\/2024\/12\/17-1-405x270.jpg 405w\" sizes=\"auto, (max-width: 1024px) 100vw, 1024px\" \/><\/figure>\n\n\n\n<figure class=\"wp-block-image size-large\"><img loading=\"lazy\" decoding=\"async\" width=\"1024\" height=\"683\" data-id=\"6391\" src=\"https:\/\/marcali.plebania.hu\/wp-content\/uploads\/2024\/12\/18-1-1024x683.jpg\" alt=\"\" class=\"wp-image-6391\" srcset=\"https:\/\/marcali.plebania.hu\/wp-content\/uploads\/2024\/12\/18-1-1024x683.jpg 1024w, https:\/\/marcali.plebania.hu\/wp-content\/uploads\/2024\/12\/18-1-300x200.jpg 300w, https:\/\/marcali.plebania.hu\/wp-content\/uploads\/2024\/12\/18-1-768x512.jpg 768w, https:\/\/marcali.plebania.hu\/wp-content\/uploads\/2024\/12\/18-1-1536x1024.jpg 1536w, https:\/\/marcali.plebania.hu\/wp-content\/uploads\/2024\/12\/18-1-2048x1365.jpg 2048w, https:\/\/marcali.plebania.hu\/wp-content\/uploads\/2024\/12\/18-1-405x270.jpg 405w\" sizes=\"auto, (max-width: 1024px) 100vw, 1024px\" \/><\/figure>\n<\/figure>\n\n\n\n<p>\u00cdrta \u00e9s fot\u00f3k: Kiss K\u00e1lm\u00e1n<\/p>\n","protected":false},"excerpt":{"rendered":"<p>2024. december 14-\u00e9n, szombaton 17 \u00f3rakor kezd\u0151d\u00f6tt az idei harmadik \u00e1dventi gyertyagy\u00fajt\u00e1s a Boldog II. J\u00e1nos P\u00e1l p\u00e1pa t\u00e9ren \u00e1ll\u00f3 k\u00fclt\u00e9ri \u00e1dventi koszor\u00fan\u00e1l. A programban els\u0151k\u00e9nt a Marcali Noszlopy G\u00e1sp\u00e1r \u00c1ltal\u00e1nos Iskola \u00e9s AMI katolikus hittanos tanul\u00f3i adtak el\u0151 zen\u00e9s-verses m\u0171sort a pl\u00e9b\u00e1niatemplomban, majd pedig kint az iskola egyik di\u00e1kja gy\u00fajtotta meg a harmadik r\u00f3zsasz\u00edn\u0171 gyerty\u00e1t. Felk\u00e9sz\u00edt\u0151 tan\u00e1ruk Kocza Anita volt. A hangos\u00edt\u00e1st S\u00e1gv\u00e1ri R\u00f3bert biztos\u00edtotta. A harmadik gyertya Sz\u0171z&nbsp;M\u00e1ri\u00e1t szimboliz\u00e1lja, aki megsz\u00fclte J\u00e9zust, ez\u00e9rt ez a gyertya az \u00f6r\u00f6m&#8230;<\/p>\n<p class=\"read-more\"><a class=\"btn btn-default\" href=\"https:\/\/marcali.plebania.hu\/?p=6384\"> Read More<span class=\"screen-reader-text\">  Read More<\/span><\/a><\/p>\n","protected":false},"author":2,"featured_media":0,"comment_status":"closed","ping_status":"open","sticky":false,"template":"","format":"standard","meta":{"footnotes":""},"categories":[1],"tags":[],"class_list":["post-6384","post","type-post","status-publish","format-standard","hentry","category-egyeb"],"_links":{"self":[{"href":"https:\/\/marcali.plebania.hu\/index.php?rest_route=\/wp\/v2\/posts\/6384","targetHints":{"allow":["GET"]}}],"collection":[{"href":"https:\/\/marcali.plebania.hu\/index.php?rest_route=\/wp\/v2\/posts"}],"about":[{"href":"https:\/\/marcali.plebania.hu\/index.php?rest_route=\/wp\/v2\/types\/post"}],"author":[{"embeddable":true,"href":"https:\/\/marcali.plebania.hu\/index.php?rest_route=\/wp\/v2\/users\/2"}],"replies":[{"embeddable":true,"href":"https:\/\/marcali.plebania.hu\/index.php?rest_route=%2Fwp%2Fv2%2Fcomments&post=6384"}],"version-history":[{"count":1,"href":"https:\/\/marcali.plebania.hu\/index.php?rest_route=\/wp\/v2\/posts\/6384\/revisions"}],"predecessor-version":[{"id":6394,"href":"https:\/\/marcali.plebania.hu\/index.php?rest_route=\/wp\/v2\/posts\/6384\/revisions\/6394"}],"wp:attachment":[{"href":"https:\/\/marcali.plebania.hu\/index.php?rest_route=%2Fwp%2Fv2%2Fmedia&parent=6384"}],"wp:term":[{"taxonomy":"category","embeddable":true,"href":"https:\/\/marcali.plebania.hu\/index.php?rest_route=%2Fwp%2Fv2%2Fcategories&post=6384"},{"taxonomy":"post_tag","embeddable":true,"href":"https:\/\/marcali.plebania.hu\/index.php?rest_route=%2Fwp%2Fv2%2Ftags&post=6384"}],"curies":[{"name":"wp","href":"https:\/\/api.w.org\/{rel}","templated":true}]}}