{"id":6405,"date":"2024-12-20T11:19:35","date_gmt":"2024-12-20T11:19:35","guid":{"rendered":"https:\/\/marcali.plebania.hu\/?p=6405"},"modified":"2024-12-20T11:19:35","modified_gmt":"2024-12-20T11:19:35","slug":"fekete-csaba-es-feketene-szabo-marta-miert-hiszek-kesz-eloadas-az-x-hazban","status":"publish","type":"post","link":"https:\/\/marcali.plebania.hu\/?p=6405","title":{"rendered":"Fekete Csaba \u00e9s Feket\u00e9n\u00e9 Szab\u00f3 M\u00e1rta: Mi\u00e9rt hiszek? \u2013 K\u00c9SZ el\u0151ad\u00e1s az X-h\u00e1zban"},"content":{"rendered":"\n<p>2024. december 19-\u00e9n, cs\u00fct\u00f6rt\u00f6k\u00f6n 17.00 \u00f3r\u00e1t\u00f3l folytat\u00f3dott a \u201eMi\u00e9rt hiszek?\u201d c\u00edm\u0171 tan\u00fas\u00e1gtev\u0151 el\u0151ad\u00e1s-sorozat az egyh\u00e1zk\u00f6zs\u00e9g k\u00f6z\u00f6ss\u00e9gi h\u00e1z\u00e1ban (X-h\u00e1z, D\u00f3zsa u. 3.). A rendezv\u00e9ny r\u00e9sztvev\u0151it Kiss K\u00e1lm\u00e1n, a K\u00c9SZ helyi csoportj\u00e1nak eln\u00f6ke k\u00f6sz\u00f6nt\u00f6tte. Majd pedig Molik Edit, a program \u00f6tletad\u00f3ja \u00e9s szervez\u0151je besz\u00e9lt arr\u00f3l, hogy a kezdem\u00e9nyez\u00e9s Kaposv\u00e1ron is sikeres volt.<\/p>\n\n\n\n<figure class=\"wp-block-gallery has-nested-images columns-default is-cropped wp-block-gallery-1 is-layout-flex wp-block-gallery-is-layout-flex\">\n<figure class=\"wp-block-image size-large\"><img loading=\"lazy\" decoding=\"async\" width=\"1024\" height=\"683\" data-id=\"6406\" src=\"https:\/\/marcali.plebania.hu\/wp-content\/uploads\/2024\/12\/01-6-1024x683.jpg\" alt=\"\" class=\"wp-image-6406\" srcset=\"https:\/\/marcali.plebania.hu\/wp-content\/uploads\/2024\/12\/01-6-1024x683.jpg 1024w, https:\/\/marcali.plebania.hu\/wp-content\/uploads\/2024\/12\/01-6-300x200.jpg 300w, https:\/\/marcali.plebania.hu\/wp-content\/uploads\/2024\/12\/01-6-768x512.jpg 768w, https:\/\/marcali.plebania.hu\/wp-content\/uploads\/2024\/12\/01-6-1536x1024.jpg 1536w, https:\/\/marcali.plebania.hu\/wp-content\/uploads\/2024\/12\/01-6-2048x1365.jpg 2048w, https:\/\/marcali.plebania.hu\/wp-content\/uploads\/2024\/12\/01-6-405x270.jpg 405w\" sizes=\"auto, (max-width: 1024px) 100vw, 1024px\" \/><\/figure>\n\n\n\n<figure class=\"wp-block-image size-large\"><img loading=\"lazy\" decoding=\"async\" width=\"1024\" height=\"683\" data-id=\"6408\" src=\"https:\/\/marcali.plebania.hu\/wp-content\/uploads\/2024\/12\/02-6-1024x683.jpg\" alt=\"\" class=\"wp-image-6408\" srcset=\"https:\/\/marcali.plebania.hu\/wp-content\/uploads\/2024\/12\/02-6-1024x683.jpg 1024w, https:\/\/marcali.plebania.hu\/wp-content\/uploads\/2024\/12\/02-6-300x200.jpg 300w, https:\/\/marcali.plebania.hu\/wp-content\/uploads\/2024\/12\/02-6-768x512.jpg 768w, https:\/\/marcali.plebania.hu\/wp-content\/uploads\/2024\/12\/02-6-1536x1024.jpg 1536w, https:\/\/marcali.plebania.hu\/wp-content\/uploads\/2024\/12\/02-6-2048x1365.jpg 2048w, https:\/\/marcali.plebania.hu\/wp-content\/uploads\/2024\/12\/02-6-405x270.jpg 405w\" sizes=\"auto, (max-width: 1024px) 100vw, 1024px\" \/><\/figure>\n\n\n\n<figure class=\"wp-block-image size-large\"><img loading=\"lazy\" decoding=\"async\" width=\"1024\" height=\"683\" data-id=\"6409\" src=\"https:\/\/marcali.plebania.hu\/wp-content\/uploads\/2024\/12\/04-6-1024x683.jpg\" alt=\"\" class=\"wp-image-6409\" srcset=\"https:\/\/marcali.plebania.hu\/wp-content\/uploads\/2024\/12\/04-6-1024x683.jpg 1024w, https:\/\/marcali.plebania.hu\/wp-content\/uploads\/2024\/12\/04-6-300x200.jpg 300w, https:\/\/marcali.plebania.hu\/wp-content\/uploads\/2024\/12\/04-6-768x512.jpg 768w, https:\/\/marcali.plebania.hu\/wp-content\/uploads\/2024\/12\/04-6-1536x1024.jpg 1536w, https:\/\/marcali.plebania.hu\/wp-content\/uploads\/2024\/12\/04-6-2048x1365.jpg 2048w, https:\/\/marcali.plebania.hu\/wp-content\/uploads\/2024\/12\/04-6-405x270.jpg 405w\" sizes=\"auto, (max-width: 1024px) 100vw, 1024px\" \/><\/figure>\n\n\n\n<figure class=\"wp-block-image size-large\"><img loading=\"lazy\" decoding=\"async\" width=\"1024\" height=\"683\" data-id=\"6410\" src=\"https:\/\/marcali.plebania.hu\/wp-content\/uploads\/2024\/12\/06-1-1024x683.jpg\" alt=\"\" class=\"wp-image-6410\" srcset=\"https:\/\/marcali.plebania.hu\/wp-content\/uploads\/2024\/12\/06-1-1024x683.jpg 1024w, https:\/\/marcali.plebania.hu\/wp-content\/uploads\/2024\/12\/06-1-300x200.jpg 300w, https:\/\/marcali.plebania.hu\/wp-content\/uploads\/2024\/12\/06-1-768x512.jpg 768w, https:\/\/marcali.plebania.hu\/wp-content\/uploads\/2024\/12\/06-1-1536x1024.jpg 1536w, https:\/\/marcali.plebania.hu\/wp-content\/uploads\/2024\/12\/06-1-2048x1365.jpg 2048w, https:\/\/marcali.plebania.hu\/wp-content\/uploads\/2024\/12\/06-1-405x270.jpg 405w\" sizes=\"auto, (max-width: 1024px) 100vw, 1024px\" \/><\/figure>\n<\/figure>\n\n\n\n<p>Ezut\u00e1n Fekete Csaba \u00e1lland\u00f3 diak\u00f3nus, a Kaposv\u00e1ri Egyh\u00e1zmegye Pasztor\u00e1lis Helyn\u00f6ks\u00e9g\u00e9nek irodavezet\u0151je \u00e9s feles\u00e9ge Feket\u00e9n\u00e9 Szab\u00f3 M\u00e1rta, a Kaposv\u00e1ri Egyh\u00e1zmegyei Karit\u00e1sz igazgat\u00f3ja besz\u00e9ltek \u00e9let\u00fckr\u0151l, megt\u00e9r\u00e9s\u00fckr\u0151l \u00e9s sokr\u00e9t\u0171 munk\u00e1jukr\u00f3l.<\/p>\n\n\n\n<p>A karit\u00e1sz vezet\u0151 elmondta, hogy nagyapja hith\u0171 kommunista volt, aki gyakran egy\u00fctt k\u00e1rty\u00e1zott a helyi pl\u00e9b\u00e1nossal, \u00e1m egyik sem akarta a m\u00e1sikat megt\u00e9r\u00edteni, csak a v\u00e9lem\u00e9ny\u00fcket \u00fctk\u00f6ztett\u00e9k. Mindig j\u00f3 hangulatban t\u00f6rt\u00e9ntek ezek a besz\u00e9lget\u00e9sek. A csal\u00e1d, ahonnan sz\u00e1rmazik nem volt k\u00fcl\u00f6n\u00f6sen vall\u00e1sos, a nagymama kiv\u00e9tel\u00e9vel, de a J\u00f3isten mindig \u00fagy rendezte az \u00e9let\u00fcket, hogy egyre k\u00f6zelebb ker\u00fcljenek a hithez. A sok im\u00e1ds\u00e1g, amit kaptak m\u00e1sokt\u00f3l, a lelkigyakorlatok \u00e9s Szentl\u00e9lek szemin\u00e1riumok azt\u00e1n meghozt\u00e1k a \u201egy\u00fcm\u00f6lcs\u00fcket\u201d.<\/p>\n\n\n\n<p>A diak\u00f3nus f\u00e9rj katonak\u00e9nt kezdte \u00e9let\u00e9t, vitorl\u00e1z\u00f3 rep\u00fcl\u0151 is volt, majd k\u00e9s\u0151bb egy cukorgy\u00e1rban dolgozott, olyanokkal, akik nem voltak vall\u00e1sosak. A hitbeli \u201efejl\u0151d\u00e9s\u00fckben\u201d \u2013 t\u00f6bbek k\u00f6z\u00f6tt \u2013 Rajkai Istv\u00e1n, Bics\u00e1r L\u00e1szl\u00f3 \u00e9s a k\u00e9s\u0151bbi p\u00fcsp\u00f6k, Varga L\u00e1szl\u00f3 atya is sokat seg\u00edtettek, egyengett\u00e9k \u00fatjukat, majd ker\u00fcltek v\u00e9g\u00fcl a Kaposv\u00e1ri P\u00fcsp\u00f6ks\u00e9ghez alkalmaz\u00e1sba, szolg\u00e1latra.<\/p>\n\n\n\n<figure class=\"wp-block-gallery has-nested-images columns-default is-cropped wp-block-gallery-2 is-layout-flex wp-block-gallery-is-layout-flex\">\n<figure class=\"wp-block-image size-large\"><img loading=\"lazy\" decoding=\"async\" width=\"1024\" height=\"683\" data-id=\"6411\" src=\"https:\/\/marcali.plebania.hu\/wp-content\/uploads\/2024\/12\/17-2-1024x683.jpg\" alt=\"\" class=\"wp-image-6411\" srcset=\"https:\/\/marcali.plebania.hu\/wp-content\/uploads\/2024\/12\/17-2-1024x683.jpg 1024w, https:\/\/marcali.plebania.hu\/wp-content\/uploads\/2024\/12\/17-2-300x200.jpg 300w, https:\/\/marcali.plebania.hu\/wp-content\/uploads\/2024\/12\/17-2-768x512.jpg 768w, https:\/\/marcali.plebania.hu\/wp-content\/uploads\/2024\/12\/17-2-1536x1024.jpg 1536w, https:\/\/marcali.plebania.hu\/wp-content\/uploads\/2024\/12\/17-2-2048x1365.jpg 2048w, https:\/\/marcali.plebania.hu\/wp-content\/uploads\/2024\/12\/17-2-405x270.jpg 405w\" sizes=\"auto, (max-width: 1024px) 100vw, 1024px\" \/><\/figure>\n\n\n\n<figure class=\"wp-block-image size-large\"><img loading=\"lazy\" decoding=\"async\" width=\"1024\" height=\"683\" data-id=\"6414\" src=\"https:\/\/marcali.plebania.hu\/wp-content\/uploads\/2024\/12\/18-2-1024x683.jpg\" alt=\"\" class=\"wp-image-6414\" srcset=\"https:\/\/marcali.plebania.hu\/wp-content\/uploads\/2024\/12\/18-2-1024x683.jpg 1024w, https:\/\/marcali.plebania.hu\/wp-content\/uploads\/2024\/12\/18-2-300x200.jpg 300w, https:\/\/marcali.plebania.hu\/wp-content\/uploads\/2024\/12\/18-2-768x512.jpg 768w, https:\/\/marcali.plebania.hu\/wp-content\/uploads\/2024\/12\/18-2-1536x1024.jpg 1536w, https:\/\/marcali.plebania.hu\/wp-content\/uploads\/2024\/12\/18-2-2048x1365.jpg 2048w, https:\/\/marcali.plebania.hu\/wp-content\/uploads\/2024\/12\/18-2-405x270.jpg 405w\" sizes=\"auto, (max-width: 1024px) 100vw, 1024px\" \/><\/figure>\n\n\n\n<figure class=\"wp-block-image size-large\"><img loading=\"lazy\" decoding=\"async\" width=\"1024\" height=\"683\" data-id=\"6413\" src=\"https:\/\/marcali.plebania.hu\/wp-content\/uploads\/2024\/12\/20-1024x683.jpg\" alt=\"\" class=\"wp-image-6413\" srcset=\"https:\/\/marcali.plebania.hu\/wp-content\/uploads\/2024\/12\/20-1024x683.jpg 1024w, https:\/\/marcali.plebania.hu\/wp-content\/uploads\/2024\/12\/20-300x200.jpg 300w, https:\/\/marcali.plebania.hu\/wp-content\/uploads\/2024\/12\/20-768x512.jpg 768w, https:\/\/marcali.plebania.hu\/wp-content\/uploads\/2024\/12\/20-1536x1024.jpg 1536w, https:\/\/marcali.plebania.hu\/wp-content\/uploads\/2024\/12\/20-2048x1365.jpg 2048w, https:\/\/marcali.plebania.hu\/wp-content\/uploads\/2024\/12\/20-405x270.jpg 405w\" sizes=\"auto, (max-width: 1024px) 100vw, 1024px\" \/><\/figure>\n\n\n\n<figure class=\"wp-block-image size-large\"><img loading=\"lazy\" decoding=\"async\" width=\"1024\" height=\"683\" data-id=\"6415\" src=\"https:\/\/marcali.plebania.hu\/wp-content\/uploads\/2024\/12\/21-1024x683.jpg\" alt=\"\" class=\"wp-image-6415\" srcset=\"https:\/\/marcali.plebania.hu\/wp-content\/uploads\/2024\/12\/21-1024x683.jpg 1024w, https:\/\/marcali.plebania.hu\/wp-content\/uploads\/2024\/12\/21-300x200.jpg 300w, https:\/\/marcali.plebania.hu\/wp-content\/uploads\/2024\/12\/21-768x512.jpg 768w, https:\/\/marcali.plebania.hu\/wp-content\/uploads\/2024\/12\/21-1536x1024.jpg 1536w, https:\/\/marcali.plebania.hu\/wp-content\/uploads\/2024\/12\/21-2048x1365.jpg 2048w, https:\/\/marcali.plebania.hu\/wp-content\/uploads\/2024\/12\/21-405x270.jpg 405w\" sizes=\"auto, (max-width: 1024px) 100vw, 1024px\" \/><\/figure>\n<\/figure>\n\n\n\n<p>Feket\u00e9n\u00e9 Szab\u00f3 M\u00e1rta elmondta, hogy egy Szentl\u00e9lek szemin\u00e1riumon kapta meg a k\u00fcldet\u00e9s\u00e9t, v\u00e9g\u00fcl azt\u00e1n az egyh\u00e1zmegye karit\u00e1sz vezet\u0151je lehetett. Mag\u00e1n\u00e9let\u00fckben is sok r\u00f6g\u00f6s \u00fat vezetett el mostan\u00e1ig, de a J\u00f3isten, ha be is z\u00e1rt egy ajt\u00f3t, de ut\u00e1na m\u00e9gis kinyitott egy m\u00e1sikat. A harmadik gyermekv\u00e1llal\u00e1sukkor is bizonytalanok voltak, de azt\u00e1n v\u00e9g\u00fcl t\u00f6bbf\u00e9le \u00e9gi jel \u00e1ltal megkapt\u00e1k k\u00e9rd\u00e9seikre a helyes v\u00e1laszt. S\u0151t m\u00e9g egy s\u00falyos betegs\u00e9g is k\u00f6zbej\u00f6tt, amib\u0151l kezdetben nem l\u00e1tszott ki\u00fat, \u00e1m a Gondvisel\u00e9sben val\u00f3 felt\u00e9tlen hit, \u00e9s r\u00e1 hagyatkoz\u00e1s, a seg\u00edt\u0151 k\u00f6rnyezet, k\u00f6z\u00f6ss\u00e9g, v\u00e9g\u00fcl gy\u00f3gyul\u00e1st eredm\u00e9nyezett.<\/p>\n\n\n\n<p>A rendezv\u00e9ny v\u00e9g\u00e9n a jelenl\u00e9v\u0151k el\u00e9nekelt\u00e9k a Mennyb\u0151l az agyal c\u00edm\u0171 \u00e9neket, majd Molik Edit ismertette a hallgat\u00f3s\u00e1ggal, hogy a k\u00f6vetkez\u0151 tan\u00fas\u00e1gt\u00e9teli alkalom janu\u00e1r 23-\u00e1n lesz Marcaliban, amikor is Tomanek P\u00e9ter p\u00fcsp\u00f6ki irodaigazgat\u00f3 lesznek a K\u00c9SZ vend\u00e9gei. Majd S\u00e1voly Andrea, Marcali Karit\u00e1sz vezet\u0151 \u00e9s a K\u00c9SZ csoport eln\u00f6ke egy kis aj\u00e1nd\u00e9k k\u00eds\u00e9ret\u00e9ben megk\u00f6sz\u00f6nte az el\u0151ad\u00f3k tan\u00fas\u00e1gt\u00e9tel\u00e9t.<\/p>\n\n\n\n<figure class=\"wp-block-gallery has-nested-images columns-default is-cropped wp-block-gallery-3 is-layout-flex wp-block-gallery-is-layout-flex\">\n<figure class=\"wp-block-image size-large\"><img loading=\"lazy\" decoding=\"async\" width=\"1024\" height=\"683\" data-id=\"6416\" src=\"https:\/\/marcali.plebania.hu\/wp-content\/uploads\/2024\/12\/25-2-1024x683.jpg\" alt=\"\" class=\"wp-image-6416\" srcset=\"https:\/\/marcali.plebania.hu\/wp-content\/uploads\/2024\/12\/25-2-1024x683.jpg 1024w, https:\/\/marcali.plebania.hu\/wp-content\/uploads\/2024\/12\/25-2-300x200.jpg 300w, https:\/\/marcali.plebania.hu\/wp-content\/uploads\/2024\/12\/25-2-768x512.jpg 768w, https:\/\/marcali.plebania.hu\/wp-content\/uploads\/2024\/12\/25-2-1536x1024.jpg 1536w, https:\/\/marcali.plebania.hu\/wp-content\/uploads\/2024\/12\/25-2-2048x1365.jpg 2048w, https:\/\/marcali.plebania.hu\/wp-content\/uploads\/2024\/12\/25-2-405x270.jpg 405w\" sizes=\"auto, (max-width: 1024px) 100vw, 1024px\" \/><\/figure>\n\n\n\n<figure class=\"wp-block-image size-large\"><img loading=\"lazy\" decoding=\"async\" width=\"1024\" height=\"683\" data-id=\"6418\" src=\"https:\/\/marcali.plebania.hu\/wp-content\/uploads\/2024\/12\/27-1-1024x683.jpg\" alt=\"\" class=\"wp-image-6418\" srcset=\"https:\/\/marcali.plebania.hu\/wp-content\/uploads\/2024\/12\/27-1-1024x683.jpg 1024w, https:\/\/marcali.plebania.hu\/wp-content\/uploads\/2024\/12\/27-1-300x200.jpg 300w, https:\/\/marcali.plebania.hu\/wp-content\/uploads\/2024\/12\/27-1-768x512.jpg 768w, https:\/\/marcali.plebania.hu\/wp-content\/uploads\/2024\/12\/27-1-1536x1024.jpg 1536w, https:\/\/marcali.plebania.hu\/wp-content\/uploads\/2024\/12\/27-1-2048x1365.jpg 2048w, https:\/\/marcali.plebania.hu\/wp-content\/uploads\/2024\/12\/27-1-405x270.jpg 405w\" sizes=\"auto, (max-width: 1024px) 100vw, 1024px\" \/><\/figure>\n\n\n\n<figure class=\"wp-block-image size-large\"><img loading=\"lazy\" decoding=\"async\" width=\"1024\" height=\"683\" data-id=\"6420\" src=\"https:\/\/marcali.plebania.hu\/wp-content\/uploads\/2024\/12\/31-1024x683.jpg\" alt=\"\" class=\"wp-image-6420\" srcset=\"https:\/\/marcali.plebania.hu\/wp-content\/uploads\/2024\/12\/31-1024x683.jpg 1024w, https:\/\/marcali.plebania.hu\/wp-content\/uploads\/2024\/12\/31-300x200.jpg 300w, https:\/\/marcali.plebania.hu\/wp-content\/uploads\/2024\/12\/31-768x512.jpg 768w, https:\/\/marcali.plebania.hu\/wp-content\/uploads\/2024\/12\/31-1536x1024.jpg 1536w, https:\/\/marcali.plebania.hu\/wp-content\/uploads\/2024\/12\/31-2048x1365.jpg 2048w, https:\/\/marcali.plebania.hu\/wp-content\/uploads\/2024\/12\/31-405x270.jpg 405w\" sizes=\"auto, (max-width: 1024px) 100vw, 1024px\" \/><\/figure>\n\n\n\n<figure class=\"wp-block-image size-large\"><img loading=\"lazy\" decoding=\"async\" width=\"1024\" height=\"683\" data-id=\"6421\" src=\"https:\/\/marcali.plebania.hu\/wp-content\/uploads\/2024\/12\/34-1024x683.jpg\" alt=\"\" class=\"wp-image-6421\" srcset=\"https:\/\/marcali.plebania.hu\/wp-content\/uploads\/2024\/12\/34-1024x683.jpg 1024w, https:\/\/marcali.plebania.hu\/wp-content\/uploads\/2024\/12\/34-300x200.jpg 300w, https:\/\/marcali.plebania.hu\/wp-content\/uploads\/2024\/12\/34-768x512.jpg 768w, https:\/\/marcali.plebania.hu\/wp-content\/uploads\/2024\/12\/34-1536x1024.jpg 1536w, https:\/\/marcali.plebania.hu\/wp-content\/uploads\/2024\/12\/34-2048x1365.jpg 2048w, https:\/\/marcali.plebania.hu\/wp-content\/uploads\/2024\/12\/34-405x270.jpg 405w\" sizes=\"auto, (max-width: 1024px) 100vw, 1024px\" \/><\/figure>\n<\/figure>\n\n\n\n<p>Ezut\u00e1n Feket\u00e9n\u00e9 Szab\u00f3 M\u00e1rta, a Kaposv\u00e1ri Egyh\u00e1zmegyei Karit\u00e1sz igazgat\u00f3ja egy kis \u00fcnneps\u00e9g keret\u00e9ben megk\u00f6sz\u00f6nte Borsos Mikl\u00f3sn\u00e9 25 \u00e9ves, \u00e9s Kir\u00e1ly Jen\u0151 marcali \u00f6nk\u00e9ntes karit\u00e1sz aktivista 30 \u00e9ves \u00f6nzetlen munk\u00e1j\u00e1t, amit a szeg\u00e9nyek\u00e9rt tettek a v\u00e1rosban. Az eml\u00e9kplakettek \u00e9s aj\u00e1nd\u00e9kok \u00e1tad\u00e1sa ut\u00e1n, S\u00e1voly Andrea helyi karit\u00e1sz vezet\u0151 \u00e9s T\u00f3th P\u00e9ter helyettes vezet\u0151 is hasonl\u00f3an gratul\u00e1lt a kit\u00fcntetetteknek. V\u00e9g\u00fcl a Marcali Karit\u00e1sz Csoport tagjainak j\u00f3volt\u00e1b\u00f3l a t\u00e1rsas\u00e1got egy kis vend\u00e9gl\u00e1t\u00e1sra invit\u00e1lt\u00e1k a szervez\u0151k.<\/p>\n\n\n\n<figure class=\"wp-block-gallery has-nested-images columns-default is-cropped wp-block-gallery-4 is-layout-flex wp-block-gallery-is-layout-flex\">\n<figure class=\"wp-block-image size-large\"><img loading=\"lazy\" decoding=\"async\" width=\"1024\" height=\"683\" data-id=\"6423\" src=\"https:\/\/marcali.plebania.hu\/wp-content\/uploads\/2024\/12\/35-1024x683.jpg\" alt=\"\" class=\"wp-image-6423\" srcset=\"https:\/\/marcali.plebania.hu\/wp-content\/uploads\/2024\/12\/35-1024x683.jpg 1024w, https:\/\/marcali.plebania.hu\/wp-content\/uploads\/2024\/12\/35-300x200.jpg 300w, https:\/\/marcali.plebania.hu\/wp-content\/uploads\/2024\/12\/35-768x512.jpg 768w, https:\/\/marcali.plebania.hu\/wp-content\/uploads\/2024\/12\/35-1536x1024.jpg 1536w, https:\/\/marcali.plebania.hu\/wp-content\/uploads\/2024\/12\/35-2048x1365.jpg 2048w, https:\/\/marcali.plebania.hu\/wp-content\/uploads\/2024\/12\/35-405x270.jpg 405w\" sizes=\"auto, (max-width: 1024px) 100vw, 1024px\" \/><\/figure>\n\n\n\n<figure class=\"wp-block-image size-large\"><img loading=\"lazy\" decoding=\"async\" width=\"1024\" height=\"683\" data-id=\"6424\" src=\"https:\/\/marcali.plebania.hu\/wp-content\/uploads\/2024\/12\/36-1024x683.jpg\" alt=\"\" class=\"wp-image-6424\" srcset=\"https:\/\/marcali.plebania.hu\/wp-content\/uploads\/2024\/12\/36-1024x683.jpg 1024w, https:\/\/marcali.plebania.hu\/wp-content\/uploads\/2024\/12\/36-300x200.jpg 300w, https:\/\/marcali.plebania.hu\/wp-content\/uploads\/2024\/12\/36-768x512.jpg 768w, https:\/\/marcali.plebania.hu\/wp-content\/uploads\/2024\/12\/36-1536x1024.jpg 1536w, https:\/\/marcali.plebania.hu\/wp-content\/uploads\/2024\/12\/36-2048x1365.jpg 2048w, https:\/\/marcali.plebania.hu\/wp-content\/uploads\/2024\/12\/36-405x270.jpg 405w\" sizes=\"auto, (max-width: 1024px) 100vw, 1024px\" \/><\/figure>\n\n\n\n<figure class=\"wp-block-image size-large\"><img loading=\"lazy\" decoding=\"async\" width=\"1024\" height=\"683\" data-id=\"6425\" src=\"https:\/\/marcali.plebania.hu\/wp-content\/uploads\/2024\/12\/38-1-1024x683.jpg\" alt=\"\" class=\"wp-image-6425\" srcset=\"https:\/\/marcali.plebania.hu\/wp-content\/uploads\/2024\/12\/38-1-1024x683.jpg 1024w, https:\/\/marcali.plebania.hu\/wp-content\/uploads\/2024\/12\/38-1-300x200.jpg 300w, https:\/\/marcali.plebania.hu\/wp-content\/uploads\/2024\/12\/38-1-768x512.jpg 768w, https:\/\/marcali.plebania.hu\/wp-content\/uploads\/2024\/12\/38-1-1536x1024.jpg 1536w, https:\/\/marcali.plebania.hu\/wp-content\/uploads\/2024\/12\/38-1-2048x1365.jpg 2048w, https:\/\/marcali.plebania.hu\/wp-content\/uploads\/2024\/12\/38-1-405x270.jpg 405w\" sizes=\"auto, (max-width: 1024px) 100vw, 1024px\" \/><\/figure>\n\n\n\n<figure class=\"wp-block-image size-large\"><img loading=\"lazy\" decoding=\"async\" width=\"1024\" height=\"683\" data-id=\"6426\" src=\"https:\/\/marcali.plebania.hu\/wp-content\/uploads\/2024\/12\/37-1024x683.jpg\" alt=\"\" class=\"wp-image-6426\" srcset=\"https:\/\/marcali.plebania.hu\/wp-content\/uploads\/2024\/12\/37-1024x683.jpg 1024w, https:\/\/marcali.plebania.hu\/wp-content\/uploads\/2024\/12\/37-300x200.jpg 300w, https:\/\/marcali.plebania.hu\/wp-content\/uploads\/2024\/12\/37-768x512.jpg 768w, https:\/\/marcali.plebania.hu\/wp-content\/uploads\/2024\/12\/37-1536x1024.jpg 1536w, https:\/\/marcali.plebania.hu\/wp-content\/uploads\/2024\/12\/37-2048x1365.jpg 2048w, https:\/\/marcali.plebania.hu\/wp-content\/uploads\/2024\/12\/37-405x270.jpg 405w\" sizes=\"auto, (max-width: 1024px) 100vw, 1024px\" \/><\/figure>\n<\/figure>\n\n\n\n<p>A sikeres estet Molik Edit nyugd\u00edjas kaposv\u00e1ri \u00f3vodavezet\u0151, Tomanek Ferenc \u00c1ron pl\u00e9b\u00e1nos, illet\u0151leg a Marcali R\u00f3mai Katolikus Pl\u00e9b\u00e1nia, A Marcali Karit\u00e1sz Csoport \u00e9s a K\u00c9SZ Marcali Csoportja k\u00f6z\u00f6sen szervezte, melyen nemcsak a h\u00edvek, \u00e9rdekl\u0151d\u0151k, hanem t\u00f6bb helyi civil szervezet vezet\u0151je \u00e9s tagja is k\u00e9pviseltette mag\u00e1t.<\/p>\n\n\n\n<figure class=\"wp-block-image size-large\"><img loading=\"lazy\" decoding=\"async\" width=\"1024\" height=\"683\" src=\"https:\/\/marcali.plebania.hu\/wp-content\/uploads\/2024\/12\/39-1024x683.jpg\" alt=\"\" class=\"wp-image-6427\" srcset=\"https:\/\/marcali.plebania.hu\/wp-content\/uploads\/2024\/12\/39-1024x683.jpg 1024w, https:\/\/marcali.plebania.hu\/wp-content\/uploads\/2024\/12\/39-300x200.jpg 300w, https:\/\/marcali.plebania.hu\/wp-content\/uploads\/2024\/12\/39-768x512.jpg 768w, https:\/\/marcali.plebania.hu\/wp-content\/uploads\/2024\/12\/39-1536x1024.jpg 1536w, https:\/\/marcali.plebania.hu\/wp-content\/uploads\/2024\/12\/39-2048x1365.jpg 2048w, https:\/\/marcali.plebania.hu\/wp-content\/uploads\/2024\/12\/39-405x270.jpg 405w\" sizes=\"auto, (max-width: 1024px) 100vw, 1024px\" \/><\/figure>\n\n\n\n<p><\/p>\n\n\n\n<p>\u00cdrta: K\u00c9SZ Marcali Csoport\/Kiss K\u00e1lm\u00e1n<\/p>\n\n\n\n<p>Fot\u00f3k: T\u00f3th Eszter \u00c1gnes, Kiss K\u00e1lm\u00e1n<\/p>\n","protected":false},"excerpt":{"rendered":"<p>2024. december 19-\u00e9n, cs\u00fct\u00f6rt\u00f6k\u00f6n 17.00 \u00f3r\u00e1t\u00f3l folytat\u00f3dott a \u201eMi\u00e9rt hiszek?\u201d c\u00edm\u0171 tan\u00fas\u00e1gtev\u0151 el\u0151ad\u00e1s-sorozat az egyh\u00e1zk\u00f6zs\u00e9g k\u00f6z\u00f6ss\u00e9gi h\u00e1z\u00e1ban (X-h\u00e1z, D\u00f3zsa u. 3.). A rendezv\u00e9ny r\u00e9sztvev\u0151it Kiss K\u00e1lm\u00e1n, a K\u00c9SZ helyi csoportj\u00e1nak eln\u00f6ke k\u00f6sz\u00f6nt\u00f6tte. Majd pedig Molik Edit, a program \u00f6tletad\u00f3ja \u00e9s szervez\u0151je besz\u00e9lt arr\u00f3l, hogy a kezdem\u00e9nyez\u00e9s Kaposv\u00e1ron is sikeres volt. Ezut\u00e1n Fekete Csaba \u00e1lland\u00f3 diak\u00f3nus, a Kaposv\u00e1ri Egyh\u00e1zmegye Pasztor\u00e1lis Helyn\u00f6ks\u00e9g\u00e9nek irodavezet\u0151je \u00e9s feles\u00e9ge Feket\u00e9n\u00e9 Szab\u00f3 M\u00e1rta, a Kaposv\u00e1ri Egyh\u00e1zmegyei Karit\u00e1sz igazgat\u00f3ja besz\u00e9ltek \u00e9let\u00fckr\u0151l, megt\u00e9r\u00e9s\u00fckr\u0151l \u00e9s sokr\u00e9t\u0171 munk\u00e1jukr\u00f3l. A karit\u00e1sz vezet\u0151&#8230;<\/p>\n<p class=\"read-more\"><a class=\"btn btn-default\" href=\"https:\/\/marcali.plebania.hu\/?p=6405\"> Read More<span class=\"screen-reader-text\">  Read More<\/span><\/a><\/p>\n","protected":false},"author":2,"featured_media":0,"comment_status":"closed","ping_status":"open","sticky":false,"template":"","format":"standard","meta":{"footnotes":""},"categories":[1],"tags":[],"class_list":["post-6405","post","type-post","status-publish","format-standard","hentry","category-egyeb"],"_links":{"self":[{"href":"https:\/\/marcali.plebania.hu\/index.php?rest_route=\/wp\/v2\/posts\/6405","targetHints":{"allow":["GET"]}}],"collection":[{"href":"https:\/\/marcali.plebania.hu\/index.php?rest_route=\/wp\/v2\/posts"}],"about":[{"href":"https:\/\/marcali.plebania.hu\/index.php?rest_route=\/wp\/v2\/types\/post"}],"author":[{"embeddable":true,"href":"https:\/\/marcali.plebania.hu\/index.php?rest_route=\/wp\/v2\/users\/2"}],"replies":[{"embeddable":true,"href":"https:\/\/marcali.plebania.hu\/index.php?rest_route=%2Fwp%2Fv2%2Fcomments&post=6405"}],"version-history":[{"count":1,"href":"https:\/\/marcali.plebania.hu\/index.php?rest_route=\/wp\/v2\/posts\/6405\/revisions"}],"predecessor-version":[{"id":6428,"href":"https:\/\/marcali.plebania.hu\/index.php?rest_route=\/wp\/v2\/posts\/6405\/revisions\/6428"}],"wp:attachment":[{"href":"https:\/\/marcali.plebania.hu\/index.php?rest_route=%2Fwp%2Fv2%2Fmedia&parent=6405"}],"wp:term":[{"taxonomy":"category","embeddable":true,"href":"https:\/\/marcali.plebania.hu\/index.php?rest_route=%2Fwp%2Fv2%2Fcategories&post=6405"},{"taxonomy":"post_tag","embeddable":true,"href":"https:\/\/marcali.plebania.hu\/index.php?rest_route=%2Fwp%2Fv2%2Ftags&post=6405"}],"curies":[{"name":"wp","href":"https:\/\/api.w.org\/{rel}","templated":true}]}}