{"id":6436,"date":"2024-12-21T14:44:48","date_gmt":"2024-12-21T14:44:48","guid":{"rendered":"https:\/\/marcali.plebania.hu\/?p=6436"},"modified":"2025-01-05T19:02:48","modified_gmt":"2025-01-05T19:02:48","slug":"hirdetesek-2024-december-22-en","status":"publish","type":"post","link":"https:\/\/marcali.plebania.hu\/?p=6436","title":{"rendered":"Hirdet\u00e9sek 2024. december 22-\u00e9n"},"content":{"rendered":"\n<p><strong><a href=\"https:\/\/igenaptar.katolikus.hu\/2024\/nap\/index.php?holnap=2024-12-22\" target=\"_blank\" rel=\"noreferrer noopener\"><u>Advent 4. vas\u00e1rnapja<\/u><\/a><\/strong><strong><\/strong><\/p>\n\n\n\n<ol start=\"1\" class=\"wp-block-list\">\n<li>K\u00f6sz\u00f6nj\u00fck az otthonok \u00e9s a k\u00f3rh\u00e1z l\u00e1togat\u00e1s\u00e1ban r\u00e9szt vev\u0151k szolg\u00e1lat\u00e1t \u00e9s mindazok seg\u00edts\u00e9g\u00e9t, akik a k\u00fclt\u00e9ri betlehem fel\u00e1ll\u00edt\u00e1s\u00e1ban, a templom d\u00edsz\u00edt\u00e9s\u00e9ben vagy a kar\u00e1csonyi csomagok elk\u00e9sz\u00edt\u00e9s\u00e9ben r\u00e9szt vettek. K\u00f6sz\u00f6nj\u00fck a ror\u00e1te mis\u00e9ken val\u00f3 r\u00e9szv\u00e9telt \u00e9s a finoms\u00e1gokat a k\u00f6z\u00f6s reggelihez. K\u00f6sz\u00f6nj\u00fck a felaj\u00e1nl\u00e1sokat m\u00e1sok elvitel\u00e9re a p\u00e9nteki lelki napra.<\/li>\n\n\n\n<li>Szeretettel h\u00edvunk mindenkit a <strong>F\u00e9ny Gyermekei zenekar<\/strong> ma 15:00-kor kezd\u0151d\u0151 <strong>adventi \u00e1h\u00edtat<\/strong>\u00e1ra.<\/li>\n\n\n\n<li>A <strong>kar\u00e1csonyi miserend<\/strong>: 24-\u00e9n 21:30-kor kar\u00e1csonyi m\u0171sor, majd esti szentmise a Boldog Gizella-templomban, p\u00e1sztorj\u00e1t\u00e9k 23:20-t\u00f3l a pl\u00e9b\u00e1niatemplomban, ut\u00e1na az \u00e9jf\u00e9li szentmise. Kar\u00e1csony napj\u00e1n 9:00-kor a pl\u00e9b\u00e1niatemplomban, 11:00-kor Gomb\u00e1n lesz \u00fcnnepi szentmise. Kar\u00e1csony m\u00e1snapj\u00e1n a 9 \u00f3rai szentmise ut\u00e1n bormeg\u00e1ld\u00e1s lesz a templom el\u0151tti t\u00e9ren.<\/li>\n\n\n\n<li>A templom \u00fcnnepi d\u00edsz\u00edt\u00e9s\u00e9re sz\u00e1nt vir\u00e1gp\u00e9nzt k\u00e9rj\u00fck Rit\u00e1nak adni a sekresty\u00e9ben. K\u00f6sz\u00f6nj\u00fck a hozz\u00e1j\u00e1rul\u00e1st.<\/li>\n\n\n\n<li>A 2025-\u00f6s <strong>jubileumi szent\u00e9v megnyit\u00e1s\u00e1<\/strong>ra j\u00f6v\u0151 <span style=\"text-decoration: underline;\">vas\u00e1rnap<\/span> 15:00-kor ker\u00fcl sor egyh\u00e1zmegy\u00e9nkben a kaposv\u00e1ri sz\u00e9kesegyh\u00e1zban a p\u00fcsp\u00f6ki szentmise keret\u00e9ben. A szent\u00e9v mott\u00f3ja: <em>A rem\u00e9ny zar\u00e1ndokai<\/em>. (A hivatalos log\u00f3r\u00f3l <em><a href=\"https:\/\/pecsiegyhazmegye.hu\/aktualis\/szentev-2025\/6483-a-remeny-zarandokai-a-2025-os-szentev-hivatalos-logojanak-bemutatasa\" target=\"_blank\" rel=\"noreferrer noopener\"><u>ide kattintva<\/u><\/a> <\/em>olvashat\u00f3 egy le\u00edr\u00e1s.) Szeretettel aj\u00e1nljuk a r\u00e9szv\u00e9telt minden h\u00edv\u0151nek. A megnyit\u00f3 miatt nem lesz esti szentmise a Boldog Gizella-templomban.<\/li>\n\n\n\n<li>Varga L\u00e1szl\u00f3 p\u00fcsp\u00f6k atya felh\u00edv\u00e1sa a jubileumi szent\u00e9vre <em><a href=\"https:\/\/kaposvar.egyhazmegye.hu\/index.php\/hirek\/item\/1535-felhivas-a-jubileumi-szentevre-2024-12-24-2026-01-06\" target=\"_blank\" rel=\"noreferrer noopener\"><u>ide kattintva<\/u><\/a><\/em> olvashat\u00f3.<\/li>\n<\/ol>\n\n\n\n<p><em>\u00c1ldott kar\u00e1csonyt k\u00edv\u00e1nunk mindenkinek!<\/em><\/p>\n\n\n\n<hr class=\"wp-block-separator has-alpha-channel-opacity\"\/>\n\n\n\n<figure class=\"wp-block-image size-large\"><img loading=\"lazy\" decoding=\"async\" width=\"1024\" height=\"974\" src=\"https:\/\/marcali.plebania.hu\/wp-content\/uploads\/2024\/12\/20241222-2-1024x974.png\" alt=\"\" class=\"wp-image-6498\" srcset=\"https:\/\/marcali.plebania.hu\/wp-content\/uploads\/2024\/12\/20241222-2-1024x974.png 1024w, https:\/\/marcali.plebania.hu\/wp-content\/uploads\/2024\/12\/20241222-2-300x285.png 300w, https:\/\/marcali.plebania.hu\/wp-content\/uploads\/2024\/12\/20241222-2-768x731.png 768w, https:\/\/marcali.plebania.hu\/wp-content\/uploads\/2024\/12\/20241222-2-284x270.png 284w, https:\/\/marcali.plebania.hu\/wp-content\/uploads\/2024\/12\/20241222-2.png 1106w\" sizes=\"auto, (max-width: 1024px) 100vw, 1024px\" \/><\/figure>\n","protected":false},"excerpt":{"rendered":"<p>Advent 4. vas\u00e1rnapja \u00c1ldott kar\u00e1csonyt k\u00edv\u00e1nunk mindenkinek!<\/p>\n","protected":false},"author":2,"featured_media":0,"comment_status":"closed","ping_status":"open","sticky":false,"template":"","format":"standard","meta":{"footnotes":""},"categories":[1,3],"tags":[],"class_list":["post-6436","post","type-post","status-publish","format-standard","hentry","category-egyeb","category-hirdetesek"],"_links":{"self":[{"href":"https:\/\/marcali.plebania.hu\/index.php?rest_route=\/wp\/v2\/posts\/6436","targetHints":{"allow":["GET"]}}],"collection":[{"href":"https:\/\/marcali.plebania.hu\/index.php?rest_route=\/wp\/v2\/posts"}],"about":[{"href":"https:\/\/marcali.plebania.hu\/index.php?rest_route=\/wp\/v2\/types\/post"}],"author":[{"embeddable":true,"href":"https:\/\/marcali.plebania.hu\/index.php?rest_route=\/wp\/v2\/users\/2"}],"replies":[{"embeddable":true,"href":"https:\/\/marcali.plebania.hu\/index.php?rest_route=%2Fwp%2Fv2%2Fcomments&post=6436"}],"version-history":[{"count":4,"href":"https:\/\/marcali.plebania.hu\/index.php?rest_route=\/wp\/v2\/posts\/6436\/revisions"}],"predecessor-version":[{"id":6499,"href":"https:\/\/marcali.plebania.hu\/index.php?rest_route=\/wp\/v2\/posts\/6436\/revisions\/6499"}],"wp:attachment":[{"href":"https:\/\/marcali.plebania.hu\/index.php?rest_route=%2Fwp%2Fv2%2Fmedia&parent=6436"}],"wp:term":[{"taxonomy":"category","embeddable":true,"href":"https:\/\/marcali.plebania.hu\/index.php?rest_route=%2Fwp%2Fv2%2Fcategories&post=6436"},{"taxonomy":"post_tag","embeddable":true,"href":"https:\/\/marcali.plebania.hu\/index.php?rest_route=%2Fwp%2Fv2%2Ftags&post=6436"}],"curies":[{"name":"wp","href":"https:\/\/api.w.org\/{rel}","templated":true}]}}