{"id":6449,"date":"2024-12-23T15:05:49","date_gmt":"2024-12-23T15:05:49","guid":{"rendered":"https:\/\/marcali.plebania.hu\/?p=6449"},"modified":"2024-12-23T15:05:49","modified_gmt":"2024-12-23T15:05:49","slug":"elkeszult-es-2025-januar-11-ig-latogathato-a-kulteri-betlehem","status":"publish","type":"post","link":"https:\/\/marcali.plebania.hu\/?p=6449","title":{"rendered":"Elk\u00e9sz\u00fclt \u00e9s 2025. janu\u00e1r 11-ig l\u00e1togathat\u00f3 a k\u00fclt\u00e9ri betlehem"},"content":{"rendered":"\n<p>2024. december 21-\u00e9n, szombaton d\u00e9lel\u0151tt, 18. alkalommal k\u00e9sz\u00fcltek el a k\u00fclt\u00e9ri betlehem-\u00e9p\u00edt\u00e9si munk\u00e1latai a Gy\u00fcm\u00f6lcsolt\u00f3 Boldogasszony Pl\u00e9b\u00e1niatemplom \u00e9szaki oldal\u00e1n a Marcali R\u00f3mai Katolikus Egyh\u00e1zk\u00f6zs\u00e9g \u00f6sszefog\u00e1s\u00e1val.<\/p>\n\n\n\n<figure class=\"wp-block-gallery has-nested-images columns-default is-cropped wp-block-gallery-1 is-layout-flex wp-block-gallery-is-layout-flex\">\n<figure class=\"wp-block-image size-large\"><img loading=\"lazy\" decoding=\"async\" width=\"1024\" height=\"768\" data-id=\"6450\" src=\"https:\/\/marcali.plebania.hu\/wp-content\/uploads\/2024\/12\/02-7-1024x768.jpg\" alt=\"\" class=\"wp-image-6450\" srcset=\"https:\/\/marcali.plebania.hu\/wp-content\/uploads\/2024\/12\/02-7-1024x768.jpg 1024w, https:\/\/marcali.plebania.hu\/wp-content\/uploads\/2024\/12\/02-7-300x225.jpg 300w, https:\/\/marcali.plebania.hu\/wp-content\/uploads\/2024\/12\/02-7-768x576.jpg 768w, https:\/\/marcali.plebania.hu\/wp-content\/uploads\/2024\/12\/02-7-1536x1152.jpg 1536w, https:\/\/marcali.plebania.hu\/wp-content\/uploads\/2024\/12\/02-7-2048x1536.jpg 2048w, https:\/\/marcali.plebania.hu\/wp-content\/uploads\/2024\/12\/02-7-360x270.jpg 360w\" sizes=\"auto, (max-width: 1024px) 100vw, 1024px\" \/><\/figure>\n\n\n\n<figure class=\"wp-block-image size-large\"><img loading=\"lazy\" decoding=\"async\" width=\"1024\" height=\"768\" data-id=\"6453\" src=\"https:\/\/marcali.plebania.hu\/wp-content\/uploads\/2024\/12\/03-7-1024x768.jpg\" alt=\"\" class=\"wp-image-6453\" srcset=\"https:\/\/marcali.plebania.hu\/wp-content\/uploads\/2024\/12\/03-7-1024x768.jpg 1024w, https:\/\/marcali.plebania.hu\/wp-content\/uploads\/2024\/12\/03-7-300x225.jpg 300w, https:\/\/marcali.plebania.hu\/wp-content\/uploads\/2024\/12\/03-7-768x576.jpg 768w, https:\/\/marcali.plebania.hu\/wp-content\/uploads\/2024\/12\/03-7-1536x1152.jpg 1536w, https:\/\/marcali.plebania.hu\/wp-content\/uploads\/2024\/12\/03-7-2048x1536.jpg 2048w, https:\/\/marcali.plebania.hu\/wp-content\/uploads\/2024\/12\/03-7-360x270.jpg 360w\" sizes=\"auto, (max-width: 1024px) 100vw, 1024px\" \/><\/figure>\n\n\n\n<figure class=\"wp-block-image size-large\"><img loading=\"lazy\" decoding=\"async\" width=\"1024\" height=\"768\" data-id=\"6451\" src=\"https:\/\/marcali.plebania.hu\/wp-content\/uploads\/2024\/12\/04-7-1024x768.jpg\" alt=\"\" class=\"wp-image-6451\" srcset=\"https:\/\/marcali.plebania.hu\/wp-content\/uploads\/2024\/12\/04-7-1024x768.jpg 1024w, https:\/\/marcali.plebania.hu\/wp-content\/uploads\/2024\/12\/04-7-300x225.jpg 300w, https:\/\/marcali.plebania.hu\/wp-content\/uploads\/2024\/12\/04-7-768x576.jpg 768w, https:\/\/marcali.plebania.hu\/wp-content\/uploads\/2024\/12\/04-7-1536x1152.jpg 1536w, https:\/\/marcali.plebania.hu\/wp-content\/uploads\/2024\/12\/04-7-2048x1536.jpg 2048w, https:\/\/marcali.plebania.hu\/wp-content\/uploads\/2024\/12\/04-7-360x270.jpg 360w\" sizes=\"auto, (max-width: 1024px) 100vw, 1024px\" \/><\/figure>\n\n\n\n<figure class=\"wp-block-image size-large\"><img loading=\"lazy\" decoding=\"async\" width=\"1024\" height=\"768\" data-id=\"6452\" src=\"https:\/\/marcali.plebania.hu\/wp-content\/uploads\/2024\/12\/05-1-1024x768.jpg\" alt=\"\" class=\"wp-image-6452\" srcset=\"https:\/\/marcali.plebania.hu\/wp-content\/uploads\/2024\/12\/05-1-1024x768.jpg 1024w, https:\/\/marcali.plebania.hu\/wp-content\/uploads\/2024\/12\/05-1-300x225.jpg 300w, https:\/\/marcali.plebania.hu\/wp-content\/uploads\/2024\/12\/05-1-768x576.jpg 768w, https:\/\/marcali.plebania.hu\/wp-content\/uploads\/2024\/12\/05-1-1536x1152.jpg 1536w, https:\/\/marcali.plebania.hu\/wp-content\/uploads\/2024\/12\/05-1-2048x1536.jpg 2048w, https:\/\/marcali.plebania.hu\/wp-content\/uploads\/2024\/12\/05-1-360x270.jpg 360w\" sizes=\"auto, (max-width: 1024px) 100vw, 1024px\" \/><\/figure>\n<\/figure>\n\n\n\n<p>Az els\u0151 \u00fctemben S\u00e1gv\u00e1ri R\u00f3bert \u00e1csmester \u00e9s csapata, m\u00e1r el\u0151z\u0151 nap d\u00e9lel\u0151ttj\u00e9n \u00f6ssze\u00e1ll\u00edtotta az ak\u00e1cfa-v\u00e1zszerkezetet. Majd szombat d\u00e9lel\u0151tt, 9 \u00f3r\u00e1t\u00f3l folyat\u00f3dott a betlehem d\u00edsz\u00edt\u00e9se feny\u0151\u00e1gakkal; valamint berendez\u00e9se a Szent Csal\u00e1ddal, a p\u00e1sztorokkal \u00e9s a napkeleti b\u00f6lcsekkel (a h\u00e1rom kir\u00e1lyokkal), tov\u00e1bb\u00e1 az \u00e1llat figur\u00e1kkal. Ezt a munkafolyamatot az id\u00e9n is Gelencs\u00e9r R\u00f3bert vil\u00e1gi eln\u00f6k, \u00e9s Kir\u00e1ly Jen\u0151 templomatya ir\u00e1ny\u00edtott\u00e1k az id\u0151sebb \u00e9s fiatalokb\u00f3l \u00e1ll\u00f3 \u00e9p\u00edt\u0151csapatot. K\u00f6zben a templomban is hely\u00fckre ker\u00fcltek a feny\u0151f\u00e1k. Az \u00e1csmunk\u00e1kban \u00f6sszesen 5 f\u0151, az \u00f6ssze\u00e1ll\u00edt\u00e1sban pedig 17 szem\u00e9ly vett r\u00e9szt.<\/p>\n\n\n\n<figure class=\"wp-block-gallery has-nested-images columns-default is-cropped wp-block-gallery-2 is-layout-flex wp-block-gallery-is-layout-flex\">\n<figure class=\"wp-block-image size-large\"><img loading=\"lazy\" decoding=\"async\" width=\"1024\" height=\"683\" data-id=\"6457\" src=\"https:\/\/marcali.plebania.hu\/wp-content\/uploads\/2024\/12\/10-3-1024x683.jpg\" alt=\"\" class=\"wp-image-6457\" srcset=\"https:\/\/marcali.plebania.hu\/wp-content\/uploads\/2024\/12\/10-3-1024x683.jpg 1024w, https:\/\/marcali.plebania.hu\/wp-content\/uploads\/2024\/12\/10-3-300x200.jpg 300w, https:\/\/marcali.plebania.hu\/wp-content\/uploads\/2024\/12\/10-3-768x512.jpg 768w, https:\/\/marcali.plebania.hu\/wp-content\/uploads\/2024\/12\/10-3-1536x1024.jpg 1536w, https:\/\/marcali.plebania.hu\/wp-content\/uploads\/2024\/12\/10-3-2048x1365.jpg 2048w, https:\/\/marcali.plebania.hu\/wp-content\/uploads\/2024\/12\/10-3-405x270.jpg 405w\" sizes=\"auto, (max-width: 1024px) 100vw, 1024px\" \/><\/figure>\n\n\n\n<figure class=\"wp-block-image size-large\"><img loading=\"lazy\" decoding=\"async\" width=\"1024\" height=\"683\" data-id=\"6454\" src=\"https:\/\/marcali.plebania.hu\/wp-content\/uploads\/2024\/12\/11-3-1024x683.jpg\" alt=\"\" class=\"wp-image-6454\" srcset=\"https:\/\/marcali.plebania.hu\/wp-content\/uploads\/2024\/12\/11-3-1024x683.jpg 1024w, https:\/\/marcali.plebania.hu\/wp-content\/uploads\/2024\/12\/11-3-300x200.jpg 300w, https:\/\/marcali.plebania.hu\/wp-content\/uploads\/2024\/12\/11-3-768x512.jpg 768w, https:\/\/marcali.plebania.hu\/wp-content\/uploads\/2024\/12\/11-3-1536x1024.jpg 1536w, https:\/\/marcali.plebania.hu\/wp-content\/uploads\/2024\/12\/11-3-2048x1365.jpg 2048w, https:\/\/marcali.plebania.hu\/wp-content\/uploads\/2024\/12\/11-3-405x270.jpg 405w\" sizes=\"auto, (max-width: 1024px) 100vw, 1024px\" \/><\/figure>\n\n\n\n<figure class=\"wp-block-image size-large\"><img loading=\"lazy\" decoding=\"async\" width=\"1024\" height=\"683\" data-id=\"6456\" src=\"https:\/\/marcali.plebania.hu\/wp-content\/uploads\/2024\/12\/12-2-1024x683.jpg\" alt=\"\" class=\"wp-image-6456\" srcset=\"https:\/\/marcali.plebania.hu\/wp-content\/uploads\/2024\/12\/12-2-1024x683.jpg 1024w, https:\/\/marcali.plebania.hu\/wp-content\/uploads\/2024\/12\/12-2-300x200.jpg 300w, https:\/\/marcali.plebania.hu\/wp-content\/uploads\/2024\/12\/12-2-768x512.jpg 768w, https:\/\/marcali.plebania.hu\/wp-content\/uploads\/2024\/12\/12-2-1536x1024.jpg 1536w, https:\/\/marcali.plebania.hu\/wp-content\/uploads\/2024\/12\/12-2-2048x1365.jpg 2048w, https:\/\/marcali.plebania.hu\/wp-content\/uploads\/2024\/12\/12-2-405x270.jpg 405w\" sizes=\"auto, (max-width: 1024px) 100vw, 1024px\" \/><\/figure>\n\n\n\n<figure class=\"wp-block-image size-large\"><img loading=\"lazy\" decoding=\"async\" width=\"1024\" height=\"683\" data-id=\"6458\" src=\"https:\/\/marcali.plebania.hu\/wp-content\/uploads\/2024\/12\/21-1-1024x683.jpg\" alt=\"\" class=\"wp-image-6458\" srcset=\"https:\/\/marcali.plebania.hu\/wp-content\/uploads\/2024\/12\/21-1-1024x683.jpg 1024w, https:\/\/marcali.plebania.hu\/wp-content\/uploads\/2024\/12\/21-1-300x200.jpg 300w, https:\/\/marcali.plebania.hu\/wp-content\/uploads\/2024\/12\/21-1-768x512.jpg 768w, https:\/\/marcali.plebania.hu\/wp-content\/uploads\/2024\/12\/21-1-1536x1024.jpg 1536w, https:\/\/marcali.plebania.hu\/wp-content\/uploads\/2024\/12\/21-1-2048x1365.jpg 2048w, https:\/\/marcali.plebania.hu\/wp-content\/uploads\/2024\/12\/21-1-405x270.jpg 405w\" sizes=\"auto, (max-width: 1024px) 100vw, 1024px\" \/><\/figure>\n<\/figure>\n\n\n\n<p>A R\u00f3mai Katolikus Egyh\u00e1zk\u00f6zs\u00e9g nev\u00e9ben Tomanek Ferenc pl\u00e9b\u00e1nos minden seg\u00edt\u0151nek \u00e9s a feny\u0151f\u00e1k adom\u00e1nyoz\u00f3inak is megk\u00f6sz\u00f6ni a k\u00f6zrem\u0171k\u00f6d\u00e9s\u00e9t, valamint a nagylelk\u0171 felaj\u00e1nl\u00e1s\u00e1t. A v\u00e1ros lakoss\u00e1g\u00e1nak \u00e9s a betlehem-l\u00e1togat\u00f3nak pedig \u00e1ldott, boldog, b\u00e9k\u00e9s kar\u00e1csonyi \u00fcnnepeket k\u00edv\u00e1n az \u00e9p\u00edt\u0151k nev\u00e9ben is!<\/p>\n\n\n\n<figure class=\"wp-block-gallery has-nested-images columns-default is-cropped wp-block-gallery-3 is-layout-flex wp-block-gallery-is-layout-flex\">\n<figure class=\"wp-block-image size-large\"><img loading=\"lazy\" decoding=\"async\" width=\"1024\" height=\"683\" data-id=\"6459\" src=\"https:\/\/marcali.plebania.hu\/wp-content\/uploads\/2024\/12\/25-3-1024x683.jpg\" alt=\"\" class=\"wp-image-6459\" srcset=\"https:\/\/marcali.plebania.hu\/wp-content\/uploads\/2024\/12\/25-3-1024x683.jpg 1024w, https:\/\/marcali.plebania.hu\/wp-content\/uploads\/2024\/12\/25-3-300x200.jpg 300w, https:\/\/marcali.plebania.hu\/wp-content\/uploads\/2024\/12\/25-3-768x512.jpg 768w, https:\/\/marcali.plebania.hu\/wp-content\/uploads\/2024\/12\/25-3-1536x1024.jpg 1536w, https:\/\/marcali.plebania.hu\/wp-content\/uploads\/2024\/12\/25-3-2048x1365.jpg 2048w, https:\/\/marcali.plebania.hu\/wp-content\/uploads\/2024\/12\/25-3-405x270.jpg 405w\" sizes=\"auto, (max-width: 1024px) 100vw, 1024px\" \/><\/figure>\n\n\n\n<figure class=\"wp-block-image size-large\"><img loading=\"lazy\" decoding=\"async\" width=\"1024\" height=\"683\" data-id=\"6460\" src=\"https:\/\/marcali.plebania.hu\/wp-content\/uploads\/2024\/12\/26-2-1024x683.jpg\" alt=\"\" class=\"wp-image-6460\" srcset=\"https:\/\/marcali.plebania.hu\/wp-content\/uploads\/2024\/12\/26-2-1024x683.jpg 1024w, https:\/\/marcali.plebania.hu\/wp-content\/uploads\/2024\/12\/26-2-300x200.jpg 300w, https:\/\/marcali.plebania.hu\/wp-content\/uploads\/2024\/12\/26-2-768x512.jpg 768w, https:\/\/marcali.plebania.hu\/wp-content\/uploads\/2024\/12\/26-2-1536x1024.jpg 1536w, https:\/\/marcali.plebania.hu\/wp-content\/uploads\/2024\/12\/26-2-2048x1365.jpg 2048w, https:\/\/marcali.plebania.hu\/wp-content\/uploads\/2024\/12\/26-2-405x270.jpg 405w\" sizes=\"auto, (max-width: 1024px) 100vw, 1024px\" \/><\/figure>\n\n\n\n<figure class=\"wp-block-image size-large\"><img loading=\"lazy\" decoding=\"async\" width=\"1024\" height=\"683\" data-id=\"6461\" src=\"https:\/\/marcali.plebania.hu\/wp-content\/uploads\/2024\/12\/27-2-1024x683.jpg\" alt=\"\" class=\"wp-image-6461\" srcset=\"https:\/\/marcali.plebania.hu\/wp-content\/uploads\/2024\/12\/27-2-1024x683.jpg 1024w, https:\/\/marcali.plebania.hu\/wp-content\/uploads\/2024\/12\/27-2-300x200.jpg 300w, https:\/\/marcali.plebania.hu\/wp-content\/uploads\/2024\/12\/27-2-768x512.jpg 768w, https:\/\/marcali.plebania.hu\/wp-content\/uploads\/2024\/12\/27-2-1536x1024.jpg 1536w, https:\/\/marcali.plebania.hu\/wp-content\/uploads\/2024\/12\/27-2-2048x1365.jpg 2048w, https:\/\/marcali.plebania.hu\/wp-content\/uploads\/2024\/12\/27-2-405x270.jpg 405w\" sizes=\"auto, (max-width: 1024px) 100vw, 1024px\" \/><\/figure>\n\n\n\n<figure class=\"wp-block-image size-large\"><img loading=\"lazy\" decoding=\"async\" width=\"1024\" height=\"683\" data-id=\"6462\" src=\"https:\/\/marcali.plebania.hu\/wp-content\/uploads\/2024\/12\/28-1-1024x683.jpg\" alt=\"\" class=\"wp-image-6462\" srcset=\"https:\/\/marcali.plebania.hu\/wp-content\/uploads\/2024\/12\/28-1-1024x683.jpg 1024w, https:\/\/marcali.plebania.hu\/wp-content\/uploads\/2024\/12\/28-1-300x200.jpg 300w, https:\/\/marcali.plebania.hu\/wp-content\/uploads\/2024\/12\/28-1-768x512.jpg 768w, https:\/\/marcali.plebania.hu\/wp-content\/uploads\/2024\/12\/28-1-1536x1024.jpg 1536w, https:\/\/marcali.plebania.hu\/wp-content\/uploads\/2024\/12\/28-1-2048x1365.jpg 2048w, https:\/\/marcali.plebania.hu\/wp-content\/uploads\/2024\/12\/28-1-405x270.jpg 405w\" sizes=\"auto, (max-width: 1024px) 100vw, 1024px\" \/><\/figure>\n<\/figure>\n\n\n\n<p>A szabadt\u00e9ri betlehem V\u00edzkereszt ut\u00e1nig, 2025. janu\u00e1r 11-ig lesz l\u00e1togathat\u00f3 \u00e9jjel \u00e9s nappal is.<\/p>\n\n\n\n<figure class=\"wp-block-image size-large\"><img loading=\"lazy\" decoding=\"async\" width=\"1024\" height=\"683\" src=\"https:\/\/marcali.plebania.hu\/wp-content\/uploads\/2024\/12\/29-1024x683.jpg\" alt=\"\" class=\"wp-image-6463\" srcset=\"https:\/\/marcali.plebania.hu\/wp-content\/uploads\/2024\/12\/29-1024x683.jpg 1024w, https:\/\/marcali.plebania.hu\/wp-content\/uploads\/2024\/12\/29-300x200.jpg 300w, https:\/\/marcali.plebania.hu\/wp-content\/uploads\/2024\/12\/29-768x512.jpg 768w, https:\/\/marcali.plebania.hu\/wp-content\/uploads\/2024\/12\/29-1536x1024.jpg 1536w, https:\/\/marcali.plebania.hu\/wp-content\/uploads\/2024\/12\/29-2048x1365.jpg 2048w, https:\/\/marcali.plebania.hu\/wp-content\/uploads\/2024\/12\/29-405x270.jpg 405w\" sizes=\"auto, (max-width: 1024px) 100vw, 1024px\" \/><\/figure>\n\n\n\n<p>\u00cdrta \u00e9s fot\u00f3k: Kiss K\u00e1lm\u00e1n<\/p>\n","protected":false},"excerpt":{"rendered":"<p>2024. december 21-\u00e9n, szombaton d\u00e9lel\u0151tt, 18. alkalommal k\u00e9sz\u00fcltek el a k\u00fclt\u00e9ri betlehem-\u00e9p\u00edt\u00e9si munk\u00e1latai a Gy\u00fcm\u00f6lcsolt\u00f3 Boldogasszony Pl\u00e9b\u00e1niatemplom \u00e9szaki oldal\u00e1n a Marcali R\u00f3mai Katolikus Egyh\u00e1zk\u00f6zs\u00e9g \u00f6sszefog\u00e1s\u00e1val. Az els\u0151 \u00fctemben S\u00e1gv\u00e1ri R\u00f3bert \u00e1csmester \u00e9s csapata, m\u00e1r el\u0151z\u0151 nap d\u00e9lel\u0151ttj\u00e9n \u00f6ssze\u00e1ll\u00edtotta az ak\u00e1cfa-v\u00e1zszerkezetet. Majd szombat d\u00e9lel\u0151tt, 9 \u00f3r\u00e1t\u00f3l folyat\u00f3dott a betlehem d\u00edsz\u00edt\u00e9se feny\u0151\u00e1gakkal; valamint berendez\u00e9se a Szent Csal\u00e1ddal, a p\u00e1sztorokkal \u00e9s a napkeleti b\u00f6lcsekkel (a h\u00e1rom kir\u00e1lyokkal), tov\u00e1bb\u00e1 az \u00e1llat figur\u00e1kkal. Ezt a munkafolyamatot az id\u00e9n is Gelencs\u00e9r R\u00f3bert vil\u00e1gi eln\u00f6k, \u00e9s Kir\u00e1ly&#8230;<\/p>\n<p class=\"read-more\"><a class=\"btn btn-default\" href=\"https:\/\/marcali.plebania.hu\/?p=6449\"> Read More<span class=\"screen-reader-text\">  Read More<\/span><\/a><\/p>\n","protected":false},"author":2,"featured_media":0,"comment_status":"closed","ping_status":"open","sticky":false,"template":"","format":"standard","meta":{"footnotes":""},"categories":[1],"tags":[],"class_list":["post-6449","post","type-post","status-publish","format-standard","hentry","category-egyeb"],"_links":{"self":[{"href":"https:\/\/marcali.plebania.hu\/index.php?rest_route=\/wp\/v2\/posts\/6449","targetHints":{"allow":["GET"]}}],"collection":[{"href":"https:\/\/marcali.plebania.hu\/index.php?rest_route=\/wp\/v2\/posts"}],"about":[{"href":"https:\/\/marcali.plebania.hu\/index.php?rest_route=\/wp\/v2\/types\/post"}],"author":[{"embeddable":true,"href":"https:\/\/marcali.plebania.hu\/index.php?rest_route=\/wp\/v2\/users\/2"}],"replies":[{"embeddable":true,"href":"https:\/\/marcali.plebania.hu\/index.php?rest_route=%2Fwp%2Fv2%2Fcomments&post=6449"}],"version-history":[{"count":1,"href":"https:\/\/marcali.plebania.hu\/index.php?rest_route=\/wp\/v2\/posts\/6449\/revisions"}],"predecessor-version":[{"id":6464,"href":"https:\/\/marcali.plebania.hu\/index.php?rest_route=\/wp\/v2\/posts\/6449\/revisions\/6464"}],"wp:attachment":[{"href":"https:\/\/marcali.plebania.hu\/index.php?rest_route=%2Fwp%2Fv2%2Fmedia&parent=6449"}],"wp:term":[{"taxonomy":"category","embeddable":true,"href":"https:\/\/marcali.plebania.hu\/index.php?rest_route=%2Fwp%2Fv2%2Fcategories&post=6449"},{"taxonomy":"post_tag","embeddable":true,"href":"https:\/\/marcali.plebania.hu\/index.php?rest_route=%2Fwp%2Fv2%2Ftags&post=6449"}],"curies":[{"name":"wp","href":"https:\/\/api.w.org\/{rel}","templated":true}]}}