{"id":6465,"date":"2024-12-23T15:19:29","date_gmt":"2024-12-23T15:19:29","guid":{"rendered":"https:\/\/marcali.plebania.hu\/?p=6465"},"modified":"2024-12-23T15:19:29","modified_gmt":"2024-12-23T15:19:29","slug":"meggyujtottak-a-2024-es-ev-negyedik-adventi-gyertyajat","status":"publish","type":"post","link":"https:\/\/marcali.plebania.hu\/?p=6465","title":{"rendered":"Meggy\u00fajtott\u00e1k a 2024-es \u00e9v negyedik \u00e1dventi gyerty\u00e1j\u00e1t"},"content":{"rendered":"\n<p>2024. december 21-\u00e9n, szombaton 17 \u00f3rakor kezd\u0151d\u00f6tt az idei negyedik \u00e1dventi gyertyagy\u00fajt\u00e1s a Boldog II. J\u00e1nos P\u00e1l p\u00e1pa t\u00e9ren \u00e1ll\u00f3 k\u00fclt\u00e9ri \u00e1dventi koszor\u00fan\u00e1l. A programban els\u0151k\u00e9nt a Marcali F\u00e9ny Gyermekei Katolikus Zenekar tagjai adtak el\u0151 zen\u00e9s-pr\u00f3zai m\u0171sort a pl\u00e9b\u00e1niatemplomban, majd pedig kint Tomanek Ferenc \u00c1ron, Marcali pl\u00e9b\u00e1nos gy\u00fajtotta meg a negyedik lila sz\u00edn\u0171 gyerty\u00e1t. A hangos\u00edt\u00e1st S\u00e1gv\u00e1ri R\u00f3bert biztos\u00edtotta.<\/p>\n\n\n\n<figure class=\"wp-block-gallery has-nested-images columns-default is-cropped wp-block-gallery-1 is-layout-flex wp-block-gallery-is-layout-flex\">\n<figure class=\"wp-block-image size-large\"><img loading=\"lazy\" decoding=\"async\" width=\"1024\" height=\"683\" data-id=\"6466\" src=\"https:\/\/marcali.plebania.hu\/wp-content\/uploads\/2024\/12\/03-8-1024x683.jpg\" alt=\"\" class=\"wp-image-6466\" srcset=\"https:\/\/marcali.plebania.hu\/wp-content\/uploads\/2024\/12\/03-8-1024x683.jpg 1024w, https:\/\/marcali.plebania.hu\/wp-content\/uploads\/2024\/12\/03-8-300x200.jpg 300w, https:\/\/marcali.plebania.hu\/wp-content\/uploads\/2024\/12\/03-8-768x512.jpg 768w, https:\/\/marcali.plebania.hu\/wp-content\/uploads\/2024\/12\/03-8-1536x1024.jpg 1536w, https:\/\/marcali.plebania.hu\/wp-content\/uploads\/2024\/12\/03-8-2048x1365.jpg 2048w, https:\/\/marcali.plebania.hu\/wp-content\/uploads\/2024\/12\/03-8-405x270.jpg 405w\" sizes=\"auto, (max-width: 1024px) 100vw, 1024px\" \/><\/figure>\n\n\n\n<figure class=\"wp-block-image size-large\"><img loading=\"lazy\" decoding=\"async\" width=\"1024\" height=\"683\" data-id=\"6470\" src=\"https:\/\/marcali.plebania.hu\/wp-content\/uploads\/2024\/12\/09-2-1024x683.jpg\" alt=\"\" class=\"wp-image-6470\" srcset=\"https:\/\/marcali.plebania.hu\/wp-content\/uploads\/2024\/12\/09-2-1024x683.jpg 1024w, https:\/\/marcali.plebania.hu\/wp-content\/uploads\/2024\/12\/09-2-300x200.jpg 300w, https:\/\/marcali.plebania.hu\/wp-content\/uploads\/2024\/12\/09-2-768x512.jpg 768w, https:\/\/marcali.plebania.hu\/wp-content\/uploads\/2024\/12\/09-2-1536x1024.jpg 1536w, https:\/\/marcali.plebania.hu\/wp-content\/uploads\/2024\/12\/09-2-2048x1365.jpg 2048w, https:\/\/marcali.plebania.hu\/wp-content\/uploads\/2024\/12\/09-2-405x270.jpg 405w\" sizes=\"auto, (max-width: 1024px) 100vw, 1024px\" \/><\/figure>\n\n\n\n<figure class=\"wp-block-image size-large\"><img loading=\"lazy\" decoding=\"async\" width=\"1024\" height=\"683\" data-id=\"6467\" src=\"https:\/\/marcali.plebania.hu\/wp-content\/uploads\/2024\/12\/05-2-1024x683.jpg\" alt=\"\" class=\"wp-image-6467\" srcset=\"https:\/\/marcali.plebania.hu\/wp-content\/uploads\/2024\/12\/05-2-1024x683.jpg 1024w, https:\/\/marcali.plebania.hu\/wp-content\/uploads\/2024\/12\/05-2-300x200.jpg 300w, https:\/\/marcali.plebania.hu\/wp-content\/uploads\/2024\/12\/05-2-768x512.jpg 768w, https:\/\/marcali.plebania.hu\/wp-content\/uploads\/2024\/12\/05-2-1536x1024.jpg 1536w, https:\/\/marcali.plebania.hu\/wp-content\/uploads\/2024\/12\/05-2-2048x1365.jpg 2048w, https:\/\/marcali.plebania.hu\/wp-content\/uploads\/2024\/12\/05-2-405x270.jpg 405w\" sizes=\"auto, (max-width: 1024px) 100vw, 1024px\" \/><\/figure>\n\n\n\n<figure class=\"wp-block-image size-large\"><img loading=\"lazy\" decoding=\"async\" width=\"1024\" height=\"683\" data-id=\"6477\" src=\"https:\/\/marcali.plebania.hu\/wp-content\/uploads\/2024\/12\/02-9-1024x683.jpg\" alt=\"\" class=\"wp-image-6477\" srcset=\"https:\/\/marcali.plebania.hu\/wp-content\/uploads\/2024\/12\/02-9-1024x683.jpg 1024w, https:\/\/marcali.plebania.hu\/wp-content\/uploads\/2024\/12\/02-9-300x200.jpg 300w, https:\/\/marcali.plebania.hu\/wp-content\/uploads\/2024\/12\/02-9-768x512.jpg 768w, https:\/\/marcali.plebania.hu\/wp-content\/uploads\/2024\/12\/02-9-1536x1024.jpg 1536w, https:\/\/marcali.plebania.hu\/wp-content\/uploads\/2024\/12\/02-9-2048x1365.jpg 2048w, https:\/\/marcali.plebania.hu\/wp-content\/uploads\/2024\/12\/02-9-405x270.jpg 405w\" sizes=\"auto, (max-width: 1024px) 100vw, 1024px\" \/><\/figure>\n<\/figure>\n\n\n\n<p>A negyedik, egyben utols\u00f3 gyertya Keresztel\u0151 Szent J\u00e1nost szimboliz\u00e1lja, aki J\u00e9zus k\u00f6zelg\u0151 elj\u00f6vetel\u00e9r\u0151l \u00e9s a b\u0171nb\u00e1natr\u00f3l pr\u00e9dik\u00e1lt a n\u00e9pnek, ez\u00e9rt ez a gyertya a szeretet jelk\u00e9pe.<\/p>\n\n\n\n<figure class=\"wp-block-gallery has-nested-images columns-default is-cropped wp-block-gallery-2 is-layout-flex wp-block-gallery-is-layout-flex\">\n<figure class=\"wp-block-image size-large\"><img loading=\"lazy\" decoding=\"async\" width=\"1024\" height=\"683\" data-id=\"6471\" src=\"https:\/\/marcali.plebania.hu\/wp-content\/uploads\/2024\/12\/16-5-1024x683.jpg\" alt=\"\" class=\"wp-image-6471\" srcset=\"https:\/\/marcali.plebania.hu\/wp-content\/uploads\/2024\/12\/16-5-1024x683.jpg 1024w, https:\/\/marcali.plebania.hu\/wp-content\/uploads\/2024\/12\/16-5-300x200.jpg 300w, https:\/\/marcali.plebania.hu\/wp-content\/uploads\/2024\/12\/16-5-768x512.jpg 768w, https:\/\/marcali.plebania.hu\/wp-content\/uploads\/2024\/12\/16-5-1536x1024.jpg 1536w, https:\/\/marcali.plebania.hu\/wp-content\/uploads\/2024\/12\/16-5-2048x1365.jpg 2048w, https:\/\/marcali.plebania.hu\/wp-content\/uploads\/2024\/12\/16-5-405x270.jpg 405w\" sizes=\"auto, (max-width: 1024px) 100vw, 1024px\" \/><\/figure>\n\n\n\n<figure class=\"wp-block-image size-large\"><img loading=\"lazy\" decoding=\"async\" width=\"1024\" height=\"683\" data-id=\"6474\" src=\"https:\/\/marcali.plebania.hu\/wp-content\/uploads\/2024\/12\/17-3-1024x683.jpg\" alt=\"\" class=\"wp-image-6474\" srcset=\"https:\/\/marcali.plebania.hu\/wp-content\/uploads\/2024\/12\/17-3-1024x683.jpg 1024w, https:\/\/marcali.plebania.hu\/wp-content\/uploads\/2024\/12\/17-3-300x200.jpg 300w, https:\/\/marcali.plebania.hu\/wp-content\/uploads\/2024\/12\/17-3-768x512.jpg 768w, https:\/\/marcali.plebania.hu\/wp-content\/uploads\/2024\/12\/17-3-1536x1024.jpg 1536w, https:\/\/marcali.plebania.hu\/wp-content\/uploads\/2024\/12\/17-3-2048x1365.jpg 2048w, https:\/\/marcali.plebania.hu\/wp-content\/uploads\/2024\/12\/17-3-405x270.jpg 405w\" sizes=\"auto, (max-width: 1024px) 100vw, 1024px\" \/><\/figure>\n\n\n\n<figure class=\"wp-block-image size-large\"><img loading=\"lazy\" decoding=\"async\" width=\"1000\" height=\"750\" data-id=\"6473\" src=\"https:\/\/marcali.plebania.hu\/wp-content\/uploads\/2024\/12\/18-3.jpg\" alt=\"\" class=\"wp-image-6473\" srcset=\"https:\/\/marcali.plebania.hu\/wp-content\/uploads\/2024\/12\/18-3.jpg 1000w, https:\/\/marcali.plebania.hu\/wp-content\/uploads\/2024\/12\/18-3-300x225.jpg 300w, https:\/\/marcali.plebania.hu\/wp-content\/uploads\/2024\/12\/18-3-768x576.jpg 768w, https:\/\/marcali.plebania.hu\/wp-content\/uploads\/2024\/12\/18-3-360x270.jpg 360w\" sizes=\"auto, (max-width: 1000px) 100vw, 1000px\" \/><\/figure>\n\n\n\n<figure class=\"wp-block-image size-large\"><img loading=\"lazy\" decoding=\"async\" width=\"1000\" height=\"750\" data-id=\"6472\" src=\"https:\/\/marcali.plebania.hu\/wp-content\/uploads\/2024\/12\/19-2.jpg\" alt=\"\" class=\"wp-image-6472\" srcset=\"https:\/\/marcali.plebania.hu\/wp-content\/uploads\/2024\/12\/19-2.jpg 1000w, https:\/\/marcali.plebania.hu\/wp-content\/uploads\/2024\/12\/19-2-300x225.jpg 300w, https:\/\/marcali.plebania.hu\/wp-content\/uploads\/2024\/12\/19-2-768x576.jpg 768w, https:\/\/marcali.plebania.hu\/wp-content\/uploads\/2024\/12\/19-2-360x270.jpg 360w\" sizes=\"auto, (max-width: 1000px) 100vw, 1000px\" \/><\/figure>\n<\/figure>\n\n\n\n<figure class=\"wp-block-image size-large\"><img loading=\"lazy\" decoding=\"async\" width=\"1024\" height=\"683\" src=\"https:\/\/marcali.plebania.hu\/wp-content\/uploads\/2024\/12\/20-1-1024x683.jpg\" alt=\"\" class=\"wp-image-6475\" srcset=\"https:\/\/marcali.plebania.hu\/wp-content\/uploads\/2024\/12\/20-1-1024x683.jpg 1024w, https:\/\/marcali.plebania.hu\/wp-content\/uploads\/2024\/12\/20-1-300x200.jpg 300w, https:\/\/marcali.plebania.hu\/wp-content\/uploads\/2024\/12\/20-1-768x512.jpg 768w, https:\/\/marcali.plebania.hu\/wp-content\/uploads\/2024\/12\/20-1-1536x1024.jpg 1536w, https:\/\/marcali.plebania.hu\/wp-content\/uploads\/2024\/12\/20-1-2048x1365.jpg 2048w, https:\/\/marcali.plebania.hu\/wp-content\/uploads\/2024\/12\/20-1-405x270.jpg 405w\" sizes=\"auto, (max-width: 1024px) 100vw, 1024px\" \/><\/figure>\n\n\n\n<p>\u00cdrta: Kiss K\u00e1lm\u00e1n<\/p>\n\n\n\n<p>Fot\u00f3k: Marcali Port\u00e1l, Kiss K\u00e1lm\u00e1n<\/p>\n","protected":false},"excerpt":{"rendered":"<p>2024. december 21-\u00e9n, szombaton 17 \u00f3rakor kezd\u0151d\u00f6tt az idei negyedik \u00e1dventi gyertyagy\u00fajt\u00e1s a Boldog II. J\u00e1nos P\u00e1l p\u00e1pa t\u00e9ren \u00e1ll\u00f3 k\u00fclt\u00e9ri \u00e1dventi koszor\u00fan\u00e1l. A programban els\u0151k\u00e9nt a Marcali F\u00e9ny Gyermekei Katolikus Zenekar tagjai adtak el\u0151 zen\u00e9s-pr\u00f3zai m\u0171sort a pl\u00e9b\u00e1niatemplomban, majd pedig kint Tomanek Ferenc \u00c1ron, Marcali pl\u00e9b\u00e1nos gy\u00fajtotta meg a negyedik lila sz\u00edn\u0171 gyerty\u00e1t. A hangos\u00edt\u00e1st S\u00e1gv\u00e1ri R\u00f3bert biztos\u00edtotta. A negyedik, egyben utols\u00f3 gyertya Keresztel\u0151 Szent J\u00e1nost szimboliz\u00e1lja, aki J\u00e9zus k\u00f6zelg\u0151 elj\u00f6vetel\u00e9r\u0151l \u00e9s a b\u0171nb\u00e1natr\u00f3l pr\u00e9dik\u00e1lt a n\u00e9pnek, ez\u00e9rt ez&#8230;<\/p>\n<p class=\"read-more\"><a class=\"btn btn-default\" href=\"https:\/\/marcali.plebania.hu\/?p=6465\"> Read More<span class=\"screen-reader-text\">  Read More<\/span><\/a><\/p>\n","protected":false},"author":2,"featured_media":0,"comment_status":"closed","ping_status":"open","sticky":false,"template":"","format":"standard","meta":{"footnotes":""},"categories":[1],"tags":[],"class_list":["post-6465","post","type-post","status-publish","format-standard","hentry","category-egyeb"],"_links":{"self":[{"href":"https:\/\/marcali.plebania.hu\/index.php?rest_route=\/wp\/v2\/posts\/6465","targetHints":{"allow":["GET"]}}],"collection":[{"href":"https:\/\/marcali.plebania.hu\/index.php?rest_route=\/wp\/v2\/posts"}],"about":[{"href":"https:\/\/marcali.plebania.hu\/index.php?rest_route=\/wp\/v2\/types\/post"}],"author":[{"embeddable":true,"href":"https:\/\/marcali.plebania.hu\/index.php?rest_route=\/wp\/v2\/users\/2"}],"replies":[{"embeddable":true,"href":"https:\/\/marcali.plebania.hu\/index.php?rest_route=%2Fwp%2Fv2%2Fcomments&post=6465"}],"version-history":[{"count":1,"href":"https:\/\/marcali.plebania.hu\/index.php?rest_route=\/wp\/v2\/posts\/6465\/revisions"}],"predecessor-version":[{"id":6478,"href":"https:\/\/marcali.plebania.hu\/index.php?rest_route=\/wp\/v2\/posts\/6465\/revisions\/6478"}],"wp:attachment":[{"href":"https:\/\/marcali.plebania.hu\/index.php?rest_route=%2Fwp%2Fv2%2Fmedia&parent=6465"}],"wp:term":[{"taxonomy":"category","embeddable":true,"href":"https:\/\/marcali.plebania.hu\/index.php?rest_route=%2Fwp%2Fv2%2Fcategories&post=6465"},{"taxonomy":"post_tag","embeddable":true,"href":"https:\/\/marcali.plebania.hu\/index.php?rest_route=%2Fwp%2Fv2%2Ftags&post=6465"}],"curies":[{"name":"wp","href":"https:\/\/api.w.org\/{rel}","templated":true}]}}