{"id":6479,"date":"2024-12-23T15:31:33","date_gmt":"2024-12-23T15:31:33","guid":{"rendered":"https:\/\/marcali.plebania.hu\/?p=6479"},"modified":"2024-12-23T15:31:33","modified_gmt":"2024-12-23T15:31:33","slug":"feny-gyul-az-ejben-a-calypso-korus-adventi-koncertje","status":"publish","type":"post","link":"https:\/\/marcali.plebania.hu\/?p=6479","title":{"rendered":"F\u00e9ny gy\u00fal az \u00e9jben\u2026 A Calypso K\u00f3rus adventi koncertje"},"content":{"rendered":"\n<p>2024. december 21-\u00e9n, szombaton 18.30 \u00f3rakor \u201eF\u00e9ny gy\u00fal az \u00e9jben\u2026\u201d c\u00edmmel kezd\u0151d\u00f6tt a Calypso K\u00f3rus adventi koncertje a Gy\u00fcm\u00f6lcsolt\u00f3 Boldogasszony Pl\u00e9b\u00e1niatemplomban.<\/p>\n\n\n\n<figure class=\"wp-block-gallery has-nested-images columns-default is-cropped wp-block-gallery-1 is-layout-flex wp-block-gallery-is-layout-flex\">\n<figure class=\"wp-block-image size-large\"><img loading=\"lazy\" decoding=\"async\" width=\"1024\" height=\"683\" data-id=\"6481\" src=\"https:\/\/marcali.plebania.hu\/wp-content\/uploads\/2024\/12\/01-7-1024x683.jpg\" alt=\"\" class=\"wp-image-6481\" srcset=\"https:\/\/marcali.plebania.hu\/wp-content\/uploads\/2024\/12\/01-7-1024x683.jpg 1024w, https:\/\/marcali.plebania.hu\/wp-content\/uploads\/2024\/12\/01-7-300x200.jpg 300w, https:\/\/marcali.plebania.hu\/wp-content\/uploads\/2024\/12\/01-7-768x512.jpg 768w, https:\/\/marcali.plebania.hu\/wp-content\/uploads\/2024\/12\/01-7-1536x1024.jpg 1536w, https:\/\/marcali.plebania.hu\/wp-content\/uploads\/2024\/12\/01-7-2048x1365.jpg 2048w, https:\/\/marcali.plebania.hu\/wp-content\/uploads\/2024\/12\/01-7-405x270.jpg 405w\" sizes=\"auto, (max-width: 1024px) 100vw, 1024px\" \/><\/figure>\n\n\n\n<figure class=\"wp-block-image size-large\"><img loading=\"lazy\" decoding=\"async\" width=\"1024\" height=\"683\" data-id=\"6480\" src=\"https:\/\/marcali.plebania.hu\/wp-content\/uploads\/2024\/12\/02-10-1024x683.jpg\" alt=\"\" class=\"wp-image-6480\" srcset=\"https:\/\/marcali.plebania.hu\/wp-content\/uploads\/2024\/12\/02-10-1024x683.jpg 1024w, https:\/\/marcali.plebania.hu\/wp-content\/uploads\/2024\/12\/02-10-300x200.jpg 300w, https:\/\/marcali.plebania.hu\/wp-content\/uploads\/2024\/12\/02-10-768x512.jpg 768w, https:\/\/marcali.plebania.hu\/wp-content\/uploads\/2024\/12\/02-10-1536x1024.jpg 1536w, https:\/\/marcali.plebania.hu\/wp-content\/uploads\/2024\/12\/02-10-2048x1365.jpg 2048w, https:\/\/marcali.plebania.hu\/wp-content\/uploads\/2024\/12\/02-10-405x270.jpg 405w\" sizes=\"auto, (max-width: 1024px) 100vw, 1024px\" \/><\/figure>\n\n\n\n<figure class=\"wp-block-image size-large\"><img loading=\"lazy\" decoding=\"async\" width=\"1024\" height=\"683\" data-id=\"6483\" src=\"https:\/\/marcali.plebania.hu\/wp-content\/uploads\/2024\/12\/03-9-1024x683.jpg\" alt=\"\" class=\"wp-image-6483\" srcset=\"https:\/\/marcali.plebania.hu\/wp-content\/uploads\/2024\/12\/03-9-1024x683.jpg 1024w, https:\/\/marcali.plebania.hu\/wp-content\/uploads\/2024\/12\/03-9-300x200.jpg 300w, https:\/\/marcali.plebania.hu\/wp-content\/uploads\/2024\/12\/03-9-768x512.jpg 768w, https:\/\/marcali.plebania.hu\/wp-content\/uploads\/2024\/12\/03-9-1536x1024.jpg 1536w, https:\/\/marcali.plebania.hu\/wp-content\/uploads\/2024\/12\/03-9-2048x1365.jpg 2048w, https:\/\/marcali.plebania.hu\/wp-content\/uploads\/2024\/12\/03-9-405x270.jpg 405w\" sizes=\"auto, (max-width: 1024px) 100vw, 1024px\" \/><\/figure>\n\n\n\n<figure class=\"wp-block-image size-large\"><img loading=\"lazy\" decoding=\"async\" width=\"1024\" height=\"683\" data-id=\"6482\" src=\"https:\/\/marcali.plebania.hu\/wp-content\/uploads\/2024\/12\/04-9-1024x683.jpg\" alt=\"\" class=\"wp-image-6482\" srcset=\"https:\/\/marcali.plebania.hu\/wp-content\/uploads\/2024\/12\/04-9-1024x683.jpg 1024w, https:\/\/marcali.plebania.hu\/wp-content\/uploads\/2024\/12\/04-9-300x200.jpg 300w, https:\/\/marcali.plebania.hu\/wp-content\/uploads\/2024\/12\/04-9-768x512.jpg 768w, https:\/\/marcali.plebania.hu\/wp-content\/uploads\/2024\/12\/04-9-1536x1024.jpg 1536w, https:\/\/marcali.plebania.hu\/wp-content\/uploads\/2024\/12\/04-9-2048x1365.jpg 2048w, https:\/\/marcali.plebania.hu\/wp-content\/uploads\/2024\/12\/04-9-405x270.jpg 405w\" sizes=\"auto, (max-width: 1024px) 100vw, 1024px\" \/><\/figure>\n<\/figure>\n\n\n\n<p>A karnagy Stalmer Edit volt. Hangszeren Bal\u00e1zs Zita, G\u00e1jer Szil\u00e1rd \u00e9s Sasfalvi G\u00e1bor m\u0171k\u00f6d\u00f6tt k\u00f6zre.<\/p>\n\n\n\n<figure class=\"wp-block-image size-large\"><img loading=\"lazy\" decoding=\"async\" width=\"1024\" height=\"683\" src=\"https:\/\/marcali.plebania.hu\/wp-content\/uploads\/2024\/12\/07-3-1024x683.jpg\" alt=\"\" class=\"wp-image-6484\" srcset=\"https:\/\/marcali.plebania.hu\/wp-content\/uploads\/2024\/12\/07-3-1024x683.jpg 1024w, https:\/\/marcali.plebania.hu\/wp-content\/uploads\/2024\/12\/07-3-300x200.jpg 300w, https:\/\/marcali.plebania.hu\/wp-content\/uploads\/2024\/12\/07-3-768x512.jpg 768w, https:\/\/marcali.plebania.hu\/wp-content\/uploads\/2024\/12\/07-3-1536x1024.jpg 1536w, https:\/\/marcali.plebania.hu\/wp-content\/uploads\/2024\/12\/07-3-2048x1365.jpg 2048w, https:\/\/marcali.plebania.hu\/wp-content\/uploads\/2024\/12\/07-3-405x270.jpg 405w\" sizes=\"auto, (max-width: 1024px) 100vw, 1024px\" \/><\/figure>\n\n\n\n<p>\u00cdrta \u00e9s fot\u00f3k: Kiss K\u00e1lm\u00e1n<\/p>\n\n\n\n<p><\/p>\n","protected":false},"excerpt":{"rendered":"<p>2024. december 21-\u00e9n, szombaton 18.30 \u00f3rakor \u201eF\u00e9ny gy\u00fal az \u00e9jben\u2026\u201d c\u00edmmel kezd\u0151d\u00f6tt a Calypso K\u00f3rus adventi koncertje a Gy\u00fcm\u00f6lcsolt\u00f3 Boldogasszony Pl\u00e9b\u00e1niatemplomban. A karnagy Stalmer Edit volt. Hangszeren Bal\u00e1zs Zita, G\u00e1jer Szil\u00e1rd \u00e9s Sasfalvi G\u00e1bor m\u0171k\u00f6d\u00f6tt k\u00f6zre. \u00cdrta \u00e9s fot\u00f3k: Kiss K\u00e1lm\u00e1n<\/p>\n","protected":false},"author":2,"featured_media":0,"comment_status":"closed","ping_status":"open","sticky":false,"template":"","format":"standard","meta":{"footnotes":""},"categories":[1],"tags":[],"class_list":["post-6479","post","type-post","status-publish","format-standard","hentry","category-egyeb"],"_links":{"self":[{"href":"https:\/\/marcali.plebania.hu\/index.php?rest_route=\/wp\/v2\/posts\/6479","targetHints":{"allow":["GET"]}}],"collection":[{"href":"https:\/\/marcali.plebania.hu\/index.php?rest_route=\/wp\/v2\/posts"}],"about":[{"href":"https:\/\/marcali.plebania.hu\/index.php?rest_route=\/wp\/v2\/types\/post"}],"author":[{"embeddable":true,"href":"https:\/\/marcali.plebania.hu\/index.php?rest_route=\/wp\/v2\/users\/2"}],"replies":[{"embeddable":true,"href":"https:\/\/marcali.plebania.hu\/index.php?rest_route=%2Fwp%2Fv2%2Fcomments&post=6479"}],"version-history":[{"count":1,"href":"https:\/\/marcali.plebania.hu\/index.php?rest_route=\/wp\/v2\/posts\/6479\/revisions"}],"predecessor-version":[{"id":6485,"href":"https:\/\/marcali.plebania.hu\/index.php?rest_route=\/wp\/v2\/posts\/6479\/revisions\/6485"}],"wp:attachment":[{"href":"https:\/\/marcali.plebania.hu\/index.php?rest_route=%2Fwp%2Fv2%2Fmedia&parent=6479"}],"wp:term":[{"taxonomy":"category","embeddable":true,"href":"https:\/\/marcali.plebania.hu\/index.php?rest_route=%2Fwp%2Fv2%2Fcategories&post=6479"},{"taxonomy":"post_tag","embeddable":true,"href":"https:\/\/marcali.plebania.hu\/index.php?rest_route=%2Fwp%2Fv2%2Ftags&post=6479"}],"curies":[{"name":"wp","href":"https:\/\/api.w.org\/{rel}","templated":true}]}}