{"id":6502,"date":"2024-12-29T11:49:09","date_gmt":"2024-12-29T11:49:09","guid":{"rendered":"https:\/\/marcali.plebania.hu\/?p=6502"},"modified":"2024-12-29T11:49:09","modified_gmt":"2024-12-29T11:49:09","slug":"hirdetesek-2024-december-29-en","status":"publish","type":"post","link":"https:\/\/marcali.plebania.hu\/?p=6502","title":{"rendered":"Hirdet\u00e9sek 2024. december 29-\u00e9n"},"content":{"rendered":"\n<p><\/p>\n\n\n\n<p><strong><a href=\"https:\/\/igenaptar.katolikus.hu\/2024\/nap\/index.php?holnap=2024-12-29\" target=\"_blank\" rel=\"noreferrer noopener\"><u>Szent Csal\u00e1d vas\u00e1rnapja<\/u><\/a><\/strong><strong><\/strong><\/p>\n\n\n\n<ol start=\"1\" class=\"wp-block-list\">\n<li>K\u00f6sz\u00f6nj\u00fck a templomok kar\u00e1csonyi d\u00edsz\u00edt\u00e9s\u00e9ben \u00e9s a kar\u00e1csonyi m\u0171sorokban r\u00e9sztvev\u0151k munk\u00e1j\u00e1t.<\/li>\n\n\n\n<li>A 2025-\u00f6s <strong>jubileumi szent\u00e9v megnyit\u00e1s\u00e1<\/strong>ra ma 15:00-kor ker\u00fcl sor egyh\u00e1zmegy\u00e9nkben a kaposv\u00e1ri sz\u00e9kesegyh\u00e1zban a p\u00fcsp\u00f6ki szentmise keret\u00e9ben. A szent\u00e9v mott\u00f3ja: <em>A rem\u00e9ny zar\u00e1ndokai<\/em>. A honlapunkr\u00f3l el\u00e9rhet\u0151 a hivatalos log\u00f3r\u00f3l sz\u00f3l\u00f3 le\u00edr\u00e1s. Szeretettel aj\u00e1nljuk a megnyit\u00f3n val\u00f3 r\u00e9szv\u00e9telt minden h\u00edv\u0151nek. Nem lesz esti szentmise a Boldog Gizella-templomban.<\/li>\n\n\n\n<li>K\u00f6z\u00f6s <strong>\u00e9v v\u00e9gi h\u00e1laad\u00f3 szents\u00e9gim\u00e1d\u00e1s<\/strong>ra h\u00edvunk mindenkit kedden (dec. 31.) 16:45-t\u0151l a pl\u00e9b\u00e1niatemplomba, a polg\u00e1ri \u00e9v utols\u00f3 szentmis\u00e9je el\u0151tt.<\/li>\n\n\n\n<li><strong>Janu\u00e1r 1-je<\/strong> Sz\u0171z M\u00e1ria istenanyas\u00e1g\u00e1nak f\u0151\u00fcnnepe, mely a vas\u00e1rnappal egyen\u00e9rt\u00e9k\u0171, parancsolt \u00fcnnep\u00fcnk. Ezen a napon vas\u00e1rnapi miserendet tartunk: 9 \u00f3rakor lesz szentmise a pl\u00e9b\u00e1niatemplomban, 11 \u00f3rakor Gomb\u00e1n, 17:30-kor a Boldog Gizella-templomban. A kedd esti mise is ehhez az \u00fcnnephez tartozik.<\/li>\n\n\n\n<li><strong>K\u00f6sz\u00f6nj\u00fck a pl\u00e9b\u00e1nia \u00e9let\u00e9ben val\u00f3 r\u00e9szv\u00e9telt<\/strong> az elm\u00falt \u00e9vben: jelenl\u00e9tet, im\u00e1ds\u00e1got, szolg\u00e1latot, k\u00f6z\u00f6ss\u00e9g\u00e9rt v\u00e9gzett b\u00e1rmilyen munk\u00e1t \u00e9s anyagi hozz\u00e1j\u00e1rul\u00e1st (egyh\u00e1zi hozz\u00e1j\u00e1rul\u00e1st, persely- \u00e9s egy\u00e9b adom\u00e1nyt), melyek lehet\u0151v\u00e9 teszik a pl\u00e9b\u00e1nia m\u0171k\u00f6d\u00e9s\u00e9t \u00e9s karitat\u00edv tev\u00e9kenys\u00e9g\u00e9t, az istentiszteleti \u00e9s k\u00f6z\u00f6ss\u00e9gi terek fenntart\u00e1s\u00e1t.<\/li>\n<\/ol>\n\n\n\n<hr class=\"wp-block-separator has-alpha-channel-opacity\"\/>\n\n\n\n<figure class=\"wp-block-image size-large\"><img loading=\"lazy\" decoding=\"async\" width=\"1024\" height=\"919\" src=\"https:\/\/marcali.plebania.hu\/wp-content\/uploads\/2024\/12\/20241229-1024x919.png\" alt=\"\" class=\"wp-image-6503\" srcset=\"https:\/\/marcali.plebania.hu\/wp-content\/uploads\/2024\/12\/20241229-1024x919.png 1024w, https:\/\/marcali.plebania.hu\/wp-content\/uploads\/2024\/12\/20241229-300x269.png 300w, https:\/\/marcali.plebania.hu\/wp-content\/uploads\/2024\/12\/20241229-768x689.png 768w, https:\/\/marcali.plebania.hu\/wp-content\/uploads\/2024\/12\/20241229-301x270.png 301w, https:\/\/marcali.plebania.hu\/wp-content\/uploads\/2024\/12\/20241229.png 1250w\" sizes=\"auto, (max-width: 1024px) 100vw, 1024px\" \/><\/figure>\n\n\n\n<p><\/p>\n","protected":false},"excerpt":{"rendered":"<p>Szent Csal\u00e1d vas\u00e1rnapja<\/p>\n","protected":false},"author":1,"featured_media":0,"comment_status":"closed","ping_status":"open","sticky":false,"template":"","format":"standard","meta":{"footnotes":""},"categories":[1],"tags":[],"class_list":["post-6502","post","type-post","status-publish","format-standard","hentry","category-egyeb"],"_links":{"self":[{"href":"https:\/\/marcali.plebania.hu\/index.php?rest_route=\/wp\/v2\/posts\/6502","targetHints":{"allow":["GET"]}}],"collection":[{"href":"https:\/\/marcali.plebania.hu\/index.php?rest_route=\/wp\/v2\/posts"}],"about":[{"href":"https:\/\/marcali.plebania.hu\/index.php?rest_route=\/wp\/v2\/types\/post"}],"author":[{"embeddable":true,"href":"https:\/\/marcali.plebania.hu\/index.php?rest_route=\/wp\/v2\/users\/1"}],"replies":[{"embeddable":true,"href":"https:\/\/marcali.plebania.hu\/index.php?rest_route=%2Fwp%2Fv2%2Fcomments&post=6502"}],"version-history":[{"count":1,"href":"https:\/\/marcali.plebania.hu\/index.php?rest_route=\/wp\/v2\/posts\/6502\/revisions"}],"predecessor-version":[{"id":6504,"href":"https:\/\/marcali.plebania.hu\/index.php?rest_route=\/wp\/v2\/posts\/6502\/revisions\/6504"}],"wp:attachment":[{"href":"https:\/\/marcali.plebania.hu\/index.php?rest_route=%2Fwp%2Fv2%2Fmedia&parent=6502"}],"wp:term":[{"taxonomy":"category","embeddable":true,"href":"https:\/\/marcali.plebania.hu\/index.php?rest_route=%2Fwp%2Fv2%2Fcategories&post=6502"},{"taxonomy":"post_tag","embeddable":true,"href":"https:\/\/marcali.plebania.hu\/index.php?rest_route=%2Fwp%2Fv2%2Ftags&post=6502"}],"curies":[{"name":"wp","href":"https:\/\/api.w.org\/{rel}","templated":true}]}}