{"id":6506,"date":"2025-01-05T19:04:36","date_gmt":"2025-01-05T19:04:36","guid":{"rendered":"https:\/\/marcali.plebania.hu\/?p=6506"},"modified":"2025-01-05T19:08:26","modified_gmt":"2025-01-05T19:08:26","slug":"hirdetesek-2025-januar-5-en","status":"publish","type":"post","link":"https:\/\/marcali.plebania.hu\/?p=6506","title":{"rendered":"Hirdet\u00e9sek 2025. janu\u00e1r 5-\u00e9n"},"content":{"rendered":"\n<p><strong><a href=\"https:\/\/igenaptar.katolikus.hu\/2024\/nap\/index.php?holnap=2025-01-05\" target=\"_blank\" rel=\"noreferrer noopener\"><u>Kar\u00e1csonyt k\u00f6vet\u0151 2. vas\u00e1rnap<\/u><\/a><\/strong><strong><\/strong><\/p>\n\n\n\n<ol start=\"1\" class=\"wp-block-list\">\n<li>K\u00f6sz\u00f6nj\u00fck az \u00e9v v\u00e9gi h\u00e1laad\u00e1son val\u00f3 r\u00e9szv\u00e9telt, \u00e9s minden szem\u00e9lynek, csoportnak, k\u00f6z\u00f6ss\u00e9gnek a jelenl\u00e9tet \u00e9s hozz\u00e1j\u00e1rul\u00e1st pl\u00e9b\u00e1ni\u00e1nk \u00e9let\u00e9hez a tavalyi \u00e9v sor\u00e1n.<\/li>\n\n\n\n<li>Janu\u00e1r 6-a<strong> Urunk megjelen\u00e9s\u00e9nek <\/strong>parancsolt f\u0151\u00fcnnepe, melynek meg\u00fcnnepl\u00e9s\u00e9hez &#8211; a vas\u00e1rnaphoz hasonl\u00f3an &#8211; a szentmis\u00e9n val\u00f3 r\u00e9szv\u00e9tel is hozz\u00e1tartozik. A 17:30-kor kezd\u0151d\u0151 mise elej\u00e9n meg\u00e1ldjuk a vizet, melyb\u0151l haza is vihetnek a jelenl\u00e9v\u0151k.<\/li>\n\n\n\n<li>A kar\u00e1csonyi \u00fcnnepk\u00f6r \u00f6r\u00f6mh\u00edre, hogy \u201eaz Ige testt\u00e9 lett, \u00e9s k\u00f6z\u00f6tt\u00fcnk lakott\u201d (Jn 1,14). Ilyenkor kicsit \u201eotthonosabban\u201d gondolhatunk Istenre: az \u0151 hajl\u00e9ka ak\u00e1r a mi\u00e9nk is lehet. Az ilyenkor szok\u00e1sos szentelm\u00e9ny sor\u00e1n, a <strong>h\u00e1z meg\u00e1ld\u00e1sa<\/strong>kor k\u00f6z\u00f6sen im\u00e1dkozunk Istenhez az er\u00e9nyes csal\u00e1di \u00e9let\u00e9rt \u00e9s a gonoszt\u00f3l val\u00f3 oltalom\u00e9rt, majd meghintj\u00fck a h\u00e1z ak\u00e1r \u00f6sszes helyis\u00e9g\u00e9t szenteltv\u00edzzel, hiszen Isten bet\u00f6lti a csal\u00e1di hajl\u00e9kot, a k\u00f6z\u00f6s \u00e9letet; semmi nem idegen sz\u00e1m\u00e1ra bel\u0151le. Aki szeretn\u00e9 otthona meg\u00e1ld\u00e1s\u00e1t k\u00e9rni, hagyja meg nev\u00e9t, c\u00edm\u00e9t, el\u00e9rhet\u0151s\u00e9g\u00e9t az irod\u00e1ban vagy a sekresty\u00e9ben. Az \u00e1ld\u00e1s\u00e1nak nincs k\u00f6lts\u00e9ge \u00e9s minden \u00e9vben lehet k\u00e9rni.<\/li>\n\n\n\n<li>Szerd\u00e1n 18:00-kor folytatjuk a feln\u0151tthittant, szents\u00e9gi felk\u00e9sz\u00edt\u0151t a pl\u00e9b\u00e1ni\u00e1n.<\/li>\n\n\n\n<li>Kiss <strong>Iv\u00e1n aty\u00e1\u00e9rt<\/strong> mutatjuk be a p\u00e9ntek esti szentmis\u00e9t, hal\u00e1la \u00e9vfordul\u00f3ja alkalm\u00e1b\u00f3l. A szentmise el\u0151tt 17:00-t\u0151l r\u00f3zsaf\u00fcz\u00e9rt im\u00e1dkozunk a pl\u00e9b\u00e1niatemplomban.<\/li>\n\n\n\n<li>Seg\u00edts\u00e9get k\u00e9r\u00fcnk a k\u00fclt\u00e9ri betlehem \u00e9s az adventi koszor\u00fa <strong>bont\u00e1s<\/strong>\u00e1hoz szombaton 9 \u00f3r\u00e1t\u00f3l. K\u00f6sz\u00f6nj\u00fck a seg\u00edts\u00e9get.<\/li>\n\n\n\n<li>J\u00f6v\u0151 vas\u00e1rnap a 9 \u00f3rai szentmis\u00e9t a doni h\u0151s\u00f6k \u00e9s \u00e1ldozatok eml\u00e9k\u00e9re aj\u00e1nljuk fel, melyet m\u00e9csesgy\u00fajt\u00e1s k\u00f6vet a II. vil\u00e1gh\u00e1bor\u00fas eml\u00e9km\u0171n\u00e9l.<\/li>\n<\/ol>\n\n\n\n<hr class=\"wp-block-separator has-alpha-channel-opacity\"\/>\n\n\n\n<figure class=\"wp-block-image size-large\"><img loading=\"lazy\" decoding=\"async\" width=\"1024\" height=\"983\" src=\"https:\/\/marcali.plebania.hu\/wp-content\/uploads\/2025\/01\/250105-1-1024x983.png\" alt=\"\" class=\"wp-image-6510\" srcset=\"https:\/\/marcali.plebania.hu\/wp-content\/uploads\/2025\/01\/250105-1-1024x983.png 1024w, https:\/\/marcali.plebania.hu\/wp-content\/uploads\/2025\/01\/250105-1-300x288.png 300w, https:\/\/marcali.plebania.hu\/wp-content\/uploads\/2025\/01\/250105-1-768x737.png 768w, https:\/\/marcali.plebania.hu\/wp-content\/uploads\/2025\/01\/250105-1-281x270.png 281w, https:\/\/marcali.plebania.hu\/wp-content\/uploads\/2025\/01\/250105-1.png 1257w\" sizes=\"auto, (max-width: 1024px) 100vw, 1024px\" \/><\/figure>\n","protected":false},"excerpt":{"rendered":"<p>Kar\u00e1csonyt k\u00f6vet\u0151 2. vas\u00e1rnap<\/p>\n","protected":false},"author":1,"featured_media":0,"comment_status":"closed","ping_status":"open","sticky":false,"template":"","format":"standard","meta":{"footnotes":""},"categories":[1],"tags":[],"class_list":["post-6506","post","type-post","status-publish","format-standard","hentry","category-egyeb"],"_links":{"self":[{"href":"https:\/\/marcali.plebania.hu\/index.php?rest_route=\/wp\/v2\/posts\/6506","targetHints":{"allow":["GET"]}}],"collection":[{"href":"https:\/\/marcali.plebania.hu\/index.php?rest_route=\/wp\/v2\/posts"}],"about":[{"href":"https:\/\/marcali.plebania.hu\/index.php?rest_route=\/wp\/v2\/types\/post"}],"author":[{"embeddable":true,"href":"https:\/\/marcali.plebania.hu\/index.php?rest_route=\/wp\/v2\/users\/1"}],"replies":[{"embeddable":true,"href":"https:\/\/marcali.plebania.hu\/index.php?rest_route=%2Fwp%2Fv2%2Fcomments&post=6506"}],"version-history":[{"count":2,"href":"https:\/\/marcali.plebania.hu\/index.php?rest_route=\/wp\/v2\/posts\/6506\/revisions"}],"predecessor-version":[{"id":6511,"href":"https:\/\/marcali.plebania.hu\/index.php?rest_route=\/wp\/v2\/posts\/6506\/revisions\/6511"}],"wp:attachment":[{"href":"https:\/\/marcali.plebania.hu\/index.php?rest_route=%2Fwp%2Fv2%2Fmedia&parent=6506"}],"wp:term":[{"taxonomy":"category","embeddable":true,"href":"https:\/\/marcali.plebania.hu\/index.php?rest_route=%2Fwp%2Fv2%2Fcategories&post=6506"},{"taxonomy":"post_tag","embeddable":true,"href":"https:\/\/marcali.plebania.hu\/index.php?rest_route=%2Fwp%2Fv2%2Ftags&post=6506"}],"curies":[{"name":"wp","href":"https:\/\/api.w.org\/{rel}","templated":true}]}}