{"id":652,"date":"2019-02-25T15:42:12","date_gmt":"2019-02-25T15:42:12","guid":{"rendered":"https:\/\/marcali.plebania.hu\/?p=652"},"modified":"2019-02-25T15:42:12","modified_gmt":"2019-02-25T15:42:12","slug":"farsangoltak-a-hittanosok-az-x-hazban","status":"publish","type":"post","link":"https:\/\/marcali.plebania.hu\/?p=652","title":{"rendered":"Farsangoltak a hittanosok az X-h\u00e1zban"},"content":{"rendered":"\n<p>2019. febru\u00e1r 23-\u00e1n, szombaton d\u00e9lut\u00e1n 13 \u00f3r\u00e1t\u00f3l az X-h\u00e1z (D\u00f3zsa u. 3.) nagyterm\u00e9ben tartott\u00e1k a farsangi b\u00e1lt a marcali hittanos gyermekek r\u00e9sz\u00e9re. Az idei esztend\u0151ben is t\u00f6retlen n\u00e9pszer\u0171s\u00e9gnek \u00f6rvend a rendezv\u00e9ny, melyre mintegy 100 di\u00e1k j\u00f6tt el, t\u00f6bbeket a sz\u00fclei \u00e9s nagysz\u00fclei is elk\u00eds\u00e9rtek.<\/p>\n\n\n\n<ul class=\"wp-block-gallery columns-3 is-cropped wp-block-gallery-1 is-layout-flex wp-block-gallery-is-layout-flex\"><li class=\"blocks-gallery-item\"><figure><img loading=\"lazy\" decoding=\"async\" width=\"1024\" height=\"683\" src=\"https:\/\/marcali.plebania.hu\/wp-content\/uploads\/2019\/02\/03-1-1024x683.jpg\" alt=\"\" data-id=\"653\" data-link=\"https:\/\/marcali.plebania.hu\/?attachment_id=653\" class=\"wp-image-653\" srcset=\"https:\/\/marcali.plebania.hu\/wp-content\/uploads\/2019\/02\/03-1-1024x683.jpg 1024w, https:\/\/marcali.plebania.hu\/wp-content\/uploads\/2019\/02\/03-1-300x200.jpg 300w, https:\/\/marcali.plebania.hu\/wp-content\/uploads\/2019\/02\/03-1-768x512.jpg 768w, https:\/\/marcali.plebania.hu\/wp-content\/uploads\/2019\/02\/03-1-405x270.jpg 405w\" sizes=\"auto, (max-width: 1024px) 100vw, 1024px\" \/><\/figure><\/li><li class=\"blocks-gallery-item\"><figure><img loading=\"lazy\" decoding=\"async\" width=\"1024\" height=\"683\" src=\"https:\/\/marcali.plebania.hu\/wp-content\/uploads\/2019\/02\/04-1-1024x683.jpg\" alt=\"\" data-id=\"654\" data-link=\"https:\/\/marcali.plebania.hu\/?attachment_id=654\" class=\"wp-image-654\" srcset=\"https:\/\/marcali.plebania.hu\/wp-content\/uploads\/2019\/02\/04-1-1024x683.jpg 1024w, https:\/\/marcali.plebania.hu\/wp-content\/uploads\/2019\/02\/04-1-300x200.jpg 300w, https:\/\/marcali.plebania.hu\/wp-content\/uploads\/2019\/02\/04-1-768x512.jpg 768w, https:\/\/marcali.plebania.hu\/wp-content\/uploads\/2019\/02\/04-1-405x270.jpg 405w\" sizes=\"auto, (max-width: 1024px) 100vw, 1024px\" \/><\/figure><\/li><li class=\"blocks-gallery-item\"><figure><img loading=\"lazy\" decoding=\"async\" width=\"1024\" height=\"683\" src=\"https:\/\/marcali.plebania.hu\/wp-content\/uploads\/2019\/02\/05-1024x683.jpg\" alt=\"\" data-id=\"655\" data-link=\"https:\/\/marcali.plebania.hu\/?attachment_id=655\" class=\"wp-image-655\" srcset=\"https:\/\/marcali.plebania.hu\/wp-content\/uploads\/2019\/02\/05-1024x683.jpg 1024w, https:\/\/marcali.plebania.hu\/wp-content\/uploads\/2019\/02\/05-300x200.jpg 300w, https:\/\/marcali.plebania.hu\/wp-content\/uploads\/2019\/02\/05-768x512.jpg 768w, https:\/\/marcali.plebania.hu\/wp-content\/uploads\/2019\/02\/05-405x270.jpg 405w\" sizes=\"auto, (max-width: 1024px) 100vw, 1024px\" \/><\/figure><\/li><li class=\"blocks-gallery-item\"><figure><img loading=\"lazy\" decoding=\"async\" width=\"1024\" height=\"683\" src=\"https:\/\/marcali.plebania.hu\/wp-content\/uploads\/2019\/02\/06-2-1024x683.jpg\" alt=\"\" data-id=\"656\" data-link=\"https:\/\/marcali.plebania.hu\/?attachment_id=656\" class=\"wp-image-656\" srcset=\"https:\/\/marcali.plebania.hu\/wp-content\/uploads\/2019\/02\/06-2-1024x683.jpg 1024w, https:\/\/marcali.plebania.hu\/wp-content\/uploads\/2019\/02\/06-2-300x200.jpg 300w, https:\/\/marcali.plebania.hu\/wp-content\/uploads\/2019\/02\/06-2-768x512.jpg 768w, https:\/\/marcali.plebania.hu\/wp-content\/uploads\/2019\/02\/06-2-405x270.jpg 405w\" sizes=\"auto, (max-width: 1024px) 100vw, 1024px\" \/><\/figure><\/li><li class=\"blocks-gallery-item\"><figure><img loading=\"lazy\" decoding=\"async\" width=\"1024\" height=\"683\" src=\"https:\/\/marcali.plebania.hu\/wp-content\/uploads\/2019\/02\/07-1024x683.jpg\" alt=\"\" data-id=\"657\" data-link=\"https:\/\/marcali.plebania.hu\/?attachment_id=657\" class=\"wp-image-657\" srcset=\"https:\/\/marcali.plebania.hu\/wp-content\/uploads\/2019\/02\/07-1024x683.jpg 1024w, https:\/\/marcali.plebania.hu\/wp-content\/uploads\/2019\/02\/07-300x200.jpg 300w, https:\/\/marcali.plebania.hu\/wp-content\/uploads\/2019\/02\/07-768x512.jpg 768w, https:\/\/marcali.plebania.hu\/wp-content\/uploads\/2019\/02\/07-405x270.jpg 405w\" sizes=\"auto, (max-width: 1024px) 100vw, 1024px\" \/><\/figure><\/li><li class=\"blocks-gallery-item\"><figure><img loading=\"lazy\" decoding=\"async\" width=\"1024\" height=\"683\" src=\"https:\/\/marcali.plebania.hu\/wp-content\/uploads\/2019\/02\/08-1024x683.jpg\" alt=\"\" data-id=\"658\" data-link=\"https:\/\/marcali.plebania.hu\/?attachment_id=658\" class=\"wp-image-658\" srcset=\"https:\/\/marcali.plebania.hu\/wp-content\/uploads\/2019\/02\/08-1024x683.jpg 1024w, https:\/\/marcali.plebania.hu\/wp-content\/uploads\/2019\/02\/08-300x200.jpg 300w, https:\/\/marcali.plebania.hu\/wp-content\/uploads\/2019\/02\/08-768x512.jpg 768w, https:\/\/marcali.plebania.hu\/wp-content\/uploads\/2019\/02\/08-405x270.jpg 405w\" sizes=\"auto, (max-width: 1024px) 100vw, 1024px\" \/><\/figure><\/li><li class=\"blocks-gallery-item\"><figure><img loading=\"lazy\" decoding=\"async\" width=\"1024\" height=\"683\" src=\"https:\/\/marcali.plebania.hu\/wp-content\/uploads\/2019\/02\/09-1-1024x683.jpg\" alt=\"\" data-id=\"659\" data-link=\"https:\/\/marcali.plebania.hu\/?attachment_id=659\" class=\"wp-image-659\" srcset=\"https:\/\/marcali.plebania.hu\/wp-content\/uploads\/2019\/02\/09-1-1024x683.jpg 1024w, https:\/\/marcali.plebania.hu\/wp-content\/uploads\/2019\/02\/09-1-300x200.jpg 300w, https:\/\/marcali.plebania.hu\/wp-content\/uploads\/2019\/02\/09-1-768x512.jpg 768w, https:\/\/marcali.plebania.hu\/wp-content\/uploads\/2019\/02\/09-1-405x270.jpg 405w\" sizes=\"auto, (max-width: 1024px) 100vw, 1024px\" \/><\/figure><\/li><\/ul>\n\n\n\n<p>Az als\u00f3 \u00e9s fels\u0151 tagozatos tanul\u00f3kat Kiss Iv\u00e1n c. pr\u00e9post, esperes-pl\u00e9b\u00e1nos, majd dr. Gyulain\u00e9 Domj\u00e1n Zsuzsanna k\u00f6sz\u00f6nt\u00f6tte. A vid\u00e1m hangulatot a Hamupik\u0151ke c\u00edm\u0171 mese egy modern feldolgoz\u00e1s\u00e1val alapozt\u00e1k meg, melyet Iv\u00e1n atya \u00e9s a hitoktat\u00f3k adtak el\u0151. A mulats\u00e1g ezut\u00e1n a szok\u00e1sos \u00e9s nagy izgalommal k\u00eds\u00e9rt jelmezversennyel folytat\u00f3dott. \u00d6sszesen 43 gyermek, k\u00f6zt\u00fck \u00f3vod\u00e1sok vonultak fel a jelenl\u00e9v\u0151k \u00e9s a zs\u0171ri el\u0151tt. Az id\u00e9n is voltak k\u00fcl\u00f6nf\u00e9le \u00f6tletes maskar\u00e1k \u00f6n\u00e1ll\u00f3 \u00e9s csoportos versenyz\u0151k. A neh\u00e9z helyzetben l\u00e9v\u0151 b\u00edr\u00e1l\u00f3 bizotts\u00e1g ism\u00e9t csak a lelem\u00e9nyes megold\u00e1sokat d\u00edjazta.<\/p>\n\n\n\n<ul class=\"wp-block-gallery columns-3 is-cropped wp-block-gallery-2 is-layout-flex wp-block-gallery-is-layout-flex\"><li class=\"blocks-gallery-item\"><figure><img loading=\"lazy\" decoding=\"async\" width=\"1024\" height=\"683\" src=\"https:\/\/marcali.plebania.hu\/wp-content\/uploads\/2019\/02\/56-1024x683.jpg\" alt=\"\" data-id=\"660\" data-link=\"https:\/\/marcali.plebania.hu\/?attachment_id=660\" class=\"wp-image-660\" srcset=\"https:\/\/marcali.plebania.hu\/wp-content\/uploads\/2019\/02\/56-1024x683.jpg 1024w, https:\/\/marcali.plebania.hu\/wp-content\/uploads\/2019\/02\/56-300x200.jpg 300w, https:\/\/marcali.plebania.hu\/wp-content\/uploads\/2019\/02\/56-768x512.jpg 768w, https:\/\/marcali.plebania.hu\/wp-content\/uploads\/2019\/02\/56-405x270.jpg 405w\" sizes=\"auto, (max-width: 1024px) 100vw, 1024px\" \/><\/figure><\/li><li class=\"blocks-gallery-item\"><figure><img loading=\"lazy\" decoding=\"async\" width=\"1024\" height=\"683\" src=\"https:\/\/marcali.plebania.hu\/wp-content\/uploads\/2019\/02\/57-1024x683.jpg\" alt=\"\" data-id=\"661\" data-link=\"https:\/\/marcali.plebania.hu\/?attachment_id=661\" class=\"wp-image-661\" srcset=\"https:\/\/marcali.plebania.hu\/wp-content\/uploads\/2019\/02\/57-1024x683.jpg 1024w, https:\/\/marcali.plebania.hu\/wp-content\/uploads\/2019\/02\/57-300x200.jpg 300w, https:\/\/marcali.plebania.hu\/wp-content\/uploads\/2019\/02\/57-768x512.jpg 768w, https:\/\/marcali.plebania.hu\/wp-content\/uploads\/2019\/02\/57-405x270.jpg 405w\" sizes=\"auto, (max-width: 1024px) 100vw, 1024px\" \/><\/figure><\/li><li class=\"blocks-gallery-item\"><figure><img loading=\"lazy\" decoding=\"async\" width=\"1024\" height=\"683\" src=\"https:\/\/marcali.plebania.hu\/wp-content\/uploads\/2019\/02\/58-1024x683.jpg\" alt=\"\" data-id=\"662\" data-link=\"https:\/\/marcali.plebania.hu\/?attachment_id=662\" class=\"wp-image-662\" srcset=\"https:\/\/marcali.plebania.hu\/wp-content\/uploads\/2019\/02\/58-1024x683.jpg 1024w, https:\/\/marcali.plebania.hu\/wp-content\/uploads\/2019\/02\/58-300x200.jpg 300w, https:\/\/marcali.plebania.hu\/wp-content\/uploads\/2019\/02\/58-768x512.jpg 768w, https:\/\/marcali.plebania.hu\/wp-content\/uploads\/2019\/02\/58-405x270.jpg 405w\" sizes=\"auto, (max-width: 1024px) 100vw, 1024px\" \/><\/figure><\/li><li class=\"blocks-gallery-item\"><figure><img loading=\"lazy\" decoding=\"async\" width=\"1024\" height=\"683\" src=\"https:\/\/marcali.plebania.hu\/wp-content\/uploads\/2019\/02\/59-1024x683.jpg\" alt=\"\" data-id=\"663\" data-link=\"https:\/\/marcali.plebania.hu\/?attachment_id=663\" class=\"wp-image-663\" srcset=\"https:\/\/marcali.plebania.hu\/wp-content\/uploads\/2019\/02\/59-1024x683.jpg 1024w, https:\/\/marcali.plebania.hu\/wp-content\/uploads\/2019\/02\/59-300x200.jpg 300w, https:\/\/marcali.plebania.hu\/wp-content\/uploads\/2019\/02\/59-768x512.jpg 768w, https:\/\/marcali.plebania.hu\/wp-content\/uploads\/2019\/02\/59-405x270.jpg 405w\" sizes=\"auto, (max-width: 1024px) 100vw, 1024px\" \/><\/figure><\/li><\/ul>\n\n\n\n<p>Az eredm\u00e9nyhirdet\u00e9s \u00e9s a nyerem\u00e9nyek \u00e1tad\u00e1sa ut\u00e1n sz\u00e9kfoglal\u00f3val, f\u00e1nkev\u0151-versennyel, zen\u00e9vel, t\u00e1nccal fokoz\u00f3dott tov\u00e1bb a hangulat. V\u00e9g\u00fcl tombolasorsol\u00e1ssal z\u00e1rult a rendezv\u00e9ny, melyen k\u00fcl\u00f6nf\u00e9le aj\u00e1nd\u00e9kok, k\u00f6zt\u00fck \u00e9dess\u00e9gek, \u00edr\u00f3szerek, f\u00fczetek, j\u00e1t\u00e9kok, k\u00f6nyvek leltek gazd\u00e1ra.<\/p>\n\n\n\n<ul class=\"wp-block-gallery columns-3 is-cropped wp-block-gallery-3 is-layout-flex wp-block-gallery-is-layout-flex\"><li class=\"blocks-gallery-item\"><figure><img loading=\"lazy\" decoding=\"async\" width=\"1024\" height=\"683\" src=\"https:\/\/marcali.plebania.hu\/wp-content\/uploads\/2019\/02\/69-1024x683.jpg\" alt=\"\" data-id=\"664\" data-link=\"https:\/\/marcali.plebania.hu\/?attachment_id=664\" class=\"wp-image-664\" srcset=\"https:\/\/marcali.plebania.hu\/wp-content\/uploads\/2019\/02\/69-1024x683.jpg 1024w, https:\/\/marcali.plebania.hu\/wp-content\/uploads\/2019\/02\/69-300x200.jpg 300w, https:\/\/marcali.plebania.hu\/wp-content\/uploads\/2019\/02\/69-768x512.jpg 768w, https:\/\/marcali.plebania.hu\/wp-content\/uploads\/2019\/02\/69-405x270.jpg 405w\" sizes=\"auto, (max-width: 1024px) 100vw, 1024px\" \/><\/figure><\/li><li class=\"blocks-gallery-item\"><figure><img loading=\"lazy\" decoding=\"async\" width=\"1024\" height=\"683\" src=\"https:\/\/marcali.plebania.hu\/wp-content\/uploads\/2019\/02\/70-1024x683.jpg\" alt=\"\" data-id=\"665\" data-link=\"https:\/\/marcali.plebania.hu\/?attachment_id=665\" class=\"wp-image-665\" srcset=\"https:\/\/marcali.plebania.hu\/wp-content\/uploads\/2019\/02\/70-1024x683.jpg 1024w, https:\/\/marcali.plebania.hu\/wp-content\/uploads\/2019\/02\/70-300x200.jpg 300w, https:\/\/marcali.plebania.hu\/wp-content\/uploads\/2019\/02\/70-768x512.jpg 768w, https:\/\/marcali.plebania.hu\/wp-content\/uploads\/2019\/02\/70-405x270.jpg 405w\" sizes=\"auto, (max-width: 1024px) 100vw, 1024px\" \/><\/figure><\/li><li class=\"blocks-gallery-item\"><figure><img loading=\"lazy\" decoding=\"async\" width=\"1024\" height=\"683\" src=\"https:\/\/marcali.plebania.hu\/wp-content\/uploads\/2019\/02\/71-1024x683.jpg\" alt=\"\" data-id=\"666\" data-link=\"https:\/\/marcali.plebania.hu\/?attachment_id=666\" class=\"wp-image-666\" srcset=\"https:\/\/marcali.plebania.hu\/wp-content\/uploads\/2019\/02\/71-1024x683.jpg 1024w, https:\/\/marcali.plebania.hu\/wp-content\/uploads\/2019\/02\/71-300x200.jpg 300w, https:\/\/marcali.plebania.hu\/wp-content\/uploads\/2019\/02\/71-768x512.jpg 768w, https:\/\/marcali.plebania.hu\/wp-content\/uploads\/2019\/02\/71-405x270.jpg 405w\" sizes=\"auto, (max-width: 1024px) 100vw, 1024px\" \/><\/figure><\/li><li class=\"blocks-gallery-item\"><figure><img loading=\"lazy\" decoding=\"async\" width=\"1024\" height=\"683\" src=\"https:\/\/marcali.plebania.hu\/wp-content\/uploads\/2019\/02\/72-1024x683.jpg\" alt=\"\" data-id=\"667\" data-link=\"https:\/\/marcali.plebania.hu\/?attachment_id=667\" class=\"wp-image-667\" srcset=\"https:\/\/marcali.plebania.hu\/wp-content\/uploads\/2019\/02\/72-1024x683.jpg 1024w, https:\/\/marcali.plebania.hu\/wp-content\/uploads\/2019\/02\/72-300x200.jpg 300w, https:\/\/marcali.plebania.hu\/wp-content\/uploads\/2019\/02\/72-768x512.jpg 768w, https:\/\/marcali.plebania.hu\/wp-content\/uploads\/2019\/02\/72-405x270.jpg 405w\" sizes=\"auto, (max-width: 1024px) 100vw, 1024px\" \/><\/figure><\/li><\/ul>\n\n\n\n<p>A j\u00f3 hangulat\u00fa, k\u00f6z\u00f6ss\u00e9g-\u00f6sszekov\u00e1csol\u00f3 b\u00e1lban finomabbn\u00e1l-finomabb szendvicsekkel, s\u00fctem\u00e9nyekkel, valamint te\u00e1val \u00e9s friss\u00edt\u0151kkel k\u00edn\u00e1lt\u00e1k meg a gyermekeket az egyh\u00e1zk\u00f6zs\u00e9g, a sz\u00fcl\u00f6k, a hitoktat\u00f3k \u00e9s az egyh\u00e1zk\u00f6zs\u00e9g fiataljainak j\u00f3volt\u00e1b\u00f3l. A marcali hittanos b\u00e1l sikeres megrendez\u00e9s\u00e9\u00e9rt k\u00f6sz\u00f6net illet minden k\u00f6zrem\u0171k\u00f6d\u0151t, seg\u00edt\u0151t \u00e9s t\u00e1mogat\u00f3t. J\u00f6v\u0151re \u00fajb\u00f3l tal\u00e1lkozunk!<\/p>\n\n\n\n<ul class=\"wp-block-gallery columns-1 is-cropped wp-block-gallery-4 is-layout-flex wp-block-gallery-is-layout-flex\"><li class=\"blocks-gallery-item\"><figure><img loading=\"lazy\" decoding=\"async\" width=\"1024\" height=\"683\" src=\"https:\/\/marcali.plebania.hu\/wp-content\/uploads\/2019\/02\/76-1024x683.jpg\" alt=\"\" data-id=\"668\" data-link=\"https:\/\/marcali.plebania.hu\/?attachment_id=668\" class=\"wp-image-668\" srcset=\"https:\/\/marcali.plebania.hu\/wp-content\/uploads\/2019\/02\/76-1024x683.jpg 1024w, https:\/\/marcali.plebania.hu\/wp-content\/uploads\/2019\/02\/76-300x200.jpg 300w, https:\/\/marcali.plebania.hu\/wp-content\/uploads\/2019\/02\/76-768x512.jpg 768w, https:\/\/marcali.plebania.hu\/wp-content\/uploads\/2019\/02\/76-405x270.jpg 405w\" sizes=\"auto, (max-width: 1024px) 100vw, 1024px\" \/><\/figure><\/li><\/ul>\n","protected":false},"excerpt":{"rendered":"<p>2019. febru\u00e1r 23-\u00e1n, szombaton d\u00e9lut\u00e1n 13 \u00f3r\u00e1t\u00f3l az X-h\u00e1z (D\u00f3zsa u. 3.) nagyterm\u00e9ben tartott\u00e1k a farsangi b\u00e1lt a marcali hittanos gyermekek r\u00e9sz\u00e9re. Az idei esztend\u0151ben is t\u00f6retlen n\u00e9pszer\u0171s\u00e9gnek \u00f6rvend a rendezv\u00e9ny, melyre mintegy 100 di\u00e1k j\u00f6tt el, t\u00f6bbeket a sz\u00fclei \u00e9s nagysz\u00fclei is elk\u00eds\u00e9rtek. Az als\u00f3 \u00e9s fels\u0151 tagozatos tanul\u00f3kat Kiss Iv\u00e1n c. pr\u00e9post, esperes-pl\u00e9b\u00e1nos, majd dr. Gyulain\u00e9 Domj\u00e1n Zsuzsanna k\u00f6sz\u00f6nt\u00f6tte. A vid\u00e1m hangulatot a Hamupik\u0151ke c\u00edm\u0171 mese egy modern feldolgoz\u00e1s\u00e1val alapozt\u00e1k meg, melyet Iv\u00e1n atya \u00e9s a hitoktat\u00f3k adtak&#8230;<\/p>\n<p class=\"read-more\"><a class=\"btn btn-default\" href=\"https:\/\/marcali.plebania.hu\/?p=652\"> Read More<span class=\"screen-reader-text\">  Read More<\/span><\/a><\/p>\n","protected":false},"author":2,"featured_media":0,"comment_status":"closed","ping_status":"open","sticky":false,"template":"","format":"standard","meta":{"footnotes":""},"categories":[1],"tags":[],"class_list":["post-652","post","type-post","status-publish","format-standard","hentry","category-egyeb"],"_links":{"self":[{"href":"https:\/\/marcali.plebania.hu\/index.php?rest_route=\/wp\/v2\/posts\/652","targetHints":{"allow":["GET"]}}],"collection":[{"href":"https:\/\/marcali.plebania.hu\/index.php?rest_route=\/wp\/v2\/posts"}],"about":[{"href":"https:\/\/marcali.plebania.hu\/index.php?rest_route=\/wp\/v2\/types\/post"}],"author":[{"embeddable":true,"href":"https:\/\/marcali.plebania.hu\/index.php?rest_route=\/wp\/v2\/users\/2"}],"replies":[{"embeddable":true,"href":"https:\/\/marcali.plebania.hu\/index.php?rest_route=%2Fwp%2Fv2%2Fcomments&post=652"}],"version-history":[{"count":1,"href":"https:\/\/marcali.plebania.hu\/index.php?rest_route=\/wp\/v2\/posts\/652\/revisions"}],"predecessor-version":[{"id":669,"href":"https:\/\/marcali.plebania.hu\/index.php?rest_route=\/wp\/v2\/posts\/652\/revisions\/669"}],"wp:attachment":[{"href":"https:\/\/marcali.plebania.hu\/index.php?rest_route=%2Fwp%2Fv2%2Fmedia&parent=652"}],"wp:term":[{"taxonomy":"category","embeddable":true,"href":"https:\/\/marcali.plebania.hu\/index.php?rest_route=%2Fwp%2Fv2%2Fcategories&post=652"},{"taxonomy":"post_tag","embeddable":true,"href":"https:\/\/marcali.plebania.hu\/index.php?rest_route=%2Fwp%2Fv2%2Ftags&post=652"}],"curies":[{"name":"wp","href":"https:\/\/api.w.org\/{rel}","templated":true}]}}