{"id":6520,"date":"2024-12-26T14:05:42","date_gmt":"2024-12-26T14:05:42","guid":{"rendered":"https:\/\/marcali.plebania.hu\/?p=6520"},"modified":"2025-01-08T14:16:02","modified_gmt":"2025-01-08T14:16:02","slug":"karacsonyi-unnepi-musor-es-ejjeli-szentmise-a-boldog-gizella-templomban","status":"publish","type":"post","link":"https:\/\/marcali.plebania.hu\/?p=6520","title":{"rendered":"Kar\u00e1csonyi \u00fcnnepi m\u0171sor \u00e9s \u00e9jjeli szentmise a Boldog Gizella templomban"},"content":{"rendered":"\n<p>2024. december 24-\u00e9n, kedden 21.30 \u00f3rakor kar\u00e1csonyi m\u0171sorral \u00e9s szentmis\u00e9vel vette kezdet\u00e9t az \u00fcnneps\u00e9g, Szentest\u00e9n a Boldog Gizella templomban.<\/p>\n\n\n\n<figure class=\"wp-block-gallery has-nested-images columns-default is-cropped wp-block-gallery-1 is-layout-flex wp-block-gallery-is-layout-flex\">\n<figure class=\"wp-block-image size-large\"><img loading=\"lazy\" decoding=\"async\" width=\"1024\" height=\"683\" data-id=\"6522\" src=\"https:\/\/marcali.plebania.hu\/wp-content\/uploads\/2025\/01\/01-1024x683.jpg\" alt=\"\" class=\"wp-image-6522\" srcset=\"https:\/\/marcali.plebania.hu\/wp-content\/uploads\/2025\/01\/01-1024x683.jpg 1024w, https:\/\/marcali.plebania.hu\/wp-content\/uploads\/2025\/01\/01-300x200.jpg 300w, https:\/\/marcali.plebania.hu\/wp-content\/uploads\/2025\/01\/01-768x512.jpg 768w, https:\/\/marcali.plebania.hu\/wp-content\/uploads\/2025\/01\/01-1536x1024.jpg 1536w, https:\/\/marcali.plebania.hu\/wp-content\/uploads\/2025\/01\/01-2048x1365.jpg 2048w, https:\/\/marcali.plebania.hu\/wp-content\/uploads\/2025\/01\/01-405x270.jpg 405w\" sizes=\"auto, (max-width: 1024px) 100vw, 1024px\" \/><\/figure>\n\n\n\n<figure class=\"wp-block-image size-large\"><img loading=\"lazy\" decoding=\"async\" width=\"1024\" height=\"683\" data-id=\"6521\" src=\"https:\/\/marcali.plebania.hu\/wp-content\/uploads\/2025\/01\/02-1024x683.jpg\" alt=\"\" class=\"wp-image-6521\" srcset=\"https:\/\/marcali.plebania.hu\/wp-content\/uploads\/2025\/01\/02-1024x683.jpg 1024w, https:\/\/marcali.plebania.hu\/wp-content\/uploads\/2025\/01\/02-300x200.jpg 300w, https:\/\/marcali.plebania.hu\/wp-content\/uploads\/2025\/01\/02-768x512.jpg 768w, https:\/\/marcali.plebania.hu\/wp-content\/uploads\/2025\/01\/02-1536x1024.jpg 1536w, https:\/\/marcali.plebania.hu\/wp-content\/uploads\/2025\/01\/02-2048x1365.jpg 2048w, https:\/\/marcali.plebania.hu\/wp-content\/uploads\/2025\/01\/02-405x270.jpg 405w\" sizes=\"auto, (max-width: 1024px) 100vw, 1024px\" \/><\/figure>\n\n\n\n<figure class=\"wp-block-image size-large\"><img loading=\"lazy\" decoding=\"async\" width=\"1024\" height=\"683\" data-id=\"6523\" src=\"https:\/\/marcali.plebania.hu\/wp-content\/uploads\/2025\/01\/03-1024x683.jpg\" alt=\"\" class=\"wp-image-6523\" srcset=\"https:\/\/marcali.plebania.hu\/wp-content\/uploads\/2025\/01\/03-1024x683.jpg 1024w, https:\/\/marcali.plebania.hu\/wp-content\/uploads\/2025\/01\/03-300x200.jpg 300w, https:\/\/marcali.plebania.hu\/wp-content\/uploads\/2025\/01\/03-768x512.jpg 768w, https:\/\/marcali.plebania.hu\/wp-content\/uploads\/2025\/01\/03-1536x1024.jpg 1536w, https:\/\/marcali.plebania.hu\/wp-content\/uploads\/2025\/01\/03-2048x1365.jpg 2048w, https:\/\/marcali.plebania.hu\/wp-content\/uploads\/2025\/01\/03-405x270.jpg 405w\" sizes=\"auto, (max-width: 1024px) 100vw, 1024px\" \/><\/figure>\n\n\n\n<figure class=\"wp-block-image size-large\"><img loading=\"lazy\" decoding=\"async\" width=\"1024\" height=\"683\" data-id=\"6524\" src=\"https:\/\/marcali.plebania.hu\/wp-content\/uploads\/2025\/01\/04-1024x683.jpg\" alt=\"\" class=\"wp-image-6524\" srcset=\"https:\/\/marcali.plebania.hu\/wp-content\/uploads\/2025\/01\/04-1024x683.jpg 1024w, https:\/\/marcali.plebania.hu\/wp-content\/uploads\/2025\/01\/04-300x200.jpg 300w, https:\/\/marcali.plebania.hu\/wp-content\/uploads\/2025\/01\/04-768x512.jpg 768w, https:\/\/marcali.plebania.hu\/wp-content\/uploads\/2025\/01\/04-1536x1024.jpg 1536w, https:\/\/marcali.plebania.hu\/wp-content\/uploads\/2025\/01\/04-2048x1365.jpg 2048w, https:\/\/marcali.plebania.hu\/wp-content\/uploads\/2025\/01\/04-405x270.jpg 405w\" sizes=\"auto, (max-width: 1024px) 100vw, 1024px\" \/><\/figure>\n<\/figure>\n\n\n\n<p>A kar\u00e1csonyi verses-zen\u00e9s m\u0171sorban hittanos di\u00e1kok, Balogh B\u00e1lint k\u00e1ntor orgon\u00e1val, Szab\u00f3 Andrea git\u00e1rral, Cservenyi-Jakabovits Eszter \u00e9s T\u00f3th Eszter \u00c1gnes \u00e9nekkel m\u0171k\u00f6d\u00f6tt k\u00f6zre. A felk\u00e9sz\u00edt\u0151 pedag\u00f3gusok Cservenyi-Jakabovits Zolt\u00e1n \u00e9s Pozsonyin\u00e9 Kiss M\u00e1ria hitoktat\u00f3n\u0151 voltak.<\/p>\n\n\n\n<figure class=\"wp-block-gallery has-nested-images columns-default is-cropped wp-block-gallery-2 is-layout-flex wp-block-gallery-is-layout-flex\">\n<figure class=\"wp-block-image size-large\"><img loading=\"lazy\" decoding=\"async\" width=\"1024\" height=\"683\" data-id=\"6525\" src=\"https:\/\/marcali.plebania.hu\/wp-content\/uploads\/2025\/01\/14-1024x683.jpg\" alt=\"\" class=\"wp-image-6525\" srcset=\"https:\/\/marcali.plebania.hu\/wp-content\/uploads\/2025\/01\/14-1024x683.jpg 1024w, https:\/\/marcali.plebania.hu\/wp-content\/uploads\/2025\/01\/14-300x200.jpg 300w, https:\/\/marcali.plebania.hu\/wp-content\/uploads\/2025\/01\/14-768x512.jpg 768w, https:\/\/marcali.plebania.hu\/wp-content\/uploads\/2025\/01\/14-1536x1024.jpg 1536w, https:\/\/marcali.plebania.hu\/wp-content\/uploads\/2025\/01\/14-2048x1365.jpg 2048w, https:\/\/marcali.plebania.hu\/wp-content\/uploads\/2025\/01\/14-405x270.jpg 405w\" sizes=\"auto, (max-width: 1024px) 100vw, 1024px\" \/><\/figure>\n\n\n\n<figure class=\"wp-block-image size-large\"><img loading=\"lazy\" decoding=\"async\" width=\"1024\" height=\"683\" data-id=\"6526\" src=\"https:\/\/marcali.plebania.hu\/wp-content\/uploads\/2025\/01\/15-1024x683.jpg\" alt=\"\" class=\"wp-image-6526\" srcset=\"https:\/\/marcali.plebania.hu\/wp-content\/uploads\/2025\/01\/15-1024x683.jpg 1024w, https:\/\/marcali.plebania.hu\/wp-content\/uploads\/2025\/01\/15-300x200.jpg 300w, https:\/\/marcali.plebania.hu\/wp-content\/uploads\/2025\/01\/15-768x512.jpg 768w, https:\/\/marcali.plebania.hu\/wp-content\/uploads\/2025\/01\/15-1536x1024.jpg 1536w, https:\/\/marcali.plebania.hu\/wp-content\/uploads\/2025\/01\/15-2048x1365.jpg 2048w, https:\/\/marcali.plebania.hu\/wp-content\/uploads\/2025\/01\/15-405x270.jpg 405w\" sizes=\"auto, (max-width: 1024px) 100vw, 1024px\" \/><\/figure>\n\n\n\n<figure class=\"wp-block-image size-large\"><img loading=\"lazy\" decoding=\"async\" width=\"1024\" height=\"683\" data-id=\"6527\" src=\"https:\/\/marcali.plebania.hu\/wp-content\/uploads\/2025\/01\/16-1024x683.jpg\" alt=\"\" class=\"wp-image-6527\" srcset=\"https:\/\/marcali.plebania.hu\/wp-content\/uploads\/2025\/01\/16-1024x683.jpg 1024w, https:\/\/marcali.plebania.hu\/wp-content\/uploads\/2025\/01\/16-300x200.jpg 300w, https:\/\/marcali.plebania.hu\/wp-content\/uploads\/2025\/01\/16-768x512.jpg 768w, https:\/\/marcali.plebania.hu\/wp-content\/uploads\/2025\/01\/16-1536x1024.jpg 1536w, https:\/\/marcali.plebania.hu\/wp-content\/uploads\/2025\/01\/16-2048x1365.jpg 2048w, https:\/\/marcali.plebania.hu\/wp-content\/uploads\/2025\/01\/16-405x270.jpg 405w\" sizes=\"auto, (max-width: 1024px) 100vw, 1024px\" \/><\/figure>\n\n\n\n<figure class=\"wp-block-image size-large\"><img loading=\"lazy\" decoding=\"async\" width=\"1024\" height=\"683\" data-id=\"6528\" src=\"https:\/\/marcali.plebania.hu\/wp-content\/uploads\/2025\/01\/17-1024x683.jpg\" alt=\"\" class=\"wp-image-6528\" srcset=\"https:\/\/marcali.plebania.hu\/wp-content\/uploads\/2025\/01\/17-1024x683.jpg 1024w, https:\/\/marcali.plebania.hu\/wp-content\/uploads\/2025\/01\/17-300x200.jpg 300w, https:\/\/marcali.plebania.hu\/wp-content\/uploads\/2025\/01\/17-768x512.jpg 768w, https:\/\/marcali.plebania.hu\/wp-content\/uploads\/2025\/01\/17-1536x1024.jpg 1536w, https:\/\/marcali.plebania.hu\/wp-content\/uploads\/2025\/01\/17-2048x1365.jpg 2048w, https:\/\/marcali.plebania.hu\/wp-content\/uploads\/2025\/01\/17-405x270.jpg 405w\" sizes=\"auto, (max-width: 1024px) 100vw, 1024px\" \/><\/figure>\n<\/figure>\n\n\n\n<p>Majd ezt k\u00f6vet\u0151en 22 \u00f3rakor kezd\u0151d\u00f6tt az \u00fcnnepi szentmise, melyet Tomanek Ferenc \u00c1ron pl\u00e9b\u00e1nos celebr\u00e1lt a nagy sz\u00e1mban megjelenteknek.<\/p>\n\n\n\n<p>\u00cdrta \u00e9s fot\u00f3k: Kiss K\u00e1lm\u00e1n<\/p>\n","protected":false},"excerpt":{"rendered":"<p>2024. december 24-\u00e9n, kedden 21.30 \u00f3rakor kar\u00e1csonyi m\u0171sorral \u00e9s szentmis\u00e9vel vette kezdet\u00e9t az \u00fcnneps\u00e9g, Szentest\u00e9n a Boldog Gizella templomban. A kar\u00e1csonyi verses-zen\u00e9s m\u0171sorban hittanos di\u00e1kok, Balogh B\u00e1lint k\u00e1ntor orgon\u00e1val, Szab\u00f3 Andrea git\u00e1rral, Cservenyi-Jakabovits Eszter \u00e9s T\u00f3th Eszter \u00c1gnes \u00e9nekkel m\u0171k\u00f6d\u00f6tt k\u00f6zre. A felk\u00e9sz\u00edt\u0151 pedag\u00f3gusok Cservenyi-Jakabovits Zolt\u00e1n \u00e9s Pozsonyin\u00e9 Kiss M\u00e1ria hitoktat\u00f3n\u0151 voltak. Majd ezt k\u00f6vet\u0151en 22 \u00f3rakor kezd\u0151d\u00f6tt az \u00fcnnepi szentmise, melyet Tomanek Ferenc \u00c1ron pl\u00e9b\u00e1nos celebr\u00e1lt a nagy sz\u00e1mban megjelenteknek. \u00cdrta \u00e9s fot\u00f3k: Kiss K\u00e1lm\u00e1n<\/p>\n","protected":false},"author":2,"featured_media":0,"comment_status":"closed","ping_status":"open","sticky":false,"template":"","format":"standard","meta":{"footnotes":""},"categories":[1],"tags":[],"class_list":["post-6520","post","type-post","status-publish","format-standard","hentry","category-egyeb"],"_links":{"self":[{"href":"https:\/\/marcali.plebania.hu\/index.php?rest_route=\/wp\/v2\/posts\/6520","targetHints":{"allow":["GET"]}}],"collection":[{"href":"https:\/\/marcali.plebania.hu\/index.php?rest_route=\/wp\/v2\/posts"}],"about":[{"href":"https:\/\/marcali.plebania.hu\/index.php?rest_route=\/wp\/v2\/types\/post"}],"author":[{"embeddable":true,"href":"https:\/\/marcali.plebania.hu\/index.php?rest_route=\/wp\/v2\/users\/2"}],"replies":[{"embeddable":true,"href":"https:\/\/marcali.plebania.hu\/index.php?rest_route=%2Fwp%2Fv2%2Fcomments&post=6520"}],"version-history":[{"count":1,"href":"https:\/\/marcali.plebania.hu\/index.php?rest_route=\/wp\/v2\/posts\/6520\/revisions"}],"predecessor-version":[{"id":6529,"href":"https:\/\/marcali.plebania.hu\/index.php?rest_route=\/wp\/v2\/posts\/6520\/revisions\/6529"}],"wp:attachment":[{"href":"https:\/\/marcali.plebania.hu\/index.php?rest_route=%2Fwp%2Fv2%2Fmedia&parent=6520"}],"wp:term":[{"taxonomy":"category","embeddable":true,"href":"https:\/\/marcali.plebania.hu\/index.php?rest_route=%2Fwp%2Fv2%2Fcategories&post=6520"},{"taxonomy":"post_tag","embeddable":true,"href":"https:\/\/marcali.plebania.hu\/index.php?rest_route=%2Fwp%2Fv2%2Ftags&post=6520"}],"curies":[{"name":"wp","href":"https:\/\/api.w.org\/{rel}","templated":true}]}}