{"id":6530,"date":"2024-12-26T14:10:25","date_gmt":"2024-12-26T14:10:25","guid":{"rendered":"https:\/\/marcali.plebania.hu\/?p=6530"},"modified":"2025-01-08T14:16:34","modified_gmt":"2025-01-08T14:16:34","slug":"pasztorjatek-es-ejfeli-szentmise-szenteste-a-plebaniatemplomban-2","status":"publish","type":"post","link":"https:\/\/marcali.plebania.hu\/?p=6530","title":{"rendered":"P\u00e1sztorj\u00e1t\u00e9k \u00e9s \u00e9jf\u00e9li szentmise Szenteste a pl\u00e9b\u00e1niatemplomban"},"content":{"rendered":"\n<p>2024. december 24-\u00e9n, kedden, Szenteste 23.20 \u00f3rakor a hittanos tanul\u00f3k p\u00e1sztorj\u00e1t\u00e9k\u00e1val kezd\u0151d\u00f6tt a kar\u00e1csonyi \u00fcnneps\u00e9g a Gy\u00fcm\u00f6lcsolt\u00f3 Boldogasszony Pl\u00e9b\u00e1niatemplomban.<\/p>\n\n\n\n<figure class=\"wp-block-gallery has-nested-images columns-default is-cropped wp-block-gallery-1 is-layout-flex wp-block-gallery-is-layout-flex\">\n<figure class=\"wp-block-image size-large\"><img loading=\"lazy\" decoding=\"async\" width=\"1024\" height=\"683\" data-id=\"6531\" src=\"https:\/\/marcali.plebania.hu\/wp-content\/uploads\/2025\/01\/01-1-1024x683.jpg\" alt=\"\" class=\"wp-image-6531\" srcset=\"https:\/\/marcali.plebania.hu\/wp-content\/uploads\/2025\/01\/01-1-1024x683.jpg 1024w, https:\/\/marcali.plebania.hu\/wp-content\/uploads\/2025\/01\/01-1-300x200.jpg 300w, https:\/\/marcali.plebania.hu\/wp-content\/uploads\/2025\/01\/01-1-768x512.jpg 768w, https:\/\/marcali.plebania.hu\/wp-content\/uploads\/2025\/01\/01-1-1536x1024.jpg 1536w, https:\/\/marcali.plebania.hu\/wp-content\/uploads\/2025\/01\/01-1-2048x1365.jpg 2048w, https:\/\/marcali.plebania.hu\/wp-content\/uploads\/2025\/01\/01-1-405x270.jpg 405w\" sizes=\"auto, (max-width: 1024px) 100vw, 1024px\" \/><\/figure>\n\n\n\n<figure class=\"wp-block-image size-large\"><img loading=\"lazy\" decoding=\"async\" width=\"1024\" height=\"683\" data-id=\"6534\" src=\"https:\/\/marcali.plebania.hu\/wp-content\/uploads\/2025\/01\/03-1-1024x683.jpg\" alt=\"\" class=\"wp-image-6534\" srcset=\"https:\/\/marcali.plebania.hu\/wp-content\/uploads\/2025\/01\/03-1-1024x683.jpg 1024w, https:\/\/marcali.plebania.hu\/wp-content\/uploads\/2025\/01\/03-1-300x200.jpg 300w, https:\/\/marcali.plebania.hu\/wp-content\/uploads\/2025\/01\/03-1-768x512.jpg 768w, https:\/\/marcali.plebania.hu\/wp-content\/uploads\/2025\/01\/03-1-1536x1024.jpg 1536w, https:\/\/marcali.plebania.hu\/wp-content\/uploads\/2025\/01\/03-1-2048x1365.jpg 2048w, https:\/\/marcali.plebania.hu\/wp-content\/uploads\/2025\/01\/03-1-405x270.jpg 405w\" sizes=\"auto, (max-width: 1024px) 100vw, 1024px\" \/><\/figure>\n\n\n\n<figure class=\"wp-block-image size-large\"><img loading=\"lazy\" decoding=\"async\" width=\"1024\" height=\"683\" data-id=\"6533\" src=\"https:\/\/marcali.plebania.hu\/wp-content\/uploads\/2025\/01\/04-1-1024x683.jpg\" alt=\"\" class=\"wp-image-6533\" srcset=\"https:\/\/marcali.plebania.hu\/wp-content\/uploads\/2025\/01\/04-1-1024x683.jpg 1024w, https:\/\/marcali.plebania.hu\/wp-content\/uploads\/2025\/01\/04-1-300x200.jpg 300w, https:\/\/marcali.plebania.hu\/wp-content\/uploads\/2025\/01\/04-1-768x512.jpg 768w, https:\/\/marcali.plebania.hu\/wp-content\/uploads\/2025\/01\/04-1-1536x1024.jpg 1536w, https:\/\/marcali.plebania.hu\/wp-content\/uploads\/2025\/01\/04-1-2048x1365.jpg 2048w, https:\/\/marcali.plebania.hu\/wp-content\/uploads\/2025\/01\/04-1-405x270.jpg 405w\" sizes=\"auto, (max-width: 1024px) 100vw, 1024px\" \/><\/figure>\n\n\n\n<figure class=\"wp-block-image size-large\"><img loading=\"lazy\" decoding=\"async\" width=\"1024\" height=\"683\" data-id=\"6532\" src=\"https:\/\/marcali.plebania.hu\/wp-content\/uploads\/2025\/01\/05-1024x683.jpg\" alt=\"\" class=\"wp-image-6532\" srcset=\"https:\/\/marcali.plebania.hu\/wp-content\/uploads\/2025\/01\/05-1024x683.jpg 1024w, https:\/\/marcali.plebania.hu\/wp-content\/uploads\/2025\/01\/05-300x200.jpg 300w, https:\/\/marcali.plebania.hu\/wp-content\/uploads\/2025\/01\/05-768x512.jpg 768w, https:\/\/marcali.plebania.hu\/wp-content\/uploads\/2025\/01\/05-1536x1024.jpg 1536w, https:\/\/marcali.plebania.hu\/wp-content\/uploads\/2025\/01\/05-2048x1365.jpg 2048w, https:\/\/marcali.plebania.hu\/wp-content\/uploads\/2025\/01\/05-405x270.jpg 405w\" sizes=\"auto, (max-width: 1024px) 100vw, 1024px\" \/><\/figure>\n<\/figure>\n\n\n\n<p>A hagyom\u00e1nyos p\u00e1sztorj\u00e1t\u00e9kban a Szentcsal\u00e1d, angyalok, p\u00e1sztorok \u00e9s a napkeleti b\u00f6lcsek (a n\u00e9phagyom\u00e1nyban: h\u00e1rom kir\u00e1lyok) szerepeltek. A sz\u00e9pen siker\u00fclt m\u0171sort dr. Gyulain\u00e9 Domj\u00e1n Zsuzsanna \u00e9s Cservenyi-Jakabovits Eszter hitoktat\u00f3n\u0151k tan\u00edtott\u00e1k be a gyermekeknek, melyen k\u00f6zrem\u0171k\u00f6d\u00f6tt a Marcali F\u00e9ny Gyermekei Zenekar git\u00e1ros \u00e9nekekkel.<\/p>\n\n\n\n<figure class=\"wp-block-gallery has-nested-images columns-default is-cropped wp-block-gallery-2 is-layout-flex wp-block-gallery-is-layout-flex\">\n<figure class=\"wp-block-image size-large\"><img loading=\"lazy\" decoding=\"async\" width=\"1024\" height=\"683\" data-id=\"6540\" src=\"https:\/\/marcali.plebania.hu\/wp-content\/uploads\/2025\/01\/15-1-1024x683.jpg\" alt=\"\" class=\"wp-image-6540\" srcset=\"https:\/\/marcali.plebania.hu\/wp-content\/uploads\/2025\/01\/15-1-1024x683.jpg 1024w, https:\/\/marcali.plebania.hu\/wp-content\/uploads\/2025\/01\/15-1-300x200.jpg 300w, https:\/\/marcali.plebania.hu\/wp-content\/uploads\/2025\/01\/15-1-768x512.jpg 768w, https:\/\/marcali.plebania.hu\/wp-content\/uploads\/2025\/01\/15-1-1536x1024.jpg 1536w, https:\/\/marcali.plebania.hu\/wp-content\/uploads\/2025\/01\/15-1-2048x1365.jpg 2048w, https:\/\/marcali.plebania.hu\/wp-content\/uploads\/2025\/01\/15-1-405x270.jpg 405w\" sizes=\"auto, (max-width: 1024px) 100vw, 1024px\" \/><\/figure>\n\n\n\n<figure class=\"wp-block-image size-large\"><img loading=\"lazy\" decoding=\"async\" width=\"1024\" height=\"683\" data-id=\"6536\" src=\"https:\/\/marcali.plebania.hu\/wp-content\/uploads\/2025\/01\/18-1024x683.jpg\" alt=\"\" class=\"wp-image-6536\" srcset=\"https:\/\/marcali.plebania.hu\/wp-content\/uploads\/2025\/01\/18-1024x683.jpg 1024w, https:\/\/marcali.plebania.hu\/wp-content\/uploads\/2025\/01\/18-300x200.jpg 300w, https:\/\/marcali.plebania.hu\/wp-content\/uploads\/2025\/01\/18-768x512.jpg 768w, https:\/\/marcali.plebania.hu\/wp-content\/uploads\/2025\/01\/18-1536x1024.jpg 1536w, https:\/\/marcali.plebania.hu\/wp-content\/uploads\/2025\/01\/18-2048x1365.jpg 2048w, https:\/\/marcali.plebania.hu\/wp-content\/uploads\/2025\/01\/18-405x270.jpg 405w\" sizes=\"auto, (max-width: 1024px) 100vw, 1024px\" \/><\/figure>\n\n\n\n<figure class=\"wp-block-image size-large\"><img loading=\"lazy\" decoding=\"async\" width=\"1024\" height=\"683\" data-id=\"6538\" src=\"https:\/\/marcali.plebania.hu\/wp-content\/uploads\/2025\/01\/20-1024x683.jpg\" alt=\"\" class=\"wp-image-6538\" srcset=\"https:\/\/marcali.plebania.hu\/wp-content\/uploads\/2025\/01\/20-1024x683.jpg 1024w, https:\/\/marcali.plebania.hu\/wp-content\/uploads\/2025\/01\/20-300x200.jpg 300w, https:\/\/marcali.plebania.hu\/wp-content\/uploads\/2025\/01\/20-768x512.jpg 768w, https:\/\/marcali.plebania.hu\/wp-content\/uploads\/2025\/01\/20-1536x1024.jpg 1536w, https:\/\/marcali.plebania.hu\/wp-content\/uploads\/2025\/01\/20-2048x1365.jpg 2048w, https:\/\/marcali.plebania.hu\/wp-content\/uploads\/2025\/01\/20-405x270.jpg 405w\" sizes=\"auto, (max-width: 1024px) 100vw, 1024px\" \/><\/figure>\n\n\n\n<figure class=\"wp-block-image size-large\"><img loading=\"lazy\" decoding=\"async\" width=\"1024\" height=\"683\" data-id=\"6539\" src=\"https:\/\/marcali.plebania.hu\/wp-content\/uploads\/2025\/01\/21-1024x683.jpg\" alt=\"\" class=\"wp-image-6539\" srcset=\"https:\/\/marcali.plebania.hu\/wp-content\/uploads\/2025\/01\/21-1024x683.jpg 1024w, https:\/\/marcali.plebania.hu\/wp-content\/uploads\/2025\/01\/21-300x200.jpg 300w, https:\/\/marcali.plebania.hu\/wp-content\/uploads\/2025\/01\/21-768x512.jpg 768w, https:\/\/marcali.plebania.hu\/wp-content\/uploads\/2025\/01\/21-1536x1024.jpg 1536w, https:\/\/marcali.plebania.hu\/wp-content\/uploads\/2025\/01\/21-2048x1365.jpg 2048w, https:\/\/marcali.plebania.hu\/wp-content\/uploads\/2025\/01\/21-405x270.jpg 405w\" sizes=\"auto, (max-width: 1024px) 100vw, 1024px\" \/><\/figure>\n<\/figure>\n\n\n\n<p>Ezt\u00e1n kezd\u0151d\u00f6tt az \u00e9jf\u00e9li \u00fcnnepi szentmise, melyet Tomanek Ferenc \u00c1ron pl\u00e9b\u00e1nos celebr\u00e1lt, aki szentbesz\u00e9d\u00e9ben J\u00e9zus Krisztus sz\u00fclet\u00e9s\u00e9nek napj\u00e1n, a kar\u00e1csony \u00e9s a szeretet jelent\u0151s\u00e9g\u00e9t hangs\u00falyozta. Kiemelte, hogy a p\u00e1sztoroknak sem lehetett k\u00f6nny\u0171 elhinni az angyalok szav\u00e1t, mivel sok gyermek sz\u00fcletett akkoriban. \u00c1m \u0151k m\u00e9gis hitt\u00e9k, v\u00e9g\u00fcl \u00fatra keltek, \u00e9s meg is tal\u00e1lt\u00e1k a kisdedet. Nagy aj\u00e1nd\u00e9k az \u00f6r\u00f6mh\u00edr. Ha Istenre tekint\u00fcnk, akkor lesz igaz\u00e1n \u00f6r\u00f6m. J\u00e9zus az\u00e9rt j\u00f6tt k\u00f6z\u00e9nk, hogy megossza vel\u00fcnk Isten \u00e9let\u00e9t. A szentmis\u00e9ben is az \u00e1ldoz\u00e1s egy szem\u00e9lyes tal\u00e1lkoz\u00e1s az Istennel.<\/p>\n\n\n\n<figure class=\"wp-block-gallery has-nested-images columns-default is-cropped wp-block-gallery-3 is-layout-flex wp-block-gallery-is-layout-flex\">\n<figure class=\"wp-block-image size-large\"><img loading=\"lazy\" decoding=\"async\" width=\"1024\" height=\"683\" data-id=\"6541\" src=\"https:\/\/marcali.plebania.hu\/wp-content\/uploads\/2025\/01\/38-1024x683.jpg\" alt=\"\" class=\"wp-image-6541\" srcset=\"https:\/\/marcali.plebania.hu\/wp-content\/uploads\/2025\/01\/38-1024x683.jpg 1024w, https:\/\/marcali.plebania.hu\/wp-content\/uploads\/2025\/01\/38-300x200.jpg 300w, https:\/\/marcali.plebania.hu\/wp-content\/uploads\/2025\/01\/38-768x512.jpg 768w, https:\/\/marcali.plebania.hu\/wp-content\/uploads\/2025\/01\/38-1536x1024.jpg 1536w, https:\/\/marcali.plebania.hu\/wp-content\/uploads\/2025\/01\/38-2048x1365.jpg 2048w, https:\/\/marcali.plebania.hu\/wp-content\/uploads\/2025\/01\/38-405x270.jpg 405w\" sizes=\"auto, (max-width: 1024px) 100vw, 1024px\" \/><\/figure>\n\n\n\n<figure class=\"wp-block-image size-large\"><img loading=\"lazy\" decoding=\"async\" width=\"1024\" height=\"683\" data-id=\"6546\" src=\"https:\/\/marcali.plebania.hu\/wp-content\/uploads\/2025\/01\/44-1024x683.jpg\" alt=\"\" class=\"wp-image-6546\" srcset=\"https:\/\/marcali.plebania.hu\/wp-content\/uploads\/2025\/01\/44-1024x683.jpg 1024w, https:\/\/marcali.plebania.hu\/wp-content\/uploads\/2025\/01\/44-300x200.jpg 300w, https:\/\/marcali.plebania.hu\/wp-content\/uploads\/2025\/01\/44-768x512.jpg 768w, https:\/\/marcali.plebania.hu\/wp-content\/uploads\/2025\/01\/44-1536x1024.jpg 1536w, https:\/\/marcali.plebania.hu\/wp-content\/uploads\/2025\/01\/44-2048x1365.jpg 2048w, https:\/\/marcali.plebania.hu\/wp-content\/uploads\/2025\/01\/44-405x270.jpg 405w\" sizes=\"auto, (max-width: 1024px) 100vw, 1024px\" \/><\/figure>\n\n\n\n<figure class=\"wp-block-image size-large\"><img loading=\"lazy\" decoding=\"async\" width=\"1024\" height=\"683\" data-id=\"6542\" src=\"https:\/\/marcali.plebania.hu\/wp-content\/uploads\/2025\/01\/39-1024x683.jpg\" alt=\"\" class=\"wp-image-6542\" srcset=\"https:\/\/marcali.plebania.hu\/wp-content\/uploads\/2025\/01\/39-1024x683.jpg 1024w, https:\/\/marcali.plebania.hu\/wp-content\/uploads\/2025\/01\/39-300x200.jpg 300w, https:\/\/marcali.plebania.hu\/wp-content\/uploads\/2025\/01\/39-768x512.jpg 768w, https:\/\/marcali.plebania.hu\/wp-content\/uploads\/2025\/01\/39-1536x1024.jpg 1536w, https:\/\/marcali.plebania.hu\/wp-content\/uploads\/2025\/01\/39-2048x1365.jpg 2048w, https:\/\/marcali.plebania.hu\/wp-content\/uploads\/2025\/01\/39-405x270.jpg 405w\" sizes=\"auto, (max-width: 1024px) 100vw, 1024px\" \/><\/figure>\n\n\n\n<figure class=\"wp-block-image size-large\"><img loading=\"lazy\" decoding=\"async\" width=\"1024\" height=\"683\" data-id=\"6545\" src=\"https:\/\/marcali.plebania.hu\/wp-content\/uploads\/2025\/01\/45-1024x683.jpg\" alt=\"\" class=\"wp-image-6545\" srcset=\"https:\/\/marcali.plebania.hu\/wp-content\/uploads\/2025\/01\/45-1024x683.jpg 1024w, https:\/\/marcali.plebania.hu\/wp-content\/uploads\/2025\/01\/45-300x200.jpg 300w, https:\/\/marcali.plebania.hu\/wp-content\/uploads\/2025\/01\/45-768x512.jpg 768w, https:\/\/marcali.plebania.hu\/wp-content\/uploads\/2025\/01\/45-1536x1024.jpg 1536w, https:\/\/marcali.plebania.hu\/wp-content\/uploads\/2025\/01\/45-2048x1365.jpg 2048w, https:\/\/marcali.plebania.hu\/wp-content\/uploads\/2025\/01\/45-405x270.jpg 405w\" sizes=\"auto, (max-width: 1024px) 100vw, 1024px\" \/><\/figure>\n<\/figure>\n\n\n\n<p>Az istentiszteleten, orgon\u00e1n Balogh B\u00e1lint k\u00e1ntor, valamint a zenekar tagjai m\u0171k\u00f6dtek k\u00f6zre. A p\u00e1sztorj\u00e1t\u00e9k hangos\u00edt\u00e1s\u00e1t S\u00e1gv\u00e1ri R\u00f3bert biztos\u00edtotta.<\/p>\n\n\n\n<p>Minden kedves Olvas\u00f3nak \u00e1ldott kar\u00e1csonyi \u00fcnnepeket k\u00edv\u00e1n Tomanek Ferenc pl\u00e9b\u00e1nos atya \u00e9s a Marcali Pl\u00e9b\u00e1nia!<\/p>\n\n\n\n<p>\u00cdrta \u00e9s fot\u00f3k: Kiss K\u00e1lm\u00e1n<\/p>\n","protected":false},"excerpt":{"rendered":"<p>2024. december 24-\u00e9n, kedden, Szenteste 23.20 \u00f3rakor a hittanos tanul\u00f3k p\u00e1sztorj\u00e1t\u00e9k\u00e1val kezd\u0151d\u00f6tt a kar\u00e1csonyi \u00fcnneps\u00e9g a Gy\u00fcm\u00f6lcsolt\u00f3 Boldogasszony Pl\u00e9b\u00e1niatemplomban. A hagyom\u00e1nyos p\u00e1sztorj\u00e1t\u00e9kban a Szentcsal\u00e1d, angyalok, p\u00e1sztorok \u00e9s a napkeleti b\u00f6lcsek (a n\u00e9phagyom\u00e1nyban: h\u00e1rom kir\u00e1lyok) szerepeltek. A sz\u00e9pen siker\u00fclt m\u0171sort dr. Gyulain\u00e9 Domj\u00e1n Zsuzsanna \u00e9s Cservenyi-Jakabovits Eszter hitoktat\u00f3n\u0151k tan\u00edtott\u00e1k be a gyermekeknek, melyen k\u00f6zrem\u0171k\u00f6d\u00f6tt a Marcali F\u00e9ny Gyermekei Zenekar git\u00e1ros \u00e9nekekkel. Ezt\u00e1n kezd\u0151d\u00f6tt az \u00e9jf\u00e9li \u00fcnnepi szentmise, melyet Tomanek Ferenc \u00c1ron pl\u00e9b\u00e1nos celebr\u00e1lt, aki szentbesz\u00e9d\u00e9ben J\u00e9zus Krisztus sz\u00fclet\u00e9s\u00e9nek napj\u00e1n, a kar\u00e1csony&#8230;<\/p>\n<p class=\"read-more\"><a class=\"btn btn-default\" href=\"https:\/\/marcali.plebania.hu\/?p=6530\"> Read More<span class=\"screen-reader-text\">  Read More<\/span><\/a><\/p>\n","protected":false},"author":2,"featured_media":0,"comment_status":"closed","ping_status":"open","sticky":false,"template":"","format":"standard","meta":{"footnotes":""},"categories":[1],"tags":[],"class_list":["post-6530","post","type-post","status-publish","format-standard","hentry","category-egyeb"],"_links":{"self":[{"href":"https:\/\/marcali.plebania.hu\/index.php?rest_route=\/wp\/v2\/posts\/6530","targetHints":{"allow":["GET"]}}],"collection":[{"href":"https:\/\/marcali.plebania.hu\/index.php?rest_route=\/wp\/v2\/posts"}],"about":[{"href":"https:\/\/marcali.plebania.hu\/index.php?rest_route=\/wp\/v2\/types\/post"}],"author":[{"embeddable":true,"href":"https:\/\/marcali.plebania.hu\/index.php?rest_route=\/wp\/v2\/users\/2"}],"replies":[{"embeddable":true,"href":"https:\/\/marcali.plebania.hu\/index.php?rest_route=%2Fwp%2Fv2%2Fcomments&post=6530"}],"version-history":[{"count":1,"href":"https:\/\/marcali.plebania.hu\/index.php?rest_route=\/wp\/v2\/posts\/6530\/revisions"}],"predecessor-version":[{"id":6547,"href":"https:\/\/marcali.plebania.hu\/index.php?rest_route=\/wp\/v2\/posts\/6530\/revisions\/6547"}],"wp:attachment":[{"href":"https:\/\/marcali.plebania.hu\/index.php?rest_route=%2Fwp%2Fv2%2Fmedia&parent=6530"}],"wp:term":[{"taxonomy":"category","embeddable":true,"href":"https:\/\/marcali.plebania.hu\/index.php?rest_route=%2Fwp%2Fv2%2Fcategories&post=6530"},{"taxonomy":"post_tag","embeddable":true,"href":"https:\/\/marcali.plebania.hu\/index.php?rest_route=%2Fwp%2Fv2%2Ftags&post=6530"}],"curies":[{"name":"wp","href":"https:\/\/api.w.org\/{rel}","templated":true}]}}