{"id":6548,"date":"2024-12-26T18:14:36","date_gmt":"2024-12-26T18:14:36","guid":{"rendered":"https:\/\/marcali.plebania.hu\/?p=6548"},"modified":"2025-01-08T14:17:10","modified_gmt":"2025-01-08T14:17:10","slug":"bor-es-forraltbor-megaldas-karacsony-masnapjan","status":"publish","type":"post","link":"https:\/\/marcali.plebania.hu\/?p=6548","title":{"rendered":"Bor- \u00e9s forraltbor-meg\u00e1ld\u00e1s Kar\u00e1csony m\u00e1snapj\u00e1n"},"content":{"rendered":"\n<p>2024. december 26-\u00e1n, kar\u00e1csony m\u00e1snapj\u00e1n, cs\u00fct\u00f6rt\u00f6k\u00f6n a 9 \u00f3r\u00e1s szentmis\u00e9n Tomanek Ferenc \u00c1ron pl\u00e9b\u00e1nos meg\u00e1ldotta az \u00faj borokat a Marcali Gy\u00fcm\u00f6lcsolt\u00f3 Boldogasszony pl\u00e9b\u00e1niatemplomban.<\/p>\n\n\n\n<figure class=\"wp-block-gallery has-nested-images columns-default is-cropped wp-block-gallery-1 is-layout-flex wp-block-gallery-is-layout-flex\">\n<figure class=\"wp-block-image size-large\"><img loading=\"lazy\" decoding=\"async\" width=\"1024\" height=\"683\" data-id=\"6549\" src=\"https:\/\/marcali.plebania.hu\/wp-content\/uploads\/2025\/01\/03-2-1024x683.jpg\" alt=\"\" class=\"wp-image-6549\" srcset=\"https:\/\/marcali.plebania.hu\/wp-content\/uploads\/2025\/01\/03-2-1024x683.jpg 1024w, https:\/\/marcali.plebania.hu\/wp-content\/uploads\/2025\/01\/03-2-300x200.jpg 300w, https:\/\/marcali.plebania.hu\/wp-content\/uploads\/2025\/01\/03-2-768x512.jpg 768w, https:\/\/marcali.plebania.hu\/wp-content\/uploads\/2025\/01\/03-2-1536x1024.jpg 1536w, https:\/\/marcali.plebania.hu\/wp-content\/uploads\/2025\/01\/03-2-2048x1365.jpg 2048w, https:\/\/marcali.plebania.hu\/wp-content\/uploads\/2025\/01\/03-2-405x270.jpg 405w\" sizes=\"auto, (max-width: 1024px) 100vw, 1024px\" \/><\/figure>\n\n\n\n<figure class=\"wp-block-image size-large\"><img loading=\"lazy\" decoding=\"async\" width=\"1024\" height=\"683\" data-id=\"6550\" src=\"https:\/\/marcali.plebania.hu\/wp-content\/uploads\/2025\/01\/05-1-1024x683.jpg\" alt=\"\" class=\"wp-image-6550\" srcset=\"https:\/\/marcali.plebania.hu\/wp-content\/uploads\/2025\/01\/05-1-1024x683.jpg 1024w, https:\/\/marcali.plebania.hu\/wp-content\/uploads\/2025\/01\/05-1-300x200.jpg 300w, https:\/\/marcali.plebania.hu\/wp-content\/uploads\/2025\/01\/05-1-768x512.jpg 768w, https:\/\/marcali.plebania.hu\/wp-content\/uploads\/2025\/01\/05-1-1536x1024.jpg 1536w, https:\/\/marcali.plebania.hu\/wp-content\/uploads\/2025\/01\/05-1-2048x1365.jpg 2048w, https:\/\/marcali.plebania.hu\/wp-content\/uploads\/2025\/01\/05-1-405x270.jpg 405w\" sizes=\"auto, (max-width: 1024px) 100vw, 1024px\" \/><\/figure>\n\n\n\n<figure class=\"wp-block-image size-large\"><img loading=\"lazy\" decoding=\"async\" width=\"1024\" height=\"683\" data-id=\"6554\" src=\"https:\/\/marcali.plebania.hu\/wp-content\/uploads\/2025\/01\/02-2-1024x683.jpg\" alt=\"\" class=\"wp-image-6554\" srcset=\"https:\/\/marcali.plebania.hu\/wp-content\/uploads\/2025\/01\/02-2-1024x683.jpg 1024w, https:\/\/marcali.plebania.hu\/wp-content\/uploads\/2025\/01\/02-2-300x200.jpg 300w, https:\/\/marcali.plebania.hu\/wp-content\/uploads\/2025\/01\/02-2-768x512.jpg 768w, https:\/\/marcali.plebania.hu\/wp-content\/uploads\/2025\/01\/02-2-1536x1024.jpg 1536w, https:\/\/marcali.plebania.hu\/wp-content\/uploads\/2025\/01\/02-2-2048x1365.jpg 2048w, https:\/\/marcali.plebania.hu\/wp-content\/uploads\/2025\/01\/02-2-405x270.jpg 405w\" sizes=\"auto, (max-width: 1024px) 100vw, 1024px\" \/><\/figure>\n\n\n\n<figure class=\"wp-block-image size-large\"><img loading=\"lazy\" decoding=\"async\" width=\"1024\" height=\"683\" data-id=\"6551\" src=\"https:\/\/marcali.plebania.hu\/wp-content\/uploads\/2025\/01\/04-2-1024x683.jpg\" alt=\"\" class=\"wp-image-6551\" srcset=\"https:\/\/marcali.plebania.hu\/wp-content\/uploads\/2025\/01\/04-2-1024x683.jpg 1024w, https:\/\/marcali.plebania.hu\/wp-content\/uploads\/2025\/01\/04-2-300x200.jpg 300w, https:\/\/marcali.plebania.hu\/wp-content\/uploads\/2025\/01\/04-2-768x512.jpg 768w, https:\/\/marcali.plebania.hu\/wp-content\/uploads\/2025\/01\/04-2-1536x1024.jpg 1536w, https:\/\/marcali.plebania.hu\/wp-content\/uploads\/2025\/01\/04-2-2048x1365.jpg 2048w, https:\/\/marcali.plebania.hu\/wp-content\/uploads\/2025\/01\/04-2-405x270.jpg 405w\" sizes=\"auto, (max-width: 1024px) 100vw, 1024px\" \/><\/figure>\n<\/figure>\n\n\n\n<p>Erre az alkalomra a bortermel\u0151k \u00e9s sz\u0151l\u0151sgazd\u00e1k minden \u00e9vben egy-egy palack bort hoznak magukkal az \u00faj term\u00e9sb\u0151l, hogy egyh\u00e1zi \u00e1ld\u00e1st is k\u00e9rjenek eg\u00e9sz \u00e9ves munk\u00e1juk lez\u00e1r\u00e1sak\u00e9nt.<\/p>\n\n\n\n<figure class=\"wp-block-gallery has-nested-images columns-default is-cropped wp-block-gallery-2 is-layout-flex wp-block-gallery-is-layout-flex\">\n<figure class=\"wp-block-image size-large\"><img loading=\"lazy\" decoding=\"async\" width=\"1024\" height=\"683\" data-id=\"6552\" src=\"https:\/\/marcali.plebania.hu\/wp-content\/uploads\/2025\/01\/06-1024x683.jpg\" alt=\"\" class=\"wp-image-6552\" srcset=\"https:\/\/marcali.plebania.hu\/wp-content\/uploads\/2025\/01\/06-1024x683.jpg 1024w, https:\/\/marcali.plebania.hu\/wp-content\/uploads\/2025\/01\/06-300x200.jpg 300w, https:\/\/marcali.plebania.hu\/wp-content\/uploads\/2025\/01\/06-768x512.jpg 768w, https:\/\/marcali.plebania.hu\/wp-content\/uploads\/2025\/01\/06-1536x1024.jpg 1536w, https:\/\/marcali.plebania.hu\/wp-content\/uploads\/2025\/01\/06-2048x1365.jpg 2048w, https:\/\/marcali.plebania.hu\/wp-content\/uploads\/2025\/01\/06-405x270.jpg 405w\" sizes=\"auto, (max-width: 1024px) 100vw, 1024px\" \/><\/figure>\n\n\n\n<figure class=\"wp-block-image size-large\"><img loading=\"lazy\" decoding=\"async\" width=\"1024\" height=\"683\" data-id=\"6559\" src=\"https:\/\/marcali.plebania.hu\/wp-content\/uploads\/2025\/01\/12-1024x683.jpg\" alt=\"\" class=\"wp-image-6559\" srcset=\"https:\/\/marcali.plebania.hu\/wp-content\/uploads\/2025\/01\/12-1024x683.jpg 1024w, https:\/\/marcali.plebania.hu\/wp-content\/uploads\/2025\/01\/12-300x200.jpg 300w, https:\/\/marcali.plebania.hu\/wp-content\/uploads\/2025\/01\/12-768x512.jpg 768w, https:\/\/marcali.plebania.hu\/wp-content\/uploads\/2025\/01\/12-1536x1024.jpg 1536w, https:\/\/marcali.plebania.hu\/wp-content\/uploads\/2025\/01\/12-2048x1365.jpg 2048w, https:\/\/marcali.plebania.hu\/wp-content\/uploads\/2025\/01\/12-405x270.jpg 405w\" sizes=\"auto, (max-width: 1024px) 100vw, 1024px\" \/><\/figure>\n\n\n\n<figure class=\"wp-block-image size-large\"><img loading=\"lazy\" decoding=\"async\" width=\"1024\" height=\"683\" data-id=\"6558\" src=\"https:\/\/marcali.plebania.hu\/wp-content\/uploads\/2025\/01\/15-2-1024x683.jpg\" alt=\"\" class=\"wp-image-6558\" srcset=\"https:\/\/marcali.plebania.hu\/wp-content\/uploads\/2025\/01\/15-2-1024x683.jpg 1024w, https:\/\/marcali.plebania.hu\/wp-content\/uploads\/2025\/01\/15-2-300x200.jpg 300w, https:\/\/marcali.plebania.hu\/wp-content\/uploads\/2025\/01\/15-2-768x512.jpg 768w, https:\/\/marcali.plebania.hu\/wp-content\/uploads\/2025\/01\/15-2-1536x1024.jpg 1536w, https:\/\/marcali.plebania.hu\/wp-content\/uploads\/2025\/01\/15-2-2048x1365.jpg 2048w, https:\/\/marcali.plebania.hu\/wp-content\/uploads\/2025\/01\/15-2-405x270.jpg 405w\" sizes=\"auto, (max-width: 1024px) 100vw, 1024px\" \/><\/figure>\n\n\n\n<figure class=\"wp-block-image size-large\"><img loading=\"lazy\" decoding=\"async\" width=\"1024\" height=\"683\" data-id=\"6560\" src=\"https:\/\/marcali.plebania.hu\/wp-content\/uploads\/2025\/01\/18-1-1024x683.jpg\" alt=\"\" class=\"wp-image-6560\" srcset=\"https:\/\/marcali.plebania.hu\/wp-content\/uploads\/2025\/01\/18-1-1024x683.jpg 1024w, https:\/\/marcali.plebania.hu\/wp-content\/uploads\/2025\/01\/18-1-300x200.jpg 300w, https:\/\/marcali.plebania.hu\/wp-content\/uploads\/2025\/01\/18-1-768x512.jpg 768w, https:\/\/marcali.plebania.hu\/wp-content\/uploads\/2025\/01\/18-1-1536x1024.jpg 1536w, https:\/\/marcali.plebania.hu\/wp-content\/uploads\/2025\/01\/18-1-2048x1365.jpg 2048w, https:\/\/marcali.plebania.hu\/wp-content\/uploads\/2025\/01\/18-1-405x270.jpg 405w\" sizes=\"auto, (max-width: 1024px) 100vw, 1024px\" \/><\/figure>\n<\/figure>\n\n\n\n<p>A szentmise ut\u00e1n, hagyom\u00e1nyosan, Ferenc atya a forralt bort is meg\u00e1ldotta, melyet Gelencs\u00e9r R\u00f3bert vil\u00e1gi eln\u00f6k \u00e9s csal\u00e1dja k\u00e9sz\u00edtett \u00e9s k\u00edn\u00e1lta a jelenl\u00e9v\u0151knek a templom el\u0151tti Boldog II. J\u00e1nos P\u00e1l p\u00e1pa t\u00e9ren, term\u00e9szetesen azoknak, akik m\u00e1r nagykor\u00faak \u00e9s gyalog j\u00f6ttek.<\/p>\n\n\n\n<p>Az istentiszteleten Balogh B\u00e1lint k\u00e1ntor \u00e9s a Marcali F\u00e9ny Gyermekei Katolikus Zenekar m\u0171k\u00f6d\u00f6tt k\u00f6zre.<\/p>\n\n\n\n<p>\u00cdrta \u00e9s fot\u00f3k: Kiss K\u00e1lm\u00e1n<\/p>\n","protected":false},"excerpt":{"rendered":"<p>2024. december 26-\u00e1n, kar\u00e1csony m\u00e1snapj\u00e1n, cs\u00fct\u00f6rt\u00f6k\u00f6n a 9 \u00f3r\u00e1s szentmis\u00e9n Tomanek Ferenc \u00c1ron pl\u00e9b\u00e1nos meg\u00e1ldotta az \u00faj borokat a Marcali Gy\u00fcm\u00f6lcsolt\u00f3 Boldogasszony pl\u00e9b\u00e1niatemplomban. Erre az alkalomra a bortermel\u0151k \u00e9s sz\u0151l\u0151sgazd\u00e1k minden \u00e9vben egy-egy palack bort hoznak magukkal az \u00faj term\u00e9sb\u0151l, hogy egyh\u00e1zi \u00e1ld\u00e1st is k\u00e9rjenek eg\u00e9sz \u00e9ves munk\u00e1juk lez\u00e1r\u00e1sak\u00e9nt. A szentmise ut\u00e1n, hagyom\u00e1nyosan, Ferenc atya a forralt bort is meg\u00e1ldotta, melyet Gelencs\u00e9r R\u00f3bert vil\u00e1gi eln\u00f6k \u00e9s csal\u00e1dja k\u00e9sz\u00edtett \u00e9s k\u00edn\u00e1lta a jelenl\u00e9v\u0151knek a templom el\u0151tti Boldog II. J\u00e1nos P\u00e1l p\u00e1pa&#8230;<\/p>\n<p class=\"read-more\"><a class=\"btn btn-default\" href=\"https:\/\/marcali.plebania.hu\/?p=6548\"> Read More<span class=\"screen-reader-text\">  Read More<\/span><\/a><\/p>\n","protected":false},"author":2,"featured_media":0,"comment_status":"closed","ping_status":"open","sticky":false,"template":"","format":"standard","meta":{"footnotes":""},"categories":[1],"tags":[],"class_list":["post-6548","post","type-post","status-publish","format-standard","hentry","category-egyeb"],"_links":{"self":[{"href":"https:\/\/marcali.plebania.hu\/index.php?rest_route=\/wp\/v2\/posts\/6548","targetHints":{"allow":["GET"]}}],"collection":[{"href":"https:\/\/marcali.plebania.hu\/index.php?rest_route=\/wp\/v2\/posts"}],"about":[{"href":"https:\/\/marcali.plebania.hu\/index.php?rest_route=\/wp\/v2\/types\/post"}],"author":[{"embeddable":true,"href":"https:\/\/marcali.plebania.hu\/index.php?rest_route=\/wp\/v2\/users\/2"}],"replies":[{"embeddable":true,"href":"https:\/\/marcali.plebania.hu\/index.php?rest_route=%2Fwp%2Fv2%2Fcomments&post=6548"}],"version-history":[{"count":1,"href":"https:\/\/marcali.plebania.hu\/index.php?rest_route=\/wp\/v2\/posts\/6548\/revisions"}],"predecessor-version":[{"id":6561,"href":"https:\/\/marcali.plebania.hu\/index.php?rest_route=\/wp\/v2\/posts\/6548\/revisions\/6561"}],"wp:attachment":[{"href":"https:\/\/marcali.plebania.hu\/index.php?rest_route=%2Fwp%2Fv2%2Fmedia&parent=6548"}],"wp:term":[{"taxonomy":"category","embeddable":true,"href":"https:\/\/marcali.plebania.hu\/index.php?rest_route=%2Fwp%2Fv2%2Fcategories&post=6548"},{"taxonomy":"post_tag","embeddable":true,"href":"https:\/\/marcali.plebania.hu\/index.php?rest_route=%2Fwp%2Fv2%2Ftags&post=6548"}],"curies":[{"name":"wp","href":"https:\/\/api.w.org\/{rel}","templated":true}]}}