{"id":6562,"date":"2025-01-04T08:06:48","date_gmt":"2025-01-04T08:06:48","guid":{"rendered":"https:\/\/marcali.plebania.hu\/?p=6562"},"modified":"2025-01-10T08:07:27","modified_gmt":"2025-01-10T08:07:27","slug":"videoklip-elemzes-kereszteny-szemmel-eloadas-az-x-hazban","status":"publish","type":"post","link":"https:\/\/marcali.plebania.hu\/?p=6562","title":{"rendered":"Vide\u00f3klip-elemz\u00e9s kereszt\u00e9ny szemmel \u2013 el\u0151ad\u00e1s az X-h\u00e1zban"},"content":{"rendered":"\n<p>2025. janu\u00e1r 2-\u00e1n, cs\u00fct\u00f6rt\u00f6k\u00f6n 18.15 \u00f3r\u00e1t\u00f3l Pozsonyi P\u00e1l, n\u00e9met \u00e9s t\u00f6rt\u00e9nelemszakos gimn\u00e1ziumi tan\u00e1r \u201cVide\u00f3klip-elemz\u00e9s kereszt\u00e9ny szemmel. Hogyan vezetnek meg minket l\u00e1thatatlanul\u2026\u201d c\u00edmmel tartott vet\u00edtett-k\u00e9pes el\u0151ad\u00e1st az X-h\u00e1z nagyterm\u00e9ben.<\/p>\n\n\n\n<p>A megjelenteket el\u0151sz\u00f6r Kiss K\u00e1lm\u00e1n, a Kereszt\u00e9ny \u00c9rtelmis\u00e9giek Sz\u00f6vets\u00e9ge (K\u00c9SZ) Marcali Csoportj\u00e1nak eln\u00f6ke k\u00f6sz\u00f6nt\u00f6tte, majd \u00e1tadta a sz\u00f3t a marcali sz\u00e1rmaz\u00e1s\u00fa pedag\u00f3gusnak.<\/p>\n\n\n\n<figure class=\"wp-block-gallery has-nested-images columns-default is-cropped wp-block-gallery-1 is-layout-flex wp-block-gallery-is-layout-flex\">\n<figure class=\"wp-block-image size-large\"><img loading=\"lazy\" decoding=\"async\" width=\"1024\" height=\"683\" data-id=\"6563\" src=\"https:\/\/marcali.plebania.hu\/wp-content\/uploads\/2025\/01\/01-3-1024x683.jpg\" alt=\"\" class=\"wp-image-6563\" srcset=\"https:\/\/marcali.plebania.hu\/wp-content\/uploads\/2025\/01\/01-3-1024x683.jpg 1024w, https:\/\/marcali.plebania.hu\/wp-content\/uploads\/2025\/01\/01-3-300x200.jpg 300w, https:\/\/marcali.plebania.hu\/wp-content\/uploads\/2025\/01\/01-3-768x512.jpg 768w, https:\/\/marcali.plebania.hu\/wp-content\/uploads\/2025\/01\/01-3-1536x1024.jpg 1536w, https:\/\/marcali.plebania.hu\/wp-content\/uploads\/2025\/01\/01-3-2048x1365.jpg 2048w, https:\/\/marcali.plebania.hu\/wp-content\/uploads\/2025\/01\/01-3-405x270.jpg 405w\" sizes=\"auto, (max-width: 1024px) 100vw, 1024px\" \/><\/figure>\n\n\n\n<figure class=\"wp-block-image size-large\"><img loading=\"lazy\" decoding=\"async\" width=\"1024\" height=\"683\" data-id=\"6565\" src=\"https:\/\/marcali.plebania.hu\/wp-content\/uploads\/2025\/01\/03-3-1024x683.jpg\" alt=\"\" class=\"wp-image-6565\" srcset=\"https:\/\/marcali.plebania.hu\/wp-content\/uploads\/2025\/01\/03-3-1024x683.jpg 1024w, https:\/\/marcali.plebania.hu\/wp-content\/uploads\/2025\/01\/03-3-300x200.jpg 300w, https:\/\/marcali.plebania.hu\/wp-content\/uploads\/2025\/01\/03-3-768x512.jpg 768w, https:\/\/marcali.plebania.hu\/wp-content\/uploads\/2025\/01\/03-3-1536x1024.jpg 1536w, https:\/\/marcali.plebania.hu\/wp-content\/uploads\/2025\/01\/03-3-2048x1365.jpg 2048w, https:\/\/marcali.plebania.hu\/wp-content\/uploads\/2025\/01\/03-3-405x270.jpg 405w\" sizes=\"auto, (max-width: 1024px) 100vw, 1024px\" \/><\/figure>\n\n\n\n<figure class=\"wp-block-image size-large\"><img loading=\"lazy\" decoding=\"async\" width=\"1024\" height=\"683\" data-id=\"6566\" src=\"https:\/\/marcali.plebania.hu\/wp-content\/uploads\/2025\/01\/02-3-1024x683.jpg\" alt=\"\" class=\"wp-image-6566\" srcset=\"https:\/\/marcali.plebania.hu\/wp-content\/uploads\/2025\/01\/02-3-1024x683.jpg 1024w, https:\/\/marcali.plebania.hu\/wp-content\/uploads\/2025\/01\/02-3-300x200.jpg 300w, https:\/\/marcali.plebania.hu\/wp-content\/uploads\/2025\/01\/02-3-768x512.jpg 768w, https:\/\/marcali.plebania.hu\/wp-content\/uploads\/2025\/01\/02-3-1536x1024.jpg 1536w, https:\/\/marcali.plebania.hu\/wp-content\/uploads\/2025\/01\/02-3-2048x1365.jpg 2048w, https:\/\/marcali.plebania.hu\/wp-content\/uploads\/2025\/01\/02-3-405x270.jpg 405w\" sizes=\"auto, (max-width: 1024px) 100vw, 1024px\" \/><\/figure>\n\n\n\n<figure class=\"wp-block-image size-large\"><img loading=\"lazy\" decoding=\"async\" width=\"1024\" height=\"683\" data-id=\"6564\" src=\"https:\/\/marcali.plebania.hu\/wp-content\/uploads\/2025\/01\/04-3-1024x683.jpg\" alt=\"\" class=\"wp-image-6564\" srcset=\"https:\/\/marcali.plebania.hu\/wp-content\/uploads\/2025\/01\/04-3-1024x683.jpg 1024w, https:\/\/marcali.plebania.hu\/wp-content\/uploads\/2025\/01\/04-3-300x200.jpg 300w, https:\/\/marcali.plebania.hu\/wp-content\/uploads\/2025\/01\/04-3-768x512.jpg 768w, https:\/\/marcali.plebania.hu\/wp-content\/uploads\/2025\/01\/04-3-1536x1024.jpg 1536w, https:\/\/marcali.plebania.hu\/wp-content\/uploads\/2025\/01\/04-3-2048x1365.jpg 2048w, https:\/\/marcali.plebania.hu\/wp-content\/uploads\/2025\/01\/04-3-405x270.jpg 405w\" sizes=\"auto, (max-width: 1024px) 100vw, 1024px\" \/><\/figure>\n<\/figure>\n\n\n\n<p>Pozsonyi P\u00e1l kor\u00e1bban m\u00e1r volt vend\u00e9ge az egyes\u00fcletnek, azonban a mostani alkalommal m\u00e1s, els\u0151sorban a fiataloknak sz\u00f3l\u00f3 t\u00e9m\u00e1val k\u00e9sz\u00fclt. Term\u00e9szetesen az id\u0151sebb koroszt\u00e1lyok k\u00e9pvisel\u0151i is meg voltak h\u00edvva a bemutat\u00f3ra, melyen a zenei m\u00e9di\u00e1kban megjelen\u0151 k\u00e1ros tartalmakra k\u00edv\u00e1nta r\u00e1ir\u00e1ny\u00edtani a figyelmet. Az el\u0151ad\u00f3 k\u00fcl\u00f6nf\u00e9le k\u00e9pi, tartalmi p\u00e9ld\u00e1kkal elemezte, magyar\u00e1zta el \u00e9s mutatta be a k\u00f6zelm\u00faltban, illetve a mostani vide\u00f3klipekben megjelen\u0151 kereszt\u00e9ny ellenes, valamint az \u00fajfajta ideol\u00f3gi\u00e1k burkolt, vagy c\u00e9lzott terjed\u00e9s\u00e9t, hat\u00e1s\u00e1t a fiatal koroszt\u00e1lyokra. Ezen k\u00edv\u00fcl ny\u00edltan besz\u00e9lt m\u00e9g a nyugati \u00e9s amerikai szt\u00e1rok, \u00e9s k\u00f6zismert c\u00e9gek botr\u00e1nyair\u00f3l, melyekkel a m\u00e9dia is r\u00e9szletesen foglalkozott, foglalkozik, \u00e9s id\u00e9zett is t\u00f6bb h\u00edrforr\u00e1st.<\/p>\n\n\n\n<p>Meg\u00e1llap\u00edtotta, hogy a vil\u00e1g nem j\u00f3 ir\u00e1nyba halad, mert az emberekkel, f\u0151leg a fiatalokkal \u2013 akiket a legjobban lehet befoly\u00e1solni \u2013 pr\u00f3b\u00e1lj\u00e1k meg elfogadtatni, legaliz\u00e1lni azokat a k\u00e1ros \u201e\u00e1ramlatokat\u201d, melyeket kor\u00e1bban a k\u00f6zv\u00e9lem\u00e9ny j\u00f3 r\u00e9sze elutas\u00edtott, vagy nem toler\u00e1lt, ma meg m\u00e1r term\u00e9szetesnek gondolnak sokan.<\/p>\n\n\n\n<figure class=\"wp-block-gallery has-nested-images columns-default is-cropped wp-block-gallery-2 is-layout-flex wp-block-gallery-is-layout-flex\">\n<figure class=\"wp-block-image size-large\"><img loading=\"lazy\" decoding=\"async\" width=\"1024\" height=\"683\" data-id=\"6570\" src=\"https:\/\/marcali.plebania.hu\/wp-content\/uploads\/2025\/01\/09-1024x683.jpg\" alt=\"\" class=\"wp-image-6570\" srcset=\"https:\/\/marcali.plebania.hu\/wp-content\/uploads\/2025\/01\/09-1024x683.jpg 1024w, https:\/\/marcali.plebania.hu\/wp-content\/uploads\/2025\/01\/09-300x200.jpg 300w, https:\/\/marcali.plebania.hu\/wp-content\/uploads\/2025\/01\/09-768x512.jpg 768w, https:\/\/marcali.plebania.hu\/wp-content\/uploads\/2025\/01\/09-1536x1024.jpg 1536w, https:\/\/marcali.plebania.hu\/wp-content\/uploads\/2025\/01\/09-2048x1365.jpg 2048w, https:\/\/marcali.plebania.hu\/wp-content\/uploads\/2025\/01\/09-405x270.jpg 405w\" sizes=\"auto, (max-width: 1024px) 100vw, 1024px\" \/><\/figure>\n\n\n\n<figure class=\"wp-block-image size-large\"><img loading=\"lazy\" decoding=\"async\" width=\"1024\" height=\"683\" data-id=\"6572\" src=\"https:\/\/marcali.plebania.hu\/wp-content\/uploads\/2025\/01\/19-1-1024x683.jpg\" alt=\"\" class=\"wp-image-6572\" srcset=\"https:\/\/marcali.plebania.hu\/wp-content\/uploads\/2025\/01\/19-1-1024x683.jpg 1024w, https:\/\/marcali.plebania.hu\/wp-content\/uploads\/2025\/01\/19-1-300x200.jpg 300w, https:\/\/marcali.plebania.hu\/wp-content\/uploads\/2025\/01\/19-1-768x512.jpg 768w, https:\/\/marcali.plebania.hu\/wp-content\/uploads\/2025\/01\/19-1-1536x1024.jpg 1536w, https:\/\/marcali.plebania.hu\/wp-content\/uploads\/2025\/01\/19-1-2048x1365.jpg 2048w, https:\/\/marcali.plebania.hu\/wp-content\/uploads\/2025\/01\/19-1-405x270.jpg 405w\" sizes=\"auto, (max-width: 1024px) 100vw, 1024px\" \/><\/figure>\n\n\n\n<figure class=\"wp-block-image size-large\"><img loading=\"lazy\" decoding=\"async\" width=\"1024\" height=\"683\" data-id=\"6571\" src=\"https:\/\/marcali.plebania.hu\/wp-content\/uploads\/2025\/01\/13-1-1024x683.jpg\" alt=\"\" class=\"wp-image-6571\" srcset=\"https:\/\/marcali.plebania.hu\/wp-content\/uploads\/2025\/01\/13-1-1024x683.jpg 1024w, https:\/\/marcali.plebania.hu\/wp-content\/uploads\/2025\/01\/13-1-300x200.jpg 300w, https:\/\/marcali.plebania.hu\/wp-content\/uploads\/2025\/01\/13-1-768x512.jpg 768w, https:\/\/marcali.plebania.hu\/wp-content\/uploads\/2025\/01\/13-1-1536x1024.jpg 1536w, https:\/\/marcali.plebania.hu\/wp-content\/uploads\/2025\/01\/13-1-2048x1365.jpg 2048w, https:\/\/marcali.plebania.hu\/wp-content\/uploads\/2025\/01\/13-1-405x270.jpg 405w\" sizes=\"auto, (max-width: 1024px) 100vw, 1024px\" \/><\/figure>\n\n\n\n<figure class=\"wp-block-image size-large\"><img loading=\"lazy\" decoding=\"async\" width=\"1024\" height=\"683\" data-id=\"6568\" src=\"https:\/\/marcali.plebania.hu\/wp-content\/uploads\/2025\/01\/07-1024x683.jpg\" alt=\"\" class=\"wp-image-6568\" srcset=\"https:\/\/marcali.plebania.hu\/wp-content\/uploads\/2025\/01\/07-1024x683.jpg 1024w, https:\/\/marcali.plebania.hu\/wp-content\/uploads\/2025\/01\/07-300x200.jpg 300w, https:\/\/marcali.plebania.hu\/wp-content\/uploads\/2025\/01\/07-768x512.jpg 768w, https:\/\/marcali.plebania.hu\/wp-content\/uploads\/2025\/01\/07-1536x1024.jpg 1536w, https:\/\/marcali.plebania.hu\/wp-content\/uploads\/2025\/01\/07-2048x1365.jpg 2048w, https:\/\/marcali.plebania.hu\/wp-content\/uploads\/2025\/01\/07-405x270.jpg 405w\" sizes=\"auto, (max-width: 1024px) 100vw, 1024px\" \/><\/figure>\n<\/figure>\n\n\n\n<p>A m\u0171sor v\u00e9g\u00e9n t\u00f6bb k\u00e9rd\u00e9s, hozz\u00e1sz\u00f3l\u00e1s is elhangzott, majd az eln\u00f6k, egy kis aj\u00e1nd\u00e9k k\u00eds\u00e9ret\u00e9ben megk\u00f6sz\u00f6nte Pozsonyi P\u00e1l bemutat\u00f3j\u00e1t \u00e9s felh\u00edvta a figyelmet a k\u00f6vetkez\u0151 programra, mely janu\u00e1r 12-\u00e9n lesz a doni h\u0151s\u00f6k \u00e9s \u00e1ldozatok eml\u00e9k\u00e9re.<\/p>\n\n\n\n<p>Az el\u0151ad\u00e1st \u2013 t\u00f6bbek k\u00f6z\u00f6tt \u2013 Hossz\u00fa Andr\u00e1s, K\u0151halmi Katalin \u00e9s dr. Pozsonyi M\u00e1rk \u00f6nkorm\u00e1nyzati k\u00e9pvisel\u0151k, valamint Szaka Zsolt, a Marcali \u00e9s K\u00f6rny\u00e9ke Hagyom\u00e1ny\u0151rz\u0151 Ipartest\u00fclet eln\u00f6ke is megtisztelte jelenl\u00e9t\u00e9vel.<\/p>\n\n\n\n<p><\/p>\n\n\n\n<p>\u00cdrta: K\u00c9SZ Marcali Csoport\/Kiss K\u00e1lm\u00e1n<\/p>\n\n\n\n<p>Fot\u00f3k: Pozsonyi Anna, Szaka Zsolt, Kiss K\u00e1lm\u00e1n<\/p>\n","protected":false},"excerpt":{"rendered":"<p>2025. janu\u00e1r 2-\u00e1n, cs\u00fct\u00f6rt\u00f6k\u00f6n 18.15 \u00f3r\u00e1t\u00f3l Pozsonyi P\u00e1l, n\u00e9met \u00e9s t\u00f6rt\u00e9nelemszakos gimn\u00e1ziumi tan\u00e1r \u201cVide\u00f3klip-elemz\u00e9s kereszt\u00e9ny szemmel. Hogyan vezetnek meg minket l\u00e1thatatlanul\u2026\u201d c\u00edmmel tartott vet\u00edtett-k\u00e9pes el\u0151ad\u00e1st az X-h\u00e1z nagyterm\u00e9ben. A megjelenteket el\u0151sz\u00f6r Kiss K\u00e1lm\u00e1n, a Kereszt\u00e9ny \u00c9rtelmis\u00e9giek Sz\u00f6vets\u00e9ge (K\u00c9SZ) Marcali Csoportj\u00e1nak eln\u00f6ke k\u00f6sz\u00f6nt\u00f6tte, majd \u00e1tadta a sz\u00f3t a marcali sz\u00e1rmaz\u00e1s\u00fa pedag\u00f3gusnak. Pozsonyi P\u00e1l kor\u00e1bban m\u00e1r volt vend\u00e9ge az egyes\u00fcletnek, azonban a mostani alkalommal m\u00e1s, els\u0151sorban a fiataloknak sz\u00f3l\u00f3 t\u00e9m\u00e1val k\u00e9sz\u00fclt. Term\u00e9szetesen az id\u0151sebb koroszt\u00e1lyok k\u00e9pvisel\u0151i is meg voltak h\u00edvva a bemutat\u00f3ra,&#8230;<\/p>\n<p class=\"read-more\"><a class=\"btn btn-default\" href=\"https:\/\/marcali.plebania.hu\/?p=6562\"> Read More<span class=\"screen-reader-text\">  Read More<\/span><\/a><\/p>\n","protected":false},"author":2,"featured_media":0,"comment_status":"closed","ping_status":"open","sticky":false,"template":"","format":"standard","meta":{"footnotes":""},"categories":[1],"tags":[],"class_list":["post-6562","post","type-post","status-publish","format-standard","hentry","category-egyeb"],"_links":{"self":[{"href":"https:\/\/marcali.plebania.hu\/index.php?rest_route=\/wp\/v2\/posts\/6562","targetHints":{"allow":["GET"]}}],"collection":[{"href":"https:\/\/marcali.plebania.hu\/index.php?rest_route=\/wp\/v2\/posts"}],"about":[{"href":"https:\/\/marcali.plebania.hu\/index.php?rest_route=\/wp\/v2\/types\/post"}],"author":[{"embeddable":true,"href":"https:\/\/marcali.plebania.hu\/index.php?rest_route=\/wp\/v2\/users\/2"}],"replies":[{"embeddable":true,"href":"https:\/\/marcali.plebania.hu\/index.php?rest_route=%2Fwp%2Fv2%2Fcomments&post=6562"}],"version-history":[{"count":1,"href":"https:\/\/marcali.plebania.hu\/index.php?rest_route=\/wp\/v2\/posts\/6562\/revisions"}],"predecessor-version":[{"id":6573,"href":"https:\/\/marcali.plebania.hu\/index.php?rest_route=\/wp\/v2\/posts\/6562\/revisions\/6573"}],"wp:attachment":[{"href":"https:\/\/marcali.plebania.hu\/index.php?rest_route=%2Fwp%2Fv2%2Fmedia&parent=6562"}],"wp:term":[{"taxonomy":"category","embeddable":true,"href":"https:\/\/marcali.plebania.hu\/index.php?rest_route=%2Fwp%2Fv2%2Fcategories&post=6562"},{"taxonomy":"post_tag","embeddable":true,"href":"https:\/\/marcali.plebania.hu\/index.php?rest_route=%2Fwp%2Fv2%2Ftags&post=6562"}],"curies":[{"name":"wp","href":"https:\/\/api.w.org\/{rel}","templated":true}]}}