{"id":6588,"date":"2025-01-16T08:03:11","date_gmt":"2025-01-16T08:03:11","guid":{"rendered":"https:\/\/marcali.plebania.hu\/?p=6588"},"modified":"2025-01-16T08:03:11","modified_gmt":"2025-01-16T08:03:11","slug":"a-doni-attores-82-evfordulojan-szentmisevel-es-gyertyagyujtassal-emlekeztek-a-hosokre-es-aldozatokra","status":"publish","type":"post","link":"https:\/\/marcali.plebania.hu\/?p=6588","title":{"rendered":"A doni \u00e1tt\u00f6r\u00e9s 82. \u00e9vfordul\u00f3j\u00e1n szentmis\u00e9vel \u00e9s gyertyagy\u00fajt\u00e1ssal eml\u00e9keztek a h\u0151s\u00f6kre \u00e9s \u00e1ldozatokra"},"content":{"rendered":"\n<p>2025. janu\u00e1r 12-\u00e9n, vas\u00e1rnap a doni \u00e1tt\u00f6r\u00e9s 82. \u00e9vfordul\u00f3j\u00e1n Marcaliban is megeml\u00e9kez\u00e9st tartottak a katonah\u0151s\u00f6k \u00e9s \u00e1ldozatok eml\u00e9k\u00e9re.<\/p>\n\n\n\n<p>A program r\u00e9szek\u00e9nt 9 \u00f3rakor el\u0151sz\u00f6r \u00fcnnepi szentmise kezd\u0151d\u00f6tt, melyet Tomanek Ferenc \u00c1ron pl\u00e9b\u00e1nos celebr\u00e1lt a Gy\u00fcm\u00f6lcsolt\u00f3 Boldogasszony Pl\u00e9b\u00e1niatemplomban. Az istentiszteleten Balogh B\u00e1lint k\u00e1ntor \u00e9s a Marcali F\u00e9ny Gyermekei Katolikus Zenekar m\u0171k\u00f6d\u00f6tt k\u00f6zre.<\/p>\n\n\n\n<figure class=\"wp-block-gallery has-nested-images columns-default is-cropped wp-block-gallery-1 is-layout-flex wp-block-gallery-is-layout-flex\">\n<figure class=\"wp-block-image size-large\"><img loading=\"lazy\" decoding=\"async\" width=\"1024\" height=\"683\" data-id=\"6589\" src=\"https:\/\/marcali.plebania.hu\/wp-content\/uploads\/2025\/01\/01-4-1024x683.jpg\" alt=\"\" class=\"wp-image-6589\" srcset=\"https:\/\/marcali.plebania.hu\/wp-content\/uploads\/2025\/01\/01-4-1024x683.jpg 1024w, https:\/\/marcali.plebania.hu\/wp-content\/uploads\/2025\/01\/01-4-300x200.jpg 300w, https:\/\/marcali.plebania.hu\/wp-content\/uploads\/2025\/01\/01-4-768x512.jpg 768w, https:\/\/marcali.plebania.hu\/wp-content\/uploads\/2025\/01\/01-4-1536x1024.jpg 1536w, https:\/\/marcali.plebania.hu\/wp-content\/uploads\/2025\/01\/01-4-2048x1365.jpg 2048w, https:\/\/marcali.plebania.hu\/wp-content\/uploads\/2025\/01\/01-4-405x270.jpg 405w\" sizes=\"auto, (max-width: 1024px) 100vw, 1024px\" \/><\/figure>\n\n\n\n<figure class=\"wp-block-image size-large\"><img loading=\"lazy\" decoding=\"async\" width=\"1024\" height=\"683\" data-id=\"6592\" src=\"https:\/\/marcali.plebania.hu\/wp-content\/uploads\/2025\/01\/02-4-1024x683.jpg\" alt=\"\" class=\"wp-image-6592\" srcset=\"https:\/\/marcali.plebania.hu\/wp-content\/uploads\/2025\/01\/02-4-1024x683.jpg 1024w, https:\/\/marcali.plebania.hu\/wp-content\/uploads\/2025\/01\/02-4-300x200.jpg 300w, https:\/\/marcali.plebania.hu\/wp-content\/uploads\/2025\/01\/02-4-768x512.jpg 768w, https:\/\/marcali.plebania.hu\/wp-content\/uploads\/2025\/01\/02-4-1536x1024.jpg 1536w, https:\/\/marcali.plebania.hu\/wp-content\/uploads\/2025\/01\/02-4-2048x1365.jpg 2048w, https:\/\/marcali.plebania.hu\/wp-content\/uploads\/2025\/01\/02-4-405x270.jpg 405w\" sizes=\"auto, (max-width: 1024px) 100vw, 1024px\" \/><\/figure>\n\n\n\n<figure class=\"wp-block-image size-large\"><img loading=\"lazy\" decoding=\"async\" width=\"1024\" height=\"683\" data-id=\"6591\" src=\"https:\/\/marcali.plebania.hu\/wp-content\/uploads\/2025\/01\/03-4-1024x683.jpg\" alt=\"\" class=\"wp-image-6591\" srcset=\"https:\/\/marcali.plebania.hu\/wp-content\/uploads\/2025\/01\/03-4-1024x683.jpg 1024w, https:\/\/marcali.plebania.hu\/wp-content\/uploads\/2025\/01\/03-4-300x200.jpg 300w, https:\/\/marcali.plebania.hu\/wp-content\/uploads\/2025\/01\/03-4-768x512.jpg 768w, https:\/\/marcali.plebania.hu\/wp-content\/uploads\/2025\/01\/03-4-1536x1024.jpg 1536w, https:\/\/marcali.plebania.hu\/wp-content\/uploads\/2025\/01\/03-4-2048x1365.jpg 2048w, https:\/\/marcali.plebania.hu\/wp-content\/uploads\/2025\/01\/03-4-405x270.jpg 405w\" sizes=\"auto, (max-width: 1024px) 100vw, 1024px\" \/><\/figure>\n\n\n\n<figure class=\"wp-block-image size-large\"><img loading=\"lazy\" decoding=\"async\" width=\"1024\" height=\"683\" data-id=\"6590\" src=\"https:\/\/marcali.plebania.hu\/wp-content\/uploads\/2025\/01\/04-4-1024x683.jpg\" alt=\"\" class=\"wp-image-6590\" srcset=\"https:\/\/marcali.plebania.hu\/wp-content\/uploads\/2025\/01\/04-4-1024x683.jpg 1024w, https:\/\/marcali.plebania.hu\/wp-content\/uploads\/2025\/01\/04-4-300x200.jpg 300w, https:\/\/marcali.plebania.hu\/wp-content\/uploads\/2025\/01\/04-4-768x512.jpg 768w, https:\/\/marcali.plebania.hu\/wp-content\/uploads\/2025\/01\/04-4-1536x1024.jpg 1536w, https:\/\/marcali.plebania.hu\/wp-content\/uploads\/2025\/01\/04-4-2048x1365.jpg 2048w, https:\/\/marcali.plebania.hu\/wp-content\/uploads\/2025\/01\/04-4-405x270.jpg 405w\" sizes=\"auto, (max-width: 1024px) 100vw, 1024px\" \/><\/figure>\n<\/figure>\n\n\n\n<p>Majd 10 \u00f3r\u00e1t\u00f3l a II. vil\u00e1gh\u00e1bor\u00fas eml\u00e9km\u0171n\u00e9l, a pl\u00e9b\u00e1niahivatal el\u0151tt, a szervez\u0151k r\u00e9sz\u00e9r\u0151l Kiss K\u00e1lm\u00e1n, a Kereszt\u00e9ny \u00c9rtelmis\u00e9giek Sz\u00f6vets\u00e9ge (K\u00c9SZ) Marcali Csoportj\u00e1nak eln\u00f6ke k\u00f6sz\u00f6nt\u00f6tte a megjelenteket, majd pedig r\u00f6vid bevezet\u0151je ut\u00e1n \u00e1tadta a sz\u00f3t Nagy Csaba hadikr\u00f3nik\u00e1snak.<\/p>\n\n\n\n<p>A rendezv\u00e9ny sz\u00f3noka az egykori k\u00e1ntortan\u00edt\u00f3 nagyapja eml\u00e9keit id\u00e9zte fel, aki z\u00e1szl\u00f3sk\u00e9nt vett r\u00e9szt a Don k\u00f6r\u00fcli harcokban, \u00e9s mondta el, hogy milyen k\u00f6r\u00fclm\u00e9nyek k\u00f6z\u00f6tt \u00e9ltek akkor a keleti fronton. A lelem\u00e9nyes nagyapa k\u00e9pes volt m\u00e9g a szolg\u00e1lati szab\u00e1lyzat rendelkez\u00e9seit is \u00e1th\u00e1gva cselekedni, csak az\u00e9rt, hogy megfelel\u0151 \u00e9lelmet szerezzen a katon\u00e1inak. \u00cdgy p\u00e9ld\u00e1ul a hadvezet\u00e9s rendelkez\u00e9sei szerint az \u00e9lelmez\u00e9sre lev\u00e1gott marh\u00e1k fej\u00e9t selejtnek min\u0151s\u00edtett\u00e9k, \u00e1m \u0151 ezeket parancsszeg\u00e9ssel is megszerezve guly\u00e1st k\u00e9sz\u00edttetett beosztottjainak, akik \u00e9lelemmel ezek ut\u00e1n m\u00e1r j\u00f3l el voltak l\u00e1tva. De embers\u00e9gb\u0151l is j\u00f3 p\u00e9ld\u00e1t tudott mutatni. Kar\u00e1csony \u00e9jjel\u00e9n csak az\u00e9rt v\u00e1ltotta le az \u0151rszemet, hogy a f\u00e1z\u00f3 baka melegedni, \u00fcnnepelni tudjon t\u00e1rsaival a f\u0171t\u00f6tt fedez\u00e9kben, m\u00edg \u0151 a kinti mag\u00e1ny\u00e1ban h\u00e1l\u00e1t adhatott a Teremt\u0151j\u00e9nek, hogy gondjukat tudta viselni a r\u00e1b\u00edzottaknak.<\/p>\n\n\n\n<figure class=\"wp-block-gallery has-nested-images columns-default is-cropped wp-block-gallery-2 is-layout-flex wp-block-gallery-is-layout-flex\">\n<figure class=\"wp-block-image size-large\"><img loading=\"lazy\" decoding=\"async\" width=\"1024\" height=\"683\" data-id=\"6593\" src=\"https:\/\/marcali.plebania.hu\/wp-content\/uploads\/2025\/01\/07-1-1024x683.jpg\" alt=\"\" class=\"wp-image-6593\" srcset=\"https:\/\/marcali.plebania.hu\/wp-content\/uploads\/2025\/01\/07-1-1024x683.jpg 1024w, https:\/\/marcali.plebania.hu\/wp-content\/uploads\/2025\/01\/07-1-300x200.jpg 300w, https:\/\/marcali.plebania.hu\/wp-content\/uploads\/2025\/01\/07-1-768x512.jpg 768w, https:\/\/marcali.plebania.hu\/wp-content\/uploads\/2025\/01\/07-1-1536x1024.jpg 1536w, https:\/\/marcali.plebania.hu\/wp-content\/uploads\/2025\/01\/07-1-2048x1365.jpg 2048w, https:\/\/marcali.plebania.hu\/wp-content\/uploads\/2025\/01\/07-1-405x270.jpg 405w\" sizes=\"auto, (max-width: 1024px) 100vw, 1024px\" \/><\/figure>\n\n\n\n<figure class=\"wp-block-image size-large\"><img loading=\"lazy\" decoding=\"async\" width=\"1024\" height=\"683\" data-id=\"6596\" src=\"https:\/\/marcali.plebania.hu\/wp-content\/uploads\/2025\/01\/09-1-1024x683.jpg\" alt=\"\" class=\"wp-image-6596\" srcset=\"https:\/\/marcali.plebania.hu\/wp-content\/uploads\/2025\/01\/09-1-1024x683.jpg 1024w, https:\/\/marcali.plebania.hu\/wp-content\/uploads\/2025\/01\/09-1-300x200.jpg 300w, https:\/\/marcali.plebania.hu\/wp-content\/uploads\/2025\/01\/09-1-768x512.jpg 768w, https:\/\/marcali.plebania.hu\/wp-content\/uploads\/2025\/01\/09-1-1536x1024.jpg 1536w, https:\/\/marcali.plebania.hu\/wp-content\/uploads\/2025\/01\/09-1-2048x1365.jpg 2048w, https:\/\/marcali.plebania.hu\/wp-content\/uploads\/2025\/01\/09-1-405x270.jpg 405w\" sizes=\"auto, (max-width: 1024px) 100vw, 1024px\" \/><\/figure>\n\n\n\n<figure class=\"wp-block-image size-large\"><img loading=\"lazy\" decoding=\"async\" width=\"1024\" height=\"683\" data-id=\"6598\" src=\"https:\/\/marcali.plebania.hu\/wp-content\/uploads\/2025\/01\/12-1-1024x683.jpg\" alt=\"\" class=\"wp-image-6598\" srcset=\"https:\/\/marcali.plebania.hu\/wp-content\/uploads\/2025\/01\/12-1-1024x683.jpg 1024w, https:\/\/marcali.plebania.hu\/wp-content\/uploads\/2025\/01\/12-1-300x200.jpg 300w, https:\/\/marcali.plebania.hu\/wp-content\/uploads\/2025\/01\/12-1-768x512.jpg 768w, https:\/\/marcali.plebania.hu\/wp-content\/uploads\/2025\/01\/12-1-1536x1024.jpg 1536w, https:\/\/marcali.plebania.hu\/wp-content\/uploads\/2025\/01\/12-1-2048x1365.jpg 2048w, https:\/\/marcali.plebania.hu\/wp-content\/uploads\/2025\/01\/12-1-405x270.jpg 405w\" sizes=\"auto, (max-width: 1024px) 100vw, 1024px\" \/><\/figure>\n\n\n\n<figure class=\"wp-block-image size-large\"><img loading=\"lazy\" decoding=\"async\" width=\"1024\" height=\"683\" data-id=\"6594\" src=\"https:\/\/marcali.plebania.hu\/wp-content\/uploads\/2025\/01\/10-1024x683.jpg\" alt=\"\" class=\"wp-image-6594\" srcset=\"https:\/\/marcali.plebania.hu\/wp-content\/uploads\/2025\/01\/10-1024x683.jpg 1024w, https:\/\/marcali.plebania.hu\/wp-content\/uploads\/2025\/01\/10-300x200.jpg 300w, https:\/\/marcali.plebania.hu\/wp-content\/uploads\/2025\/01\/10-768x512.jpg 768w, https:\/\/marcali.plebania.hu\/wp-content\/uploads\/2025\/01\/10-1536x1024.jpg 1536w, https:\/\/marcali.plebania.hu\/wp-content\/uploads\/2025\/01\/10-2048x1365.jpg 2048w, https:\/\/marcali.plebania.hu\/wp-content\/uploads\/2025\/01\/10-405x270.jpg 405w\" sizes=\"auto, (max-width: 1024px) 100vw, 1024px\" \/><\/figure>\n<\/figure>\n\n\n\n<p>Nagy Csaba hadikr\u00f3nik\u00e1s v\u00e9g\u00fcl kihangs\u00falyozta m\u00e9g, hogy az emberis\u00e9g \u00e9s k\u00f6zt\u00fck a politikusok sajnos a m\u00e1sodik vil\u00e1gh\u00e1bor\u00fa \u00f3ta sem tanultak a hib\u00e1s d\u00f6nt\u00e9sekb\u0151l, mert manaps\u00e1g is harcok d\u00falnak a vil\u00e1gban; a szomsz\u00e9dunkban \u00e9ppen egy \u00e9rtelmetlen testv\u00e9rh\u00e1bor\u00fa zajlik, mik\u00f6zben emberek halnak meg nap, mint nap.<\/p>\n\n\n\n<p>Az elhangzott besz\u00e9d ut\u00e1n els\u0151k\u00e9nt a szervez\u0151 Marcali \u00e9s K\u00f6rny\u00e9ke Hagyom\u00e1ny\u0151rz\u0151 Ipartest\u00fclet, \u00e9s a K\u00c9SZ helyi csoportj\u00e1nak eln\u00f6ke hajtott fejet az eml\u00e9km\u0171n\u00e9l, majd a jelenl\u00e9v\u0151kkel egy\u00fctt gy\u00fajtottak m\u00e9cseseket a h\u0151s\u00f6k \u00e9s az \u00e1ldozatok tisztelet\u00e9re a 82 \u00e9ves \u00e9vfordul\u00f3 alkalm\u00e1b\u00f3l.<\/p>\n\n\n\n<figure class=\"wp-block-gallery has-nested-images columns-default is-cropped wp-block-gallery-3 is-layout-flex wp-block-gallery-is-layout-flex\">\n<figure class=\"wp-block-image size-large\"><img loading=\"lazy\" decoding=\"async\" width=\"1024\" height=\"683\" data-id=\"6599\" src=\"https:\/\/marcali.plebania.hu\/wp-content\/uploads\/2025\/01\/25-1024x683.jpg\" alt=\"\" class=\"wp-image-6599\" srcset=\"https:\/\/marcali.plebania.hu\/wp-content\/uploads\/2025\/01\/25-1024x683.jpg 1024w, https:\/\/marcali.plebania.hu\/wp-content\/uploads\/2025\/01\/25-300x200.jpg 300w, https:\/\/marcali.plebania.hu\/wp-content\/uploads\/2025\/01\/25-768x512.jpg 768w, https:\/\/marcali.plebania.hu\/wp-content\/uploads\/2025\/01\/25-1536x1024.jpg 1536w, https:\/\/marcali.plebania.hu\/wp-content\/uploads\/2025\/01\/25-2048x1365.jpg 2048w, https:\/\/marcali.plebania.hu\/wp-content\/uploads\/2025\/01\/25-405x270.jpg 405w\" sizes=\"auto, (max-width: 1024px) 100vw, 1024px\" \/><\/figure>\n\n\n\n<figure class=\"wp-block-image size-large\"><img loading=\"lazy\" decoding=\"async\" width=\"1024\" height=\"683\" data-id=\"6601\" src=\"https:\/\/marcali.plebania.hu\/wp-content\/uploads\/2025\/01\/26-1024x683.jpg\" alt=\"\" class=\"wp-image-6601\" srcset=\"https:\/\/marcali.plebania.hu\/wp-content\/uploads\/2025\/01\/26-1024x683.jpg 1024w, https:\/\/marcali.plebania.hu\/wp-content\/uploads\/2025\/01\/26-300x200.jpg 300w, https:\/\/marcali.plebania.hu\/wp-content\/uploads\/2025\/01\/26-768x512.jpg 768w, https:\/\/marcali.plebania.hu\/wp-content\/uploads\/2025\/01\/26-1536x1024.jpg 1536w, https:\/\/marcali.plebania.hu\/wp-content\/uploads\/2025\/01\/26-2048x1365.jpg 2048w, https:\/\/marcali.plebania.hu\/wp-content\/uploads\/2025\/01\/26-405x270.jpg 405w\" sizes=\"auto, (max-width: 1024px) 100vw, 1024px\" \/><\/figure>\n\n\n\n<figure class=\"wp-block-image size-large\"><img loading=\"lazy\" decoding=\"async\" width=\"1024\" height=\"683\" data-id=\"6600\" src=\"https:\/\/marcali.plebania.hu\/wp-content\/uploads\/2025\/01\/27-1024x683.jpg\" alt=\"\" class=\"wp-image-6600\" srcset=\"https:\/\/marcali.plebania.hu\/wp-content\/uploads\/2025\/01\/27-1024x683.jpg 1024w, https:\/\/marcali.plebania.hu\/wp-content\/uploads\/2025\/01\/27-300x200.jpg 300w, https:\/\/marcali.plebania.hu\/wp-content\/uploads\/2025\/01\/27-768x512.jpg 768w, https:\/\/marcali.plebania.hu\/wp-content\/uploads\/2025\/01\/27-1536x1024.jpg 1536w, https:\/\/marcali.plebania.hu\/wp-content\/uploads\/2025\/01\/27-2048x1365.jpg 2048w, https:\/\/marcali.plebania.hu\/wp-content\/uploads\/2025\/01\/27-405x270.jpg 405w\" sizes=\"auto, (max-width: 1024px) 100vw, 1024px\" \/><\/figure>\n\n\n\n<figure class=\"wp-block-image size-large\"><img loading=\"lazy\" decoding=\"async\" width=\"1024\" height=\"683\" data-id=\"6602\" src=\"https:\/\/marcali.plebania.hu\/wp-content\/uploads\/2025\/01\/28-1024x683.jpg\" alt=\"\" class=\"wp-image-6602\" srcset=\"https:\/\/marcali.plebania.hu\/wp-content\/uploads\/2025\/01\/28-1024x683.jpg 1024w, https:\/\/marcali.plebania.hu\/wp-content\/uploads\/2025\/01\/28-300x200.jpg 300w, https:\/\/marcali.plebania.hu\/wp-content\/uploads\/2025\/01\/28-768x512.jpg 768w, https:\/\/marcali.plebania.hu\/wp-content\/uploads\/2025\/01\/28-1536x1024.jpg 1536w, https:\/\/marcali.plebania.hu\/wp-content\/uploads\/2025\/01\/28-2048x1365.jpg 2048w, https:\/\/marcali.plebania.hu\/wp-content\/uploads\/2025\/01\/28-405x270.jpg 405w\" sizes=\"auto, (max-width: 1024px) 100vw, 1024px\" \/><\/figure>\n<\/figure>\n\n\n\n<p>A rendezv\u00e9nyen megjelentek k\u00f6z\u00f6tt volt Huszti G\u00e1bor, a Somogy V\u00e1rmegyei K\u00f6zgy\u0171l\u00e9s k\u00e9pvisel\u0151je; dr. Pozsonyi M\u00e1rk \u00f6nkorm\u00e1nyzati k\u00e9pvisel\u0151; Tomanek Ferenc \u00c1ron marcali pl\u00e9b\u00e1nos, Gelencs\u00e9r R\u00f3bert vil\u00e1gi eln\u00f6k, \u00e9s Kir\u00e1ly Jen\u0151 templomatya az egyh\u00e1zk\u00f6zs\u00e9g k\u00e9pviselet\u00e9ben; valamint Husz\u00e1r G\u00e9za ny. \u0151rnagy, a Honv\u00e9d Nyug\u00e1llom\u00e1ny\u00faak Klubj\u00e1nak eln\u00f6ke; Pomozi Istv\u00e1nn\u00e9, a Marcali Sz\u00e9passzonyok \u00e9s a Fi\u00fak Hagyom\u00e1ny\u0151rz\u0151 Egyes\u00fclet (MASZ\u00c9P) eln\u00f6ke; a szervez\u0151k k\u00e9pviselet\u00e9ben pedig Szaka Zsolt, a MKH Ipartest\u00fclet eln\u00f6ke; \u00e9s Horv\u00e1th Zsolt L\u00e1szl\u00f3, a K\u00c9SZ Marcali Csoport titk\u00e1ra, tov\u00e1bb\u00e1 az egyes\u00fcletek tagjai \u00e9s a templom h\u00edvei.<\/p>\n\n\n\n<p>\u00cdrta: K\u00c9SZ Marcali Csoport\/Kiss K\u00e1lm\u00e1n<\/p>\n\n\n\n<p>Fot\u00f3k: Szaka Zsolt \u00e9s Kiss K\u00e1lm\u00e1n<\/p>\n","protected":false},"excerpt":{"rendered":"<p>2025. janu\u00e1r 12-\u00e9n, vas\u00e1rnap a doni \u00e1tt\u00f6r\u00e9s 82. \u00e9vfordul\u00f3j\u00e1n Marcaliban is megeml\u00e9kez\u00e9st tartottak a katonah\u0151s\u00f6k \u00e9s \u00e1ldozatok eml\u00e9k\u00e9re. A program r\u00e9szek\u00e9nt 9 \u00f3rakor el\u0151sz\u00f6r \u00fcnnepi szentmise kezd\u0151d\u00f6tt, melyet Tomanek Ferenc \u00c1ron pl\u00e9b\u00e1nos celebr\u00e1lt a Gy\u00fcm\u00f6lcsolt\u00f3 Boldogasszony Pl\u00e9b\u00e1niatemplomban. Az istentiszteleten Balogh B\u00e1lint k\u00e1ntor \u00e9s a Marcali F\u00e9ny Gyermekei Katolikus Zenekar m\u0171k\u00f6d\u00f6tt k\u00f6zre. Majd 10 \u00f3r\u00e1t\u00f3l a II. vil\u00e1gh\u00e1bor\u00fas eml\u00e9km\u0171n\u00e9l, a pl\u00e9b\u00e1niahivatal el\u0151tt, a szervez\u0151k r\u00e9sz\u00e9r\u0151l Kiss K\u00e1lm\u00e1n, a Kereszt\u00e9ny \u00c9rtelmis\u00e9giek Sz\u00f6vets\u00e9ge (K\u00c9SZ) Marcali Csoportj\u00e1nak eln\u00f6ke k\u00f6sz\u00f6nt\u00f6tte a megjelenteket, majd pedig r\u00f6vid&#8230;<\/p>\n<p class=\"read-more\"><a class=\"btn btn-default\" href=\"https:\/\/marcali.plebania.hu\/?p=6588\"> Read More<span class=\"screen-reader-text\">  Read More<\/span><\/a><\/p>\n","protected":false},"author":2,"featured_media":0,"comment_status":"closed","ping_status":"open","sticky":false,"template":"","format":"standard","meta":{"footnotes":""},"categories":[1],"tags":[],"class_list":["post-6588","post","type-post","status-publish","format-standard","hentry","category-egyeb"],"_links":{"self":[{"href":"https:\/\/marcali.plebania.hu\/index.php?rest_route=\/wp\/v2\/posts\/6588","targetHints":{"allow":["GET"]}}],"collection":[{"href":"https:\/\/marcali.plebania.hu\/index.php?rest_route=\/wp\/v2\/posts"}],"about":[{"href":"https:\/\/marcali.plebania.hu\/index.php?rest_route=\/wp\/v2\/types\/post"}],"author":[{"embeddable":true,"href":"https:\/\/marcali.plebania.hu\/index.php?rest_route=\/wp\/v2\/users\/2"}],"replies":[{"embeddable":true,"href":"https:\/\/marcali.plebania.hu\/index.php?rest_route=%2Fwp%2Fv2%2Fcomments&post=6588"}],"version-history":[{"count":1,"href":"https:\/\/marcali.plebania.hu\/index.php?rest_route=\/wp\/v2\/posts\/6588\/revisions"}],"predecessor-version":[{"id":6603,"href":"https:\/\/marcali.plebania.hu\/index.php?rest_route=\/wp\/v2\/posts\/6588\/revisions\/6603"}],"wp:attachment":[{"href":"https:\/\/marcali.plebania.hu\/index.php?rest_route=%2Fwp%2Fv2%2Fmedia&parent=6588"}],"wp:term":[{"taxonomy":"category","embeddable":true,"href":"https:\/\/marcali.plebania.hu\/index.php?rest_route=%2Fwp%2Fv2%2Fcategories&post=6588"},{"taxonomy":"post_tag","embeddable":true,"href":"https:\/\/marcali.plebania.hu\/index.php?rest_route=%2Fwp%2Fv2%2Ftags&post=6588"}],"curies":[{"name":"wp","href":"https:\/\/api.w.org\/{rel}","templated":true}]}}