{"id":6605,"date":"2025-01-19T07:18:47","date_gmt":"2025-01-19T07:18:47","guid":{"rendered":"https:\/\/marcali.plebania.hu\/?p=6605"},"modified":"2025-01-25T15:31:15","modified_gmt":"2025-01-25T15:31:15","slug":"hirdetesek-2025-januar-19-en","status":"publish","type":"post","link":"https:\/\/marcali.plebania.hu\/?p=6605","title":{"rendered":"Hirdet\u00e9sek 2025. janu\u00e1r 19-\u00e9n"},"content":{"rendered":"\n<p><strong><a href=\"https:\/\/igenaptar.katolikus.hu\/nap\/index.php?holnap=2025-01-19\" target=\"_blank\" rel=\"noreferrer noopener\"><u>\u00c9vk\u00f6zi 2. vas\u00e1rnap<\/u><\/a><\/strong><strong><\/strong><\/p>\n\n\n\n<ol start=\"1\" class=\"wp-block-list\">\n<li>Ma kezd\u0151dik az <strong>\u00f6kumenikus imah\u00e9t<\/strong>, melyben a kereszt\u00e9nyek egys\u00e9g\u00e9\u00e9rt im\u00e1dkozunk. Kedden (jan. 21-\u00e9n) nem lesz szentmise, hanem a 17:00-kor kezd\u0151d\u0151 k\u00f6z\u00f6s biblia\u00f3r\u00e1ra h\u00edvunk minden \u00e9rdekl\u0151d\u0151t a reform\u00e1tus gy\u00fclekezeti terembe. Az \u00f6kumenikus ima\u00f3ra j\u00f6v\u0151 vas\u00e1rnap (jan. 26.) 9:00-kor kezd\u0151dik pl\u00e9b\u00e1niatemplomunkban. Minden h\u00edv\u0151t \u00e9s \u00e9rdekl\u0151d\u0151t buzd\u00edtunk a tal\u00e1lkoz\u00e1si lehet\u0151s\u00e9gekre \u00e9s az egy\u00e9ni ima mellett a k\u00f6z\u00f6s im\u00e1ds\u00e1gra. Az ima\u00f3ra ugyanakkor nem helyettes\u00edti a szentmis\u00e9t: azon szombat este 17:30-kor vehet\u00fcnk r\u00e9szt a pl\u00e9b\u00e1niatemplomban, vas\u00e1rnap 11:00-kor Biz\u00e9n vagy 17:30-kor a Boldog Gizella-templomban.<\/li>\n\n\n\n<li>A <strong>feln\u0151tthittan<\/strong> \u00e9s szents\u00e9gi felk\u00e9sz\u00edt\u0151 szerd\u00e1n 18:00-kor kezd\u0151dik a pl\u00e9b\u00e1ni\u00e1n.<\/li>\n\n\n\n<li>Cs\u00fct\u00f6rt\u00f6k\u00f6n (jan. 23.) lesz <strong>\u201eMi\u00e9rt hiszek?\u201d-sorozat<\/strong>unk k\u00f6vetkez\u0151 alkalma. Vend\u00e9g\u00fcnk Tomanek P\u00e9ter atya, si\u00f3foki pl\u00e9b\u00e1nos, p\u00fcsp\u00f6ki irodaigazgat\u00f3 lesz. Az esti mis\u00e9t \u0151 celebr\u00e1lja a pl\u00e9b\u00e1niatemplomban, majd 18:15-kor kezdi el\u0151ad\u00e1s\u00e1t, tan\u00fas\u00e1gt\u00e9tel\u00e9t az X-h\u00e1zban (D\u00f3zsa Gy. u. 3.). Szeretettel h\u00edvunk minden \u00e9rdekl\u0151d\u0151t.<\/li>\n\n\n\n<li>A Kaposv\u00e1ri Egyh\u00e1zmegye \u201eRem\u00e9nyben \u00e9l\u0151 szentjeink\u201d c\u00edmmel <strong>rajzp\u00e1ly\u00e1zat<\/strong>ot hirdet a hittanosok <strong>sz\u00e1m\u00e1ra<\/strong>. R\u00e9szletek <a href=\"https:\/\/kaposvar.egyhazmegye.hu\/index.php?option=com_content&amp;view=article&amp;layout=edit&amp;id=290\">ide kattintva<\/a> olvashat\u00f3k.<\/li>\n\n\n\n<li>Gyertyaszentel\u0151 Boldogasszony \u00fcnnepe el\u0151tti szombaton, febru\u00e1r 1-j\u00e9n 10:00-12:00 \u00f3ra k\u00f6z\u00f6tt <strong>gyertyak\u00e9sz\u00edt\u0151 foglalkoz\u00e1s<\/strong>ra h\u00edvjuk a ministr\u00e1nsokat a pl\u00e9b\u00e1ni\u00e1ra. Az elk\u00e9sz\u00fclt gyerty\u00e1kat az \u00fcnnepi szentmis\u00e9k elej\u00e9n meg\u00e1ldjuk.<\/li>\n\n\n\n<li>A <strong>H\u00e1zass\u00e1g het\u00e9t<\/strong> id\u00e9n febru\u00e1r 9-t\u0151l 16-ig hirdetik meg, \u201eBesz\u00e9lgessetek a h\u00e1zass\u00e1gotok\u00e9rt!\u201d mott\u00f3val. A t\u00f6bb kontinensre kiterjed\u0151 kezdem\u00e9nyez\u00e9shez pl\u00e9b\u00e1ni\u00e1nk is csatlakozik: szeretettel h\u00edvunk minden \u00e9rdekl\u0151d\u0151 p\u00e1rt febr. 9-\u00e9n d\u00e9lut\u00e1n a pl\u00e9b\u00e1ni\u00e1ra, valamint 15-\u00e9n egy k\u00f6z\u00f6s csal\u00e1di kir\u00e1ndul\u00e1sra. Tov\u00e1bbi r\u00e9szletek \u00e9s jelentkez\u00e9s j\u00f6v\u0151 h\u00e9tt\u0151l.<\/li>\n\n\n\n<li>A <strong>k\u00e9pvisel\u0151-test\u00fclet<\/strong> j\u00f6v\u0151 kedden (jan. 28.) 18:00-kor kezdi \u00fcl\u00e9s\u00e9t a pl\u00e9b\u00e1ni\u00e1n.<\/li>\n\n\n\n<li>Aki szeretn\u00e9 <strong>otthon<\/strong>a <strong>meg\u00e1ld\u00e1s<\/strong>\u00e1t k\u00e9rni, hagyja meg nev\u00e9t, c\u00edm\u00e9t, el\u00e9rhet\u0151s\u00e9g\u00e9t az irod\u00e1ban vagy a sekresty\u00e9ben. Az \u00e1ld\u00e1s\u00e1nak nincs k\u00f6lts\u00e9ge \u00e9s minden \u00e9vben lehet k\u00e9rni.<\/li>\n<\/ol>\n\n\n\n\n\n<hr class=\"wp-block-separator has-alpha-channel-opacity\"\/>\n\n\n\n<figure class=\"wp-block-image size-large\"><img loading=\"lazy\" decoding=\"async\" width=\"1024\" height=\"863\" src=\"https:\/\/marcali.plebania.hu\/wp-content\/uploads\/2025\/01\/250119-1024x863.png\" alt=\"\" class=\"wp-image-6609\" srcset=\"https:\/\/marcali.plebania.hu\/wp-content\/uploads\/2025\/01\/250119-1024x863.png 1024w, https:\/\/marcali.plebania.hu\/wp-content\/uploads\/2025\/01\/250119-300x253.png 300w, https:\/\/marcali.plebania.hu\/wp-content\/uploads\/2025\/01\/250119-768x647.png 768w, https:\/\/marcali.plebania.hu\/wp-content\/uploads\/2025\/01\/250119-320x270.png 320w, https:\/\/marcali.plebania.hu\/wp-content\/uploads\/2025\/01\/250119.png 1318w\" sizes=\"auto, (max-width: 1024px) 100vw, 1024px\" \/><\/figure>\n\n\n\n<hr class=\"wp-block-separator has-alpha-channel-opacity\"\/>\n\n\n\n<figure class=\"wp-block-gallery has-nested-images columns-default is-cropped wp-block-gallery-1 is-layout-flex wp-block-gallery-is-layout-flex\">\n<figure class=\"wp-block-image size-large\"><img loading=\"lazy\" decoding=\"async\" width=\"724\" height=\"1024\" data-id=\"6608\" src=\"https:\/\/marcali.plebania.hu\/wp-content\/uploads\/2025\/01\/MIERT_HISZEK_TOMANEK_PETER_V2-1-724x1024.jpg\" alt=\"\" class=\"wp-image-6608\" srcset=\"https:\/\/marcali.plebania.hu\/wp-content\/uploads\/2025\/01\/MIERT_HISZEK_TOMANEK_PETER_V2-1-724x1024.jpg 724w, https:\/\/marcali.plebania.hu\/wp-content\/uploads\/2025\/01\/MIERT_HISZEK_TOMANEK_PETER_V2-1-212x300.jpg 212w, https:\/\/marcali.plebania.hu\/wp-content\/uploads\/2025\/01\/MIERT_HISZEK_TOMANEK_PETER_V2-1-768x1086.jpg 768w, https:\/\/marcali.plebania.hu\/wp-content\/uploads\/2025\/01\/MIERT_HISZEK_TOMANEK_PETER_V2-1-1086x1536.jpg 1086w, https:\/\/marcali.plebania.hu\/wp-content\/uploads\/2025\/01\/MIERT_HISZEK_TOMANEK_PETER_V2-1-1448x2048.jpg 1448w, https:\/\/marcali.plebania.hu\/wp-content\/uploads\/2025\/01\/MIERT_HISZEK_TOMANEK_PETER_V2-1-191x270.jpg 191w, https:\/\/marcali.plebania.hu\/wp-content\/uploads\/2025\/01\/MIERT_HISZEK_TOMANEK_PETER_V2-1-scaled.jpg 1811w\" sizes=\"auto, (max-width: 724px) 100vw, 724px\" \/><\/figure>\n\n\n\n<figure class=\"wp-block-image size-large\"><img loading=\"lazy\" decoding=\"async\" width=\"724\" height=\"1024\" data-id=\"6607\" src=\"https:\/\/marcali.plebania.hu\/wp-content\/uploads\/2025\/01\/RAJZPALYAZAT_250107-1-724x1024.jpg\" alt=\"\" class=\"wp-image-6607\" srcset=\"https:\/\/marcali.plebania.hu\/wp-content\/uploads\/2025\/01\/RAJZPALYAZAT_250107-1-724x1024.jpg 724w, https:\/\/marcali.plebania.hu\/wp-content\/uploads\/2025\/01\/RAJZPALYAZAT_250107-1-212x300.jpg 212w, https:\/\/marcali.plebania.hu\/wp-content\/uploads\/2025\/01\/RAJZPALYAZAT_250107-1-768x1087.jpg 768w, https:\/\/marcali.plebania.hu\/wp-content\/uploads\/2025\/01\/RAJZPALYAZAT_250107-1-1085x1536.jpg 1085w, https:\/\/marcali.plebania.hu\/wp-content\/uploads\/2025\/01\/RAJZPALYAZAT_250107-1-1447x2048.jpg 1447w, https:\/\/marcali.plebania.hu\/wp-content\/uploads\/2025\/01\/RAJZPALYAZAT_250107-1-191x270.jpg 191w, https:\/\/marcali.plebania.hu\/wp-content\/uploads\/2025\/01\/RAJZPALYAZAT_250107-1-scaled.jpg 1809w\" sizes=\"auto, (max-width: 724px) 100vw, 724px\" \/><\/figure>\n<\/figure>\n\n\n\n<hr class=\"wp-block-separator has-alpha-channel-opacity\"\/>\n\n\n\n<div id=\"mc_embed_shell\">\n      <link href=\"\/\/cdn-images.mailchimp.com\/embedcode\/classic-061523.css\" rel=\"stylesheet\" type=\"text\/css\">\n  <style type=\"text\/css\">\n        #mc_embed_signup{background:#fff; false;clear:center; font:14px Helvetica,Arial,sans-serif; width: px;}\n        \/* Add your own Mailchimp form style overrides in your site stylesheet or in this style block.\n           We recommend moving this block and the preceding CSS link to the HEAD of your HTML file. *\/\n<\/style>\n<div id=\"mc_embed_signup\">\n    <form action=\"https:\/\/plebania.us8.list-manage.com\/subscribe\/post?u=e22067d2b2341677941a6b2cf&amp;id=45d4e5fd03&amp;f_id=009973e1f0\" method=\"post\" id=\"mc-embedded-subscribe-form\" name=\"mc-embedded-subscribe-form\" class=\"validate\" target=\"_blank\">\n        <div id=\"mc_embed_signup_scroll\"><h2>Feliratkoz\u00e1s a h\u00edrlev\u00e9lre<\/h2>\n            <div class=\"indicates-required\"><span class=\"asterisk\">*<\/span> indicates required<\/div>\n            <div class=\"mc-field-group\"><label for=\"mce-EMAIL\">E-mail <span class=\"asterisk\">*<\/span><\/label><input type=\"email\" name=\"EMAIL\" class=\"required email\" id=\"mce-EMAIL\" required=\"\" value=\"\"><\/div><div class=\"mc-field-group\"><label for=\"mce-NAME\">N\u00e9v <\/label><input type=\"text\" name=\"NAME\" class=\" text\" id=\"mce-NAME\" value=\"\"><\/div>\n        <div id=\"mce-responses\" class=\"clear foot\">\n            <div class=\"response\" id=\"mce-error-response\" style=\"display: none;\"><\/div>\n            <div class=\"response\" id=\"mce-success-response\" style=\"display: none;\"><\/div>\n        <\/div>\n    <div style=\"position: absolute; left: -5000px;\" aria-hidden=\"true\">\n        \/* real people should not fill this in and expect good things &#8211; do not remove this or risk form bot signups *\/\n        <input type=\"text\" name=\"b_e22067d2b2341677941a6b2cf_45d4e5fd03\" tabindex=\"-1\" value=\"\">\n    <\/div>\n        <div class=\"optionalParent\">\n            <div class=\"clear foot\">\n                <input type=\"submit\" name=\"subscribe\" id=\"mc-embedded-subscribe\" class=\"button\" value=\"Subscribe\">\n                <p style=\"margin: 0px auto;\"><a href=\"http:\/\/eepurl.com\/iZP_d6\" title=\"Mailchimp - email marketing made easy and fun\"><span style=\"display: inline-block; background-color: transparent; border-radius: 4px;\"><img decoding=\"async\" class=\"refferal_badge\" src=\"https:\/\/digitalasset.intuit.com\/render\/content\/dam\/intuit\/mc-fe\/en_us\/images\/intuit-mc-rewards-text-dark.svg\" alt=\"Intuit Mailchimp\" style=\"width: 220px; height: 40px; display: flex; padding: 2px 0px; justify-content: center; align-items: center;\"><\/span><\/a><\/p>\n            <\/div>\n        <\/div>\n    <\/div>\n<\/form>\n<\/div>\n<script type=\"text\/javascript\" src=\"\/\/s3.amazonaws.com\/downloads.mailchimp.com\/js\/mc-validate.js\"><\/script><script type=\"text\/javascript\">(function($) {window.fnames = new Array(); window.ftypes = new Array();fnames[0]='EMAIL';ftypes[0]='email';fnames[1]='NAME';ftypes[1]='text';}(jQuery));var $mcj = jQuery.noConflict(true);<\/script><\/div>\n\n\n\n<p><\/p>\n","protected":false},"excerpt":{"rendered":"<p>\u00c9vk\u00f6zi 2. vas\u00e1rnap Feliratkoz\u00e1s a h\u00edrlev\u00e9lre * indicates required E-mail * N\u00e9v \/* real people should not fill this in and expect good things &#8211; do not remove this or risk form bot signups *\/<\/p>\n","protected":false},"author":1,"featured_media":0,"comment_status":"closed","ping_status":"open","sticky":false,"template":"","format":"standard","meta":{"footnotes":""},"categories":[3],"tags":[],"class_list":["post-6605","post","type-post","status-publish","format-standard","hentry","category-hirdetesek"],"_links":{"self":[{"href":"https:\/\/marcali.plebania.hu\/index.php?rest_route=\/wp\/v2\/posts\/6605","targetHints":{"allow":["GET"]}}],"collection":[{"href":"https:\/\/marcali.plebania.hu\/index.php?rest_route=\/wp\/v2\/posts"}],"about":[{"href":"https:\/\/marcali.plebania.hu\/index.php?rest_route=\/wp\/v2\/types\/post"}],"author":[{"embeddable":true,"href":"https:\/\/marcali.plebania.hu\/index.php?rest_route=\/wp\/v2\/users\/1"}],"replies":[{"embeddable":true,"href":"https:\/\/marcali.plebania.hu\/index.php?rest_route=%2Fwp%2Fv2%2Fcomments&post=6605"}],"version-history":[{"count":7,"href":"https:\/\/marcali.plebania.hu\/index.php?rest_route=\/wp\/v2\/posts\/6605\/revisions"}],"predecessor-version":[{"id":6622,"href":"https:\/\/marcali.plebania.hu\/index.php?rest_route=\/wp\/v2\/posts\/6605\/revisions\/6622"}],"wp:attachment":[{"href":"https:\/\/marcali.plebania.hu\/index.php?rest_route=%2Fwp%2Fv2%2Fmedia&parent=6605"}],"wp:term":[{"taxonomy":"category","embeddable":true,"href":"https:\/\/marcali.plebania.hu\/index.php?rest_route=%2Fwp%2Fv2%2Fcategories&post=6605"},{"taxonomy":"post_tag","embeddable":true,"href":"https:\/\/marcali.plebania.hu\/index.php?rest_route=%2Fwp%2Fv2%2Ftags&post=6605"}],"curies":[{"name":"wp","href":"https:\/\/api.w.org\/{rel}","templated":true}]}}