{"id":6620,"date":"2025-01-25T15:39:36","date_gmt":"2025-01-25T15:39:36","guid":{"rendered":"https:\/\/marcali.plebania.hu\/?p=6620"},"modified":"2025-01-25T16:11:36","modified_gmt":"2025-01-25T16:11:36","slug":"hirdetesek-2025-januar-26-an","status":"publish","type":"post","link":"https:\/\/marcali.plebania.hu\/?p=6620","title":{"rendered":"Hirdet\u00e9sek 2025. janu\u00e1r 26-\u00e1n"},"content":{"rendered":"\n<p><strong><a href=\"https:\/\/igenaptar.katolikus.hu\/nap\/index.php?holnap=2025-01-26\" target=\"_blank\" rel=\"noreferrer noopener\"><u>\u00c9vk\u00f6zi 3. vas\u00e1rnap &#8211; Isten ig\u00e9j\u00e9nek vas\u00e1rnapja<\/u><\/a><\/strong><\/p>\n\n\n\n<ol start=\"1\" class=\"wp-block-list\">\n<li>Ma \u00e9r v\u00e9get az idei \u00f6kumenikus imah\u00e9t, aminek r\u00e9szek\u00e9nt <strong>\u00f6kumenikus ima\u00f3r<\/strong>\u00e1ra h\u00edvunk minden \u00e9rdekl\u0151d\u0151t 9 \u00f3r\u00e1ra a pl\u00e9b\u00e1niatemplomba. K\u00f6sz\u00f6nj\u00fck a bekapcsol\u00f3d\u00e1st a k\u00f6z\u00f6s elm\u00e9lked\u00e9sbe \u00e9s im\u00e1ds\u00e1gba. Az ima\u00f3ra ugyanakkor nem helyettes\u00edti a vas\u00e1rnapi szentmis\u00e9t: azon szombat este 17:30-kor vehet\u00fcnk r\u00e9szt a pl\u00e9b\u00e1niatemplomban, vas\u00e1rnap 11:00-kor Biz\u00e9n vagy 17:30-kor a Boldog Gizella-templomban.<\/li>\n\n\n\n<li>A <strong>k\u00e9pvisel\u0151-test\u00fclet<\/strong> <span style=\"text-decoration: underline;\">kedden<\/span> 18:00-kor kezdi \u00fcl\u00e9s\u00e9t a pl\u00e9b\u00e1ni\u00e1n.<\/li>\n\n\n\n<li>A <strong>F\u00e9rfi-k\u00f6r<\/strong> <span style=\"text-decoration: underline;\">szerd\u00e1n<\/span> 18:00-kor kezd\u0151dik a pl\u00e9b\u00e1ni\u00e1n.<\/li>\n\n\n\n<li>A Kaposv\u00e1ri Egyh\u00e1zmegye \u201eRem\u00e9nyben \u00e9l\u0151 szentjeink\u201d c\u00edmmel <strong>rajzp\u00e1ly\u00e1zat<\/strong>ot hirdet a hittanosok <strong>sz\u00e1m\u00e1ra<\/strong>. R\u00e9szletek <em><a href=\"https:\/\/kaposvar.egyhazmegye.hu\/index.php?option=com_content&amp;view=article&amp;layout=edit&amp;id=290\">ide kattintva<\/a><\/em> olvashat\u00f3k.<\/li>\n\n\n\n<li>Gyertyaszentel\u0151 Boldogasszony \u00fcnnep\u00e9hez kapcsol\u00f3d\u00f3an szombaton 10:00-12:00 \u00f3ra k\u00f6z\u00f6tt <strong>gyertyak\u00e9sz\u00edt\u0151 foglalkoz\u00e1s<\/strong>ra h\u00edvjuk a ministr\u00e1nsokat a pl\u00e9b\u00e1ni\u00e1ra. Az elk\u00e9sz\u00fclt gyerty\u00e1kat az \u00fcnnepi szentmis\u00e9k elej\u00e9n meg\u00e1ldjuk.<\/li>\n\n\n\n<li>A <strong>H\u00e1zass\u00e1g het\u00e9t<\/strong> id\u00e9n febru\u00e1r 9-t\u0151l 16-ig hirdetik meg, \u201eBesz\u00e9lgessetek a h\u00e1zass\u00e1gotok\u00e9rt!\u201d mott\u00f3val. A t\u00f6bb kontinensre kiterjed\u0151 kezdem\u00e9nyez\u00e9shez pl\u00e9b\u00e1ni\u00e1nk is csatlakozik: szeretettel h\u00edvunk minden \u00e9rdekl\u0151d\u0151 p\u00e1rt febr. 9-\u00e9n d\u00e9lut\u00e1n a pl\u00e9b\u00e1ni\u00e1ra, valamint 15-\u00e9n egy k\u00f6z\u00f6s csal\u00e1di kir\u00e1ndul\u00e1sra. Febru\u00e1r 5-ig v\u00e1rjuk a jelentkez\u00e9seket <em><a href=\"https:\/\/forms.gle\/wozuwcVnWjdoMpTQA\">az itt el\u00e9rhet\u0151 \u0171rlapon<\/a><\/em>. Szeretettel h\u00edvjuk t\u00e1rsast\u00e1ncra azokat, akik sz\u00edvesen t\u00e1ncolnak vagy tanulnak t\u00e1ncolni mai \u00e9s klasszikus sl\u00e1gerekre. A jelentkez\u0151kkel egyeztet\u00fcnk helysz\u00ednr\u0151l \u00e9s a tal\u00e1lkoz\u00f3k id\u0151pontj\u00e1r\u00f3l.<\/li>\n\n\n\n<li>Aki szeretn\u00e9 <strong>otthon<\/strong>a <strong>meg\u00e1ld\u00e1s<\/strong>\u00e1t k\u00e9rni, hagyja meg nev\u00e9t, c\u00edm\u00e9t, el\u00e9rhet\u0151s\u00e9g\u00e9t az irod\u00e1ban vagy a sekresty\u00e9ben. Az \u00e1ld\u00e1s\u00e1nak nincs k\u00f6lts\u00e9ge \u00e9s minden \u00e9vben lehet k\u00e9rni.<\/li>\n<\/ol>\n\n\n\n<hr class=\"wp-block-separator has-alpha-channel-opacity\"\/>\n\n\n\n<figure class=\"wp-block-image size-large\"><img loading=\"lazy\" decoding=\"async\" width=\"1024\" height=\"713\" src=\"https:\/\/marcali.plebania.hu\/wp-content\/uploads\/2025\/01\/250126-1-1024x713.png\" alt=\"\" class=\"wp-image-6628\" srcset=\"https:\/\/marcali.plebania.hu\/wp-content\/uploads\/2025\/01\/250126-1-1024x713.png 1024w, https:\/\/marcali.plebania.hu\/wp-content\/uploads\/2025\/01\/250126-1-300x209.png 300w, https:\/\/marcali.plebania.hu\/wp-content\/uploads\/2025\/01\/250126-1-768x535.png 768w, https:\/\/marcali.plebania.hu\/wp-content\/uploads\/2025\/01\/250126-1-1536x1070.png 1536w, https:\/\/marcali.plebania.hu\/wp-content\/uploads\/2025\/01\/250126-1-388x270.png 388w, https:\/\/marcali.plebania.hu\/wp-content\/uploads\/2025\/01\/250126-1.png 1609w\" sizes=\"auto, (max-width: 1024px) 100vw, 1024px\" \/><\/figure>\n\n\n\n<hr class=\"wp-block-separator has-alpha-channel-opacity\"\/>\n\n\n\n<figure class=\"wp-block-gallery has-nested-images columns-default is-cropped wp-block-gallery-1 is-layout-flex wp-block-gallery-is-layout-flex\">\n<figure class=\"wp-block-image size-large\"><img loading=\"lazy\" decoding=\"async\" width=\"724\" height=\"1024\" data-id=\"6606\" src=\"https:\/\/marcali.plebania.hu\/wp-content\/uploads\/2025\/01\/RAJZPALYAZAT_250107-724x1024.jpg\" alt=\"\" class=\"wp-image-6606\" srcset=\"https:\/\/marcali.plebania.hu\/wp-content\/uploads\/2025\/01\/RAJZPALYAZAT_250107-724x1024.jpg 724w, https:\/\/marcali.plebania.hu\/wp-content\/uploads\/2025\/01\/RAJZPALYAZAT_250107-212x300.jpg 212w, https:\/\/marcali.plebania.hu\/wp-content\/uploads\/2025\/01\/RAJZPALYAZAT_250107-768x1087.jpg 768w, https:\/\/marcali.plebania.hu\/wp-content\/uploads\/2025\/01\/RAJZPALYAZAT_250107-1085x1536.jpg 1085w, https:\/\/marcali.plebania.hu\/wp-content\/uploads\/2025\/01\/RAJZPALYAZAT_250107-1447x2048.jpg 1447w, https:\/\/marcali.plebania.hu\/wp-content\/uploads\/2025\/01\/RAJZPALYAZAT_250107-191x270.jpg 191w, https:\/\/marcali.plebania.hu\/wp-content\/uploads\/2025\/01\/RAJZPALYAZAT_250107-scaled.jpg 1809w\" sizes=\"auto, (max-width: 724px) 100vw, 724px\" \/><\/figure>\n\n\n\n<figure class=\"wp-block-image size-large\"><img loading=\"lazy\" decoding=\"async\" width=\"724\" height=\"1024\" data-id=\"6626\" src=\"https:\/\/marcali.plebania.hu\/wp-content\/uploads\/2025\/01\/Hazassag-hete-Kaposvar-1-724x1024.jpg\" alt=\"\" class=\"wp-image-6626\" srcset=\"https:\/\/marcali.plebania.hu\/wp-content\/uploads\/2025\/01\/Hazassag-hete-Kaposvar-1-724x1024.jpg 724w, https:\/\/marcali.plebania.hu\/wp-content\/uploads\/2025\/01\/Hazassag-hete-Kaposvar-1-212x300.jpg 212w, https:\/\/marcali.plebania.hu\/wp-content\/uploads\/2025\/01\/Hazassag-hete-Kaposvar-1-768x1086.jpg 768w, https:\/\/marcali.plebania.hu\/wp-content\/uploads\/2025\/01\/Hazassag-hete-Kaposvar-1-191x270.jpg 191w, https:\/\/marcali.plebania.hu\/wp-content\/uploads\/2025\/01\/Hazassag-hete-Kaposvar-1.jpg 842w\" sizes=\"auto, (max-width: 724px) 100vw, 724px\" \/><\/figure>\n\n\n\n<figure class=\"wp-block-image size-large\"><img loading=\"lazy\" decoding=\"async\" width=\"724\" height=\"1024\" data-id=\"6625\" src=\"https:\/\/marcali.plebania.hu\/wp-content\/uploads\/2025\/01\/Zarandoklat-a-hivatasokert_20250123_142953_0000-724x1024.jpg\" alt=\"\" class=\"wp-image-6625\" srcset=\"https:\/\/marcali.plebania.hu\/wp-content\/uploads\/2025\/01\/Zarandoklat-a-hivatasokert_20250123_142953_0000-724x1024.jpg 724w, https:\/\/marcali.plebania.hu\/wp-content\/uploads\/2025\/01\/Zarandoklat-a-hivatasokert_20250123_142953_0000-212x300.jpg 212w, https:\/\/marcali.plebania.hu\/wp-content\/uploads\/2025\/01\/Zarandoklat-a-hivatasokert_20250123_142953_0000-768x1086.jpg 768w, https:\/\/marcali.plebania.hu\/wp-content\/uploads\/2025\/01\/Zarandoklat-a-hivatasokert_20250123_142953_0000-1086x1536.jpg 1086w, https:\/\/marcali.plebania.hu\/wp-content\/uploads\/2025\/01\/Zarandoklat-a-hivatasokert_20250123_142953_0000-191x270.jpg 191w, https:\/\/marcali.plebania.hu\/wp-content\/uploads\/2025\/01\/Zarandoklat-a-hivatasokert_20250123_142953_0000.jpg 1414w\" sizes=\"auto, (max-width: 724px) 100vw, 724px\" \/><\/figure>\n<\/figure>\n\n\n\n<hr class=\"wp-block-separator has-alpha-channel-opacity\"\/>\n\n\n\n<div id=\"mc_embed_shell\">\n      <link href=\"\/\/cdn-images.mailchimp.com\/embedcode\/classic-061523.css\" rel=\"stylesheet\" type=\"text\/css\">\n  <style type=\"text\/css\">\n        #mc_embed_signup{background:#fff; false;clear:center; font:14px Helvetica,Arial,sans-serif; width: px;}\n        \/* Add your own Mailchimp form style overrides in your site stylesheet or in this style block.\n           We recommend moving this block and the preceding CSS link to the HEAD of your HTML file. *\/\n<\/style>\n<div id=\"mc_embed_signup\">\n    <form action=\"https:\/\/plebania.us8.list-manage.com\/subscribe\/post?u=e22067d2b2341677941a6b2cf&amp;id=45d4e5fd03&amp;f_id=009973e1f0\" method=\"post\" id=\"mc-embedded-subscribe-form\" name=\"mc-embedded-subscribe-form\" class=\"validate\" target=\"_blank\">\n        <div id=\"mc_embed_signup_scroll\"><h2>Feliratkoz\u00e1s a h\u00edrlev\u00e9lre<\/h2>\n            <div class=\"indicates-required\"><span class=\"asterisk\">*<\/span> indicates required<\/div>\n            <div class=\"mc-field-group\"><label for=\"mce-EMAIL\">E-mail <span class=\"asterisk\">*<\/span><\/label><input type=\"email\" name=\"EMAIL\" class=\"required email\" id=\"mce-EMAIL\" required=\"\" value=\"\"><\/div><div class=\"mc-field-group\"><label for=\"mce-NAME\">N\u00e9v <\/label><input type=\"text\" name=\"NAME\" class=\" text\" id=\"mce-NAME\" value=\"\"><\/div>\n        <div id=\"mce-responses\" class=\"clear foot\">\n            <div class=\"response\" id=\"mce-error-response\" style=\"display: none;\"><\/div>\n            <div class=\"response\" id=\"mce-success-response\" style=\"display: none;\"><\/div>\n        <\/div>\n    <div style=\"position: absolute; left: -5000px;\" aria-hidden=\"true\">\n        \/* real people should not fill this in and expect good things &#8211; do not remove this or risk form bot signups *\/\n        <input type=\"text\" name=\"b_e22067d2b2341677941a6b2cf_45d4e5fd03\" tabindex=\"-1\" value=\"\">\n    <\/div>\n        <div class=\"optionalParent\">\n            <div class=\"clear foot\">\n                <input type=\"submit\" name=\"subscribe\" id=\"mc-embedded-subscribe\" class=\"button\" value=\"Subscribe\">\n                <p style=\"margin: 0px auto;\"><a href=\"http:\/\/eepurl.com\/iZP_d6\" title=\"Mailchimp - email marketing made easy and fun\"><span style=\"display: inline-block; background-color: transparent; border-radius: 4px;\"><img decoding=\"async\" class=\"refferal_badge\" src=\"https:\/\/digitalasset.intuit.com\/render\/content\/dam\/intuit\/mc-fe\/en_us\/images\/intuit-mc-rewards-text-dark.svg\" alt=\"Intuit Mailchimp\" style=\"width: 220px; height: 40px; display: flex; padding: 2px 0px; justify-content: center; align-items: center;\"><\/span><\/a><\/p>\n            <\/div>\n        <\/div>\n    <\/div>\n<\/form>\n<\/div>\n<script type=\"text\/javascript\" src=\"\/\/s3.amazonaws.com\/downloads.mailchimp.com\/js\/mc-validate.js\"><\/script><script type=\"text\/javascript\">(function($) {window.fnames = new Array(); window.ftypes = new Array();fnames[0]='EMAIL';ftypes[0]='email';fnames[1]='NAME';ftypes[1]='text';}(jQuery));var $mcj = jQuery.noConflict(true);<\/script><\/div>\n\n\n\n<p><\/p>\n","protected":false},"excerpt":{"rendered":"<p>\u00c9vk\u00f6zi 3. vas\u00e1rnap &#8211; Isten ig\u00e9j\u00e9nek vas\u00e1rnapja Feliratkoz\u00e1s a h\u00edrlev\u00e9lre * indicates required E-mail * N\u00e9v \/* real people should not fill this in and expect good things &#8211; do not remove this or risk form bot signups *\/<\/p>\n","protected":false},"author":1,"featured_media":0,"comment_status":"closed","ping_status":"open","sticky":false,"template":"","format":"standard","meta":{"footnotes":""},"categories":[3],"tags":[],"class_list":["post-6620","post","type-post","status-publish","format-standard","hentry","category-hirdetesek"],"_links":{"self":[{"href":"https:\/\/marcali.plebania.hu\/index.php?rest_route=\/wp\/v2\/posts\/6620","targetHints":{"allow":["GET"]}}],"collection":[{"href":"https:\/\/marcali.plebania.hu\/index.php?rest_route=\/wp\/v2\/posts"}],"about":[{"href":"https:\/\/marcali.plebania.hu\/index.php?rest_route=\/wp\/v2\/types\/post"}],"author":[{"embeddable":true,"href":"https:\/\/marcali.plebania.hu\/index.php?rest_route=\/wp\/v2\/users\/1"}],"replies":[{"embeddable":true,"href":"https:\/\/marcali.plebania.hu\/index.php?rest_route=%2Fwp%2Fv2%2Fcomments&post=6620"}],"version-history":[{"count":2,"href":"https:\/\/marcali.plebania.hu\/index.php?rest_route=\/wp\/v2\/posts\/6620\/revisions"}],"predecessor-version":[{"id":6629,"href":"https:\/\/marcali.plebania.hu\/index.php?rest_route=\/wp\/v2\/posts\/6620\/revisions\/6629"}],"wp:attachment":[{"href":"https:\/\/marcali.plebania.hu\/index.php?rest_route=%2Fwp%2Fv2%2Fmedia&parent=6620"}],"wp:term":[{"taxonomy":"category","embeddable":true,"href":"https:\/\/marcali.plebania.hu\/index.php?rest_route=%2Fwp%2Fv2%2Fcategories&post=6620"},{"taxonomy":"post_tag","embeddable":true,"href":"https:\/\/marcali.plebania.hu\/index.php?rest_route=%2Fwp%2Fv2%2Ftags&post=6620"}],"curies":[{"name":"wp","href":"https:\/\/api.w.org\/{rel}","templated":true}]}}