{"id":6631,"date":"2025-01-24T10:02:47","date_gmt":"2025-01-24T10:02:47","guid":{"rendered":"https:\/\/marcali.plebania.hu\/?p=6631"},"modified":"2025-01-28T10:03:22","modified_gmt":"2025-01-28T10:03:22","slug":"tomanek-peter-miert-hiszek-kesz-eloadas-az-x-hazban","status":"publish","type":"post","link":"https:\/\/marcali.plebania.hu\/?p=6631","title":{"rendered":"Tomanek P\u00e9ter: Mi\u00e9rt hiszek? \u2013 K\u00c9SZ el\u0151ad\u00e1s az X-h\u00e1zban"},"content":{"rendered":"\n<p>2025. janu\u00e1r 23-\u00e1n, cs\u00fct\u00f6rt\u00f6k\u00f6n 17.30 \u00f3rakor Tomanek P\u00e9ter p\u00fcsp\u00f6ki irodavezet\u0151, si\u00f3foki pl\u00e9b\u00e1nos celebr\u00e1lt \u00fcnnepi szentmis\u00e9t Tomanek Ferenc \u00c1ron marcali pl\u00e9b\u00e1nos k\u00f6zrem\u0171k\u00f6d\u00e9s\u00e9vel a Gy\u00fcm\u00f6lcsolt\u00f3 Boldogasszony Pl\u00e9b\u00e1niatemplomban.<\/p>\n\n\n\n<p><\/p>\n\n\n\n<figure class=\"wp-block-gallery has-nested-images columns-default is-cropped wp-block-gallery-1 is-layout-flex wp-block-gallery-is-layout-flex\">\n<figure class=\"wp-block-image size-large\"><img loading=\"lazy\" decoding=\"async\" width=\"1024\" height=\"683\" data-id=\"6634\" src=\"https:\/\/marcali.plebania.hu\/wp-content\/uploads\/2025\/01\/03-5-1024x683.jpg\" alt=\"\" class=\"wp-image-6634\" srcset=\"https:\/\/marcali.plebania.hu\/wp-content\/uploads\/2025\/01\/03-5-1024x683.jpg 1024w, https:\/\/marcali.plebania.hu\/wp-content\/uploads\/2025\/01\/03-5-300x200.jpg 300w, https:\/\/marcali.plebania.hu\/wp-content\/uploads\/2025\/01\/03-5-768x512.jpg 768w, https:\/\/marcali.plebania.hu\/wp-content\/uploads\/2025\/01\/03-5-1536x1024.jpg 1536w, https:\/\/marcali.plebania.hu\/wp-content\/uploads\/2025\/01\/03-5-2048x1365.jpg 2048w, https:\/\/marcali.plebania.hu\/wp-content\/uploads\/2025\/01\/03-5-405x270.jpg 405w\" sizes=\"auto, (max-width: 1024px) 100vw, 1024px\" \/><\/figure>\n\n\n\n<figure class=\"wp-block-image size-large\"><img loading=\"lazy\" decoding=\"async\" width=\"1024\" height=\"683\" data-id=\"6636\" src=\"https:\/\/marcali.plebania.hu\/wp-content\/uploads\/2025\/01\/06-2-1024x683.jpg\" alt=\"\" class=\"wp-image-6636\" srcset=\"https:\/\/marcali.plebania.hu\/wp-content\/uploads\/2025\/01\/06-2-1024x683.jpg 1024w, https:\/\/marcali.plebania.hu\/wp-content\/uploads\/2025\/01\/06-2-300x200.jpg 300w, https:\/\/marcali.plebania.hu\/wp-content\/uploads\/2025\/01\/06-2-768x512.jpg 768w, https:\/\/marcali.plebania.hu\/wp-content\/uploads\/2025\/01\/06-2-1536x1024.jpg 1536w, https:\/\/marcali.plebania.hu\/wp-content\/uploads\/2025\/01\/06-2-2048x1365.jpg 2048w, https:\/\/marcali.plebania.hu\/wp-content\/uploads\/2025\/01\/06-2-405x270.jpg 405w\" sizes=\"auto, (max-width: 1024px) 100vw, 1024px\" \/><\/figure>\n\n\n\n<figure class=\"wp-block-image size-large\"><img loading=\"lazy\" decoding=\"async\" width=\"1024\" height=\"683\" data-id=\"6632\" src=\"https:\/\/marcali.plebania.hu\/wp-content\/uploads\/2025\/01\/04-5-1024x683.jpg\" alt=\"\" class=\"wp-image-6632\" srcset=\"https:\/\/marcali.plebania.hu\/wp-content\/uploads\/2025\/01\/04-5-1024x683.jpg 1024w, https:\/\/marcali.plebania.hu\/wp-content\/uploads\/2025\/01\/04-5-300x200.jpg 300w, https:\/\/marcali.plebania.hu\/wp-content\/uploads\/2025\/01\/04-5-768x512.jpg 768w, https:\/\/marcali.plebania.hu\/wp-content\/uploads\/2025\/01\/04-5-1536x1024.jpg 1536w, https:\/\/marcali.plebania.hu\/wp-content\/uploads\/2025\/01\/04-5-2048x1365.jpg 2048w, https:\/\/marcali.plebania.hu\/wp-content\/uploads\/2025\/01\/04-5-405x270.jpg 405w\" sizes=\"auto, (max-width: 1024px) 100vw, 1024px\" \/><\/figure>\n<\/figure>\n\n\n\n<figure class=\"wp-block-image size-large\"><img loading=\"lazy\" decoding=\"async\" width=\"1024\" height=\"683\" src=\"https:\/\/marcali.plebania.hu\/wp-content\/uploads\/2025\/01\/02-5-1024x683.jpg\" alt=\"\" class=\"wp-image-6633\" srcset=\"https:\/\/marcali.plebania.hu\/wp-content\/uploads\/2025\/01\/02-5-1024x683.jpg 1024w, https:\/\/marcali.plebania.hu\/wp-content\/uploads\/2025\/01\/02-5-300x200.jpg 300w, https:\/\/marcali.plebania.hu\/wp-content\/uploads\/2025\/01\/02-5-768x512.jpg 768w, https:\/\/marcali.plebania.hu\/wp-content\/uploads\/2025\/01\/02-5-1536x1024.jpg 1536w, https:\/\/marcali.plebania.hu\/wp-content\/uploads\/2025\/01\/02-5-2048x1365.jpg 2048w, https:\/\/marcali.plebania.hu\/wp-content\/uploads\/2025\/01\/02-5-405x270.jpg 405w\" sizes=\"auto, (max-width: 1024px) 100vw, 1024px\" \/><\/figure>\n\n\n\n<p>Az istentiszteletet k\u00f6vet\u0151en a vend\u00e9g atya 18.15 \u00f3r\u00e1t\u00f3l \u201eMi\u00e9rt hiszek?\u201d c\u00edmmel pedig tan\u00fas\u00e1gtev\u0151 el\u0151ad\u00e1st tartott az egyh\u00e1zk\u00f6zs\u00e9g k\u00f6z\u00f6ss\u00e9gi h\u00e1z\u00e1ban (X-h\u00e1z, D\u00f3zsa u. 3.). A telt h\u00e1zas rendezv\u00e9ny r\u00e9sztvev\u0151it els\u0151k\u00e9nt Kiss K\u00e1lm\u00e1n, a K\u00c9SZ helyi csoportj\u00e1nak eln\u00f6ke k\u00f6sz\u00f6nt\u00f6tte. Majd pedig Molik Edit, az el\u0151ad\u00e1s sorozat \u00f6tletgazd\u00e1ja \u00e9s szervez\u0151je vette \u00e1t a sz\u00f3t, aki bevezet\u0151j\u00e9ben r\u00f6viden ismertette a hallgat\u00f3s\u00e1ggal Tomanek P\u00e9ter atya papi \u00e9let\u00fatj\u00e1t.<\/p>\n\n\n\n<figure class=\"wp-block-gallery has-nested-images columns-default is-cropped wp-block-gallery-2 is-layout-flex wp-block-gallery-is-layout-flex\">\n<figure class=\"wp-block-image size-large\"><img loading=\"lazy\" decoding=\"async\" width=\"1024\" height=\"683\" data-id=\"6646\" src=\"https:\/\/marcali.plebania.hu\/wp-content\/uploads\/2025\/01\/09-2-1024x683.jpg\" alt=\"\" class=\"wp-image-6646\" srcset=\"https:\/\/marcali.plebania.hu\/wp-content\/uploads\/2025\/01\/09-2-1024x683.jpg 1024w, https:\/\/marcali.plebania.hu\/wp-content\/uploads\/2025\/01\/09-2-300x200.jpg 300w, https:\/\/marcali.plebania.hu\/wp-content\/uploads\/2025\/01\/09-2-768x512.jpg 768w, https:\/\/marcali.plebania.hu\/wp-content\/uploads\/2025\/01\/09-2-1536x1024.jpg 1536w, https:\/\/marcali.plebania.hu\/wp-content\/uploads\/2025\/01\/09-2-2048x1365.jpg 2048w, https:\/\/marcali.plebania.hu\/wp-content\/uploads\/2025\/01\/09-2-405x270.jpg 405w\" sizes=\"auto, (max-width: 1024px) 100vw, 1024px\" \/><\/figure>\n\n\n\n<figure class=\"wp-block-image size-large\"><img loading=\"lazy\" decoding=\"async\" width=\"1024\" height=\"683\" data-id=\"6648\" src=\"https:\/\/marcali.plebania.hu\/wp-content\/uploads\/2025\/01\/07-2-1024x683.jpg\" alt=\"\" class=\"wp-image-6648\" srcset=\"https:\/\/marcali.plebania.hu\/wp-content\/uploads\/2025\/01\/07-2-1024x683.jpg 1024w, https:\/\/marcali.plebania.hu\/wp-content\/uploads\/2025\/01\/07-2-300x200.jpg 300w, https:\/\/marcali.plebania.hu\/wp-content\/uploads\/2025\/01\/07-2-768x512.jpg 768w, https:\/\/marcali.plebania.hu\/wp-content\/uploads\/2025\/01\/07-2-1536x1024.jpg 1536w, https:\/\/marcali.plebania.hu\/wp-content\/uploads\/2025\/01\/07-2-2048x1365.jpg 2048w, https:\/\/marcali.plebania.hu\/wp-content\/uploads\/2025\/01\/07-2-405x270.jpg 405w\" sizes=\"auto, (max-width: 1024px) 100vw, 1024px\" \/><\/figure>\n\n\n\n<figure class=\"wp-block-image size-large\"><img loading=\"lazy\" decoding=\"async\" width=\"1024\" height=\"683\" data-id=\"6644\" src=\"https:\/\/marcali.plebania.hu\/wp-content\/uploads\/2025\/01\/10-1-1024x683.jpg\" alt=\"\" class=\"wp-image-6644\" srcset=\"https:\/\/marcali.plebania.hu\/wp-content\/uploads\/2025\/01\/10-1-1024x683.jpg 1024w, https:\/\/marcali.plebania.hu\/wp-content\/uploads\/2025\/01\/10-1-300x200.jpg 300w, https:\/\/marcali.plebania.hu\/wp-content\/uploads\/2025\/01\/10-1-768x512.jpg 768w, https:\/\/marcali.plebania.hu\/wp-content\/uploads\/2025\/01\/10-1-1536x1024.jpg 1536w, https:\/\/marcali.plebania.hu\/wp-content\/uploads\/2025\/01\/10-1-2048x1365.jpg 2048w, https:\/\/marcali.plebania.hu\/wp-content\/uploads\/2025\/01\/10-1-405x270.jpg 405w\" sizes=\"auto, (max-width: 1024px) 100vw, 1024px\" \/><\/figure>\n\n\n\n<figure class=\"wp-block-image size-large\"><img loading=\"lazy\" decoding=\"async\" width=\"1024\" height=\"683\" data-id=\"6647\" src=\"https:\/\/marcali.plebania.hu\/wp-content\/uploads\/2025\/01\/12-2-1024x683.jpg\" alt=\"\" class=\"wp-image-6647\" srcset=\"https:\/\/marcali.plebania.hu\/wp-content\/uploads\/2025\/01\/12-2-1024x683.jpg 1024w, https:\/\/marcali.plebania.hu\/wp-content\/uploads\/2025\/01\/12-2-300x200.jpg 300w, https:\/\/marcali.plebania.hu\/wp-content\/uploads\/2025\/01\/12-2-768x512.jpg 768w, https:\/\/marcali.plebania.hu\/wp-content\/uploads\/2025\/01\/12-2-1536x1024.jpg 1536w, https:\/\/marcali.plebania.hu\/wp-content\/uploads\/2025\/01\/12-2-2048x1365.jpg 2048w, https:\/\/marcali.plebania.hu\/wp-content\/uploads\/2025\/01\/12-2-405x270.jpg 405w\" sizes=\"auto, (max-width: 1024px) 100vw, 1024px\" \/><\/figure>\n<\/figure>\n\n\n\n<p>Ezut\u00e1n a Kaposv\u00e1ri Egyh\u00e1zmegye p\u00fcsp\u00f6ki irodavezet\u0151je, si\u00f3foki pl\u00e9b\u00e1nos besz\u00e9lt \u00e9let\u00e9r\u0151l, papi p\u00e1ly\u00e1j\u00e1r\u00f3l, r\u00f3mai tanulm\u00e1nyair\u00f3l, valamint a perui misszi\u00f3s \u00fatj\u00e1r\u00f3l. R\u00f6viden besz\u00e1molt az ott \u00e9l\u0151 emberek \u00e9letk\u00f6r\u00fclm\u00e9nyeir\u0151l, \u00e9s vall\u00e1soss\u00e1g\u00e1r\u00f3l. A vet\u00edtett k\u00e9pes-el\u0151ad\u00e1son bemutatta a perui Cusco tartom\u00e1nyban tal\u00e1lhat\u00f3 San Jer\u00f3nimo pl\u00e9b\u00e1nia k\u00f6z\u00f6ss\u00e9g\u00e9t, lak\u00f3it. A lakoss\u00e1g nagy r\u00e9sze kecsua nyelven besz\u00e9l \u00e9s katolikus vall\u00e1s\u00fa. De hit\u00fcket a spanyol h\u00f3d\u00edt\u00f3kt\u00f3l \u00f6r\u00f6k\u00f6lt \u201ehagyom\u00e1nyokkal egy\u00fctt\u201d \u00e9lik meg, ami az eur\u00f3pai ember sz\u00e1m\u00e1ra szokatlan. Az ott \u00e9l\u0151k nagyon szer\u00e9ny k\u00f6r\u00fclm\u00e9nyek k\u00f6z\u00f6tt \u00e9lnek, t\u00f6bbnyire v\u00e1lyog h\u00e1zakban laknak, s legink\u00e1bb \u00e1llatokkal sz\u00e1ntj\u00e1k a f\u00f6ldeket. A traktor viszonylag ritka j\u00e1rm\u0171nek sz\u00e1m\u00edt a mez\u0151gazdas\u00e1gban. Viszont az \u00fcnnepeiket mindig nagy k\u00fcls\u0151s\u00e9gek k\u00f6z\u00f6tt tartj\u00e1k meg, \u00e9s a k\u00f6rmeneteik is nagyszab\u00e1s\u00faak. Perut az Andok szeli kett\u00e9, l\u00e9nyeg\u00e9ben az \u00f3ce\u00e1n, a sivatag, az es\u0151er\u0151k \u00e9s a magas hegyek orsz\u00e1ga. A Szent Jeromos pl\u00e9b\u00e1ni\u00e1n r\u00e9g\u00f3ta tev\u00e9kenyked\u0151 misszi\u00f3s Mikl\u00f3s atya szerint az ink\u00e1k \u00e9s a magyarok k\u00f6z\u00f6tt rokons\u00e1g lehet, mivel mindk\u00e9t n\u00e9pn\u00e9l a csal\u00e1dn\u00e9v ut\u00e1n szerepel a keresztn\u00e9v; valamint mindk\u00e9t nemzet \u201es\u00edrva vigad\u201d. P\u00e9ter atya v\u00e9g\u00fcl kijelentette, hogy \u00fagy \u00e9lte meg ezeket az id\u0151ket, mint aki egy id\u0151utaz\u00e1sban vesz r\u00e9szt \u00e9s a k\u00f6z\u00e9pkorba cs\u00f6ppent volna. S v\u00e9g\u00fcl a k\u00e9rd\u00e9sre, hogy: mi\u00e9rt hisz? Azt a v\u00e1laszt adta, hogy ez az \u00fat a: \u201eGondvisel\u00e9s \u00e1lland\u00f3 megtapasztal\u00e1sa volt\u201d. Hiszen a misszi\u00f3ban csak az Istenre val\u00f3 teljes hagyatkoz\u00e1s, valamint a m\u00e1r elhunyt ferences szerzetes nagyb\u00e1csi \u00e9gi k\u00f6zbenj\u00e1r\u00e1sa seg\u00edtette \u0151t az \u00fatk\u00f6zben ad\u00f3d\u00f3 neh\u00e9zs\u00e9gek megold\u00f3d\u00e1s\u00e1ban.<\/p>\n\n\n\n<figure class=\"wp-block-gallery has-nested-images columns-default is-cropped wp-block-gallery-3 is-layout-flex wp-block-gallery-is-layout-flex\">\n<figure class=\"wp-block-image size-large\"><img loading=\"lazy\" decoding=\"async\" width=\"1024\" height=\"683\" data-id=\"6643\" src=\"https:\/\/marcali.plebania.hu\/wp-content\/uploads\/2025\/01\/18-2-1024x683.jpg\" alt=\"\" class=\"wp-image-6643\" srcset=\"https:\/\/marcali.plebania.hu\/wp-content\/uploads\/2025\/01\/18-2-1024x683.jpg 1024w, https:\/\/marcali.plebania.hu\/wp-content\/uploads\/2025\/01\/18-2-300x200.jpg 300w, https:\/\/marcali.plebania.hu\/wp-content\/uploads\/2025\/01\/18-2-768x512.jpg 768w, https:\/\/marcali.plebania.hu\/wp-content\/uploads\/2025\/01\/18-2-1536x1024.jpg 1536w, https:\/\/marcali.plebania.hu\/wp-content\/uploads\/2025\/01\/18-2-2048x1365.jpg 2048w, https:\/\/marcali.plebania.hu\/wp-content\/uploads\/2025\/01\/18-2-405x270.jpg 405w\" sizes=\"auto, (max-width: 1024px) 100vw, 1024px\" \/><\/figure>\n\n\n\n<figure class=\"wp-block-image size-large\"><img loading=\"lazy\" decoding=\"async\" width=\"1024\" height=\"683\" data-id=\"6639\" src=\"https:\/\/marcali.plebania.hu\/wp-content\/uploads\/2025\/01\/26-1-1024x683.jpg\" alt=\"\" class=\"wp-image-6639\" srcset=\"https:\/\/marcali.plebania.hu\/wp-content\/uploads\/2025\/01\/26-1-1024x683.jpg 1024w, https:\/\/marcali.plebania.hu\/wp-content\/uploads\/2025\/01\/26-1-300x200.jpg 300w, https:\/\/marcali.plebania.hu\/wp-content\/uploads\/2025\/01\/26-1-768x512.jpg 768w, https:\/\/marcali.plebania.hu\/wp-content\/uploads\/2025\/01\/26-1-1536x1024.jpg 1536w, https:\/\/marcali.plebania.hu\/wp-content\/uploads\/2025\/01\/26-1-2048x1365.jpg 2048w, https:\/\/marcali.plebania.hu\/wp-content\/uploads\/2025\/01\/26-1-405x270.jpg 405w\" sizes=\"auto, (max-width: 1024px) 100vw, 1024px\" \/><\/figure>\n\n\n\n<figure class=\"wp-block-image size-large\"><img loading=\"lazy\" decoding=\"async\" width=\"1024\" height=\"683\" data-id=\"6638\" src=\"https:\/\/marcali.plebania.hu\/wp-content\/uploads\/2025\/01\/23-1024x683.jpg\" alt=\"\" class=\"wp-image-6638\" srcset=\"https:\/\/marcali.plebania.hu\/wp-content\/uploads\/2025\/01\/23-1024x683.jpg 1024w, https:\/\/marcali.plebania.hu\/wp-content\/uploads\/2025\/01\/23-300x200.jpg 300w, https:\/\/marcali.plebania.hu\/wp-content\/uploads\/2025\/01\/23-768x512.jpg 768w, https:\/\/marcali.plebania.hu\/wp-content\/uploads\/2025\/01\/23-1536x1024.jpg 1536w, https:\/\/marcali.plebania.hu\/wp-content\/uploads\/2025\/01\/23-2048x1365.jpg 2048w, https:\/\/marcali.plebania.hu\/wp-content\/uploads\/2025\/01\/23-405x270.jpg 405w\" sizes=\"auto, (max-width: 1024px) 100vw, 1024px\" \/><\/figure>\n\n\n\n<figure class=\"wp-block-image size-large\"><img loading=\"lazy\" decoding=\"async\" width=\"1024\" height=\"683\" data-id=\"6641\" src=\"https:\/\/marcali.plebania.hu\/wp-content\/uploads\/2025\/01\/24-1024x683.jpg\" alt=\"\" class=\"wp-image-6641\" srcset=\"https:\/\/marcali.plebania.hu\/wp-content\/uploads\/2025\/01\/24-1024x683.jpg 1024w, https:\/\/marcali.plebania.hu\/wp-content\/uploads\/2025\/01\/24-300x200.jpg 300w, https:\/\/marcali.plebania.hu\/wp-content\/uploads\/2025\/01\/24-768x512.jpg 768w, https:\/\/marcali.plebania.hu\/wp-content\/uploads\/2025\/01\/24-1536x1024.jpg 1536w, https:\/\/marcali.plebania.hu\/wp-content\/uploads\/2025\/01\/24-2048x1365.jpg 2048w, https:\/\/marcali.plebania.hu\/wp-content\/uploads\/2025\/01\/24-405x270.jpg 405w\" sizes=\"auto, (max-width: 1024px) 100vw, 1024px\" \/><\/figure>\n<\/figure>\n\n\n\n<p>A sikeres estet Molik Edit nyugd\u00edjas kaposv\u00e1ri \u00f3vodavezet\u0151, Tomanek Ferenc \u00c1ron pl\u00e9b\u00e1nos, illet\u0151leg a Marcali R\u00f3mai Katolikus Pl\u00e9b\u00e1nia, \u00e9s a K\u00c9SZ Marcali Csoportja k\u00f6z\u00f6sen szervezte, melyen nemcsak a h\u00edvek, \u00e9rdekl\u0151d\u0151k, hanem \u00f6nkorm\u00e1nyzati k\u00e9pvisel\u0151k, valamint t\u00f6bb helyi civil szervezet vezet\u0151je \u00e9s tagja is k\u00e9pviseltette mag\u00e1t.<\/p>\n\n\n\n<figure class=\"wp-block-gallery has-nested-images columns-default is-cropped wp-block-gallery-4 is-layout-flex wp-block-gallery-is-layout-flex\">\n<figure class=\"wp-block-image size-large\"><img loading=\"lazy\" decoding=\"async\" width=\"1024\" height=\"683\" data-id=\"6650\" src=\"https:\/\/marcali.plebania.hu\/wp-content\/uploads\/2025\/01\/29-1024x683.jpg\" alt=\"\" class=\"wp-image-6650\" srcset=\"https:\/\/marcali.plebania.hu\/wp-content\/uploads\/2025\/01\/29-1024x683.jpg 1024w, https:\/\/marcali.plebania.hu\/wp-content\/uploads\/2025\/01\/29-300x200.jpg 300w, https:\/\/marcali.plebania.hu\/wp-content\/uploads\/2025\/01\/29-768x512.jpg 768w, https:\/\/marcali.plebania.hu\/wp-content\/uploads\/2025\/01\/29-1536x1024.jpg 1536w, https:\/\/marcali.plebania.hu\/wp-content\/uploads\/2025\/01\/29-2048x1365.jpg 2048w, https:\/\/marcali.plebania.hu\/wp-content\/uploads\/2025\/01\/29-405x270.jpg 405w\" sizes=\"auto, (max-width: 1024px) 100vw, 1024px\" \/><\/figure>\n\n\n\n<figure class=\"wp-block-image size-large\"><img loading=\"lazy\" decoding=\"async\" width=\"1024\" height=\"683\" data-id=\"6654\" src=\"https:\/\/marcali.plebania.hu\/wp-content\/uploads\/2025\/01\/14-2-1024x683.jpg\" alt=\"\" class=\"wp-image-6654\" srcset=\"https:\/\/marcali.plebania.hu\/wp-content\/uploads\/2025\/01\/14-2-1024x683.jpg 1024w, https:\/\/marcali.plebania.hu\/wp-content\/uploads\/2025\/01\/14-2-300x200.jpg 300w, https:\/\/marcali.plebania.hu\/wp-content\/uploads\/2025\/01\/14-2-768x512.jpg 768w, https:\/\/marcali.plebania.hu\/wp-content\/uploads\/2025\/01\/14-2-1536x1024.jpg 1536w, https:\/\/marcali.plebania.hu\/wp-content\/uploads\/2025\/01\/14-2-2048x1365.jpg 2048w, https:\/\/marcali.plebania.hu\/wp-content\/uploads\/2025\/01\/14-2-405x270.jpg 405w\" sizes=\"auto, (max-width: 1024px) 100vw, 1024px\" \/><\/figure>\n\n\n\n<figure class=\"wp-block-image size-large\"><img loading=\"lazy\" decoding=\"async\" width=\"1024\" height=\"683\" data-id=\"6652\" src=\"https:\/\/marcali.plebania.hu\/wp-content\/uploads\/2025\/01\/31-1024x683.jpg\" alt=\"\" class=\"wp-image-6652\" srcset=\"https:\/\/marcali.plebania.hu\/wp-content\/uploads\/2025\/01\/31-1024x683.jpg 1024w, https:\/\/marcali.plebania.hu\/wp-content\/uploads\/2025\/01\/31-300x200.jpg 300w, https:\/\/marcali.plebania.hu\/wp-content\/uploads\/2025\/01\/31-768x512.jpg 768w, https:\/\/marcali.plebania.hu\/wp-content\/uploads\/2025\/01\/31-1536x1024.jpg 1536w, https:\/\/marcali.plebania.hu\/wp-content\/uploads\/2025\/01\/31-2048x1365.jpg 2048w, https:\/\/marcali.plebania.hu\/wp-content\/uploads\/2025\/01\/31-405x270.jpg 405w\" sizes=\"auto, (max-width: 1024px) 100vw, 1024px\" \/><\/figure>\n\n\n\n<figure class=\"wp-block-image size-large\"><img loading=\"lazy\" decoding=\"async\" width=\"1024\" height=\"683\" data-id=\"6653\" src=\"https:\/\/marcali.plebania.hu\/wp-content\/uploads\/2025\/01\/32-1024x683.jpg\" alt=\"\" class=\"wp-image-6653\" srcset=\"https:\/\/marcali.plebania.hu\/wp-content\/uploads\/2025\/01\/32-1024x683.jpg 1024w, https:\/\/marcali.plebania.hu\/wp-content\/uploads\/2025\/01\/32-300x200.jpg 300w, https:\/\/marcali.plebania.hu\/wp-content\/uploads\/2025\/01\/32-768x512.jpg 768w, https:\/\/marcali.plebania.hu\/wp-content\/uploads\/2025\/01\/32-1536x1024.jpg 1536w, https:\/\/marcali.plebania.hu\/wp-content\/uploads\/2025\/01\/32-2048x1365.jpg 2048w, https:\/\/marcali.plebania.hu\/wp-content\/uploads\/2025\/01\/32-405x270.jpg 405w\" sizes=\"auto, (max-width: 1024px) 100vw, 1024px\" \/><\/figure>\n<\/figure>\n\n\n\n<p>\u00cdrta: K\u00c9SZ Marcali Csoport\/Kiss K\u00e1lm\u00e1n<\/p>\n\n\n\n<p>Fot\u00f3k: Cservenyi-Jakabovits Eszter, Kiss K\u00e1lm\u00e1n<\/p>\n","protected":false},"excerpt":{"rendered":"<p>2025. janu\u00e1r 23-\u00e1n, cs\u00fct\u00f6rt\u00f6k\u00f6n 17.30 \u00f3rakor Tomanek P\u00e9ter p\u00fcsp\u00f6ki irodavezet\u0151, si\u00f3foki pl\u00e9b\u00e1nos celebr\u00e1lt \u00fcnnepi szentmis\u00e9t Tomanek Ferenc \u00c1ron marcali pl\u00e9b\u00e1nos k\u00f6zrem\u0171k\u00f6d\u00e9s\u00e9vel a Gy\u00fcm\u00f6lcsolt\u00f3 Boldogasszony Pl\u00e9b\u00e1niatemplomban. Az istentiszteletet k\u00f6vet\u0151en a vend\u00e9g atya 18.15 \u00f3r\u00e1t\u00f3l \u201eMi\u00e9rt hiszek?\u201d c\u00edmmel pedig tan\u00fas\u00e1gtev\u0151 el\u0151ad\u00e1st tartott az egyh\u00e1zk\u00f6zs\u00e9g k\u00f6z\u00f6ss\u00e9gi h\u00e1z\u00e1ban (X-h\u00e1z, D\u00f3zsa u. 3.). A telt h\u00e1zas rendezv\u00e9ny r\u00e9sztvev\u0151it els\u0151k\u00e9nt Kiss K\u00e1lm\u00e1n, a K\u00c9SZ helyi csoportj\u00e1nak eln\u00f6ke k\u00f6sz\u00f6nt\u00f6tte. Majd pedig Molik Edit, az el\u0151ad\u00e1s sorozat \u00f6tletgazd\u00e1ja \u00e9s szervez\u0151je vette \u00e1t a sz\u00f3t, aki bevezet\u0151j\u00e9ben r\u00f6viden ismertette&#8230;<\/p>\n<p class=\"read-more\"><a class=\"btn btn-default\" href=\"https:\/\/marcali.plebania.hu\/?p=6631\"> Read More<span class=\"screen-reader-text\">  Read More<\/span><\/a><\/p>\n","protected":false},"author":2,"featured_media":0,"comment_status":"closed","ping_status":"open","sticky":false,"template":"","format":"standard","meta":{"footnotes":""},"categories":[1],"tags":[],"class_list":["post-6631","post","type-post","status-publish","format-standard","hentry","category-egyeb"],"_links":{"self":[{"href":"https:\/\/marcali.plebania.hu\/index.php?rest_route=\/wp\/v2\/posts\/6631","targetHints":{"allow":["GET"]}}],"collection":[{"href":"https:\/\/marcali.plebania.hu\/index.php?rest_route=\/wp\/v2\/posts"}],"about":[{"href":"https:\/\/marcali.plebania.hu\/index.php?rest_route=\/wp\/v2\/types\/post"}],"author":[{"embeddable":true,"href":"https:\/\/marcali.plebania.hu\/index.php?rest_route=\/wp\/v2\/users\/2"}],"replies":[{"embeddable":true,"href":"https:\/\/marcali.plebania.hu\/index.php?rest_route=%2Fwp%2Fv2%2Fcomments&post=6631"}],"version-history":[{"count":1,"href":"https:\/\/marcali.plebania.hu\/index.php?rest_route=\/wp\/v2\/posts\/6631\/revisions"}],"predecessor-version":[{"id":6655,"href":"https:\/\/marcali.plebania.hu\/index.php?rest_route=\/wp\/v2\/posts\/6631\/revisions\/6655"}],"wp:attachment":[{"href":"https:\/\/marcali.plebania.hu\/index.php?rest_route=%2Fwp%2Fv2%2Fmedia&parent=6631"}],"wp:term":[{"taxonomy":"category","embeddable":true,"href":"https:\/\/marcali.plebania.hu\/index.php?rest_route=%2Fwp%2Fv2%2Fcategories&post=6631"},{"taxonomy":"post_tag","embeddable":true,"href":"https:\/\/marcali.plebania.hu\/index.php?rest_route=%2Fwp%2Fv2%2Ftags&post=6631"}],"curies":[{"name":"wp","href":"https:\/\/api.w.org\/{rel}","templated":true}]}}