{"id":6656,"date":"2025-01-28T10:09:32","date_gmt":"2025-01-28T10:09:32","guid":{"rendered":"https:\/\/marcali.plebania.hu\/?p=6656"},"modified":"2025-01-28T10:09:32","modified_gmt":"2025-01-28T10:09:32","slug":"kozos-imadsaggal-zarult-marcaliban-az-okumenikus-imahet","status":"publish","type":"post","link":"https:\/\/marcali.plebania.hu\/?p=6656","title":{"rendered":"K\u00f6z\u00f6s im\u00e1ds\u00e1ggal z\u00e1rult Marcaliban az \u00f6kumenikus imah\u00e9t"},"content":{"rendered":"\n<p>2025. janu\u00e1r 26-\u00e1n, vas\u00e1rnap 9 \u00f3rakor k\u00f6z\u00f6s ima\u00f3r\u00e1val z\u00e1rult az \u00f6kumenikus imah\u00e9t Marcaliban, melyet Tomanek Ferenc \u00c1ron pl\u00e9b\u00e1nos vezetett a Gy\u00fcm\u00f6lcsolt\u00f3 Boldogasszony pl\u00e9b\u00e1niatemplomban.<\/p>\n\n\n\n<p>Ig\u00e9t nagytisztelet\u0171 Fazekas Kriszti\u00e1n \u00c1rp\u00e1d reform\u00e1tus lelkip\u00e1sztor hirdetett a jelenl\u00e9v\u0151 katolikus, reform\u00e1tus \u00e9s evang\u00e9likus h\u00edveknek.<\/p>\n\n\n\n<figure class=\"wp-block-gallery has-nested-images columns-default is-cropped wp-block-gallery-1 is-layout-flex wp-block-gallery-is-layout-flex\">\n<figure class=\"wp-block-image size-large\"><img loading=\"lazy\" decoding=\"async\" width=\"1024\" height=\"683\" data-id=\"6657\" src=\"https:\/\/marcali.plebania.hu\/wp-content\/uploads\/2025\/01\/01-5-1024x683.jpg\" alt=\"\" class=\"wp-image-6657\" srcset=\"https:\/\/marcali.plebania.hu\/wp-content\/uploads\/2025\/01\/01-5-1024x683.jpg 1024w, https:\/\/marcali.plebania.hu\/wp-content\/uploads\/2025\/01\/01-5-300x200.jpg 300w, https:\/\/marcali.plebania.hu\/wp-content\/uploads\/2025\/01\/01-5-768x512.jpg 768w, https:\/\/marcali.plebania.hu\/wp-content\/uploads\/2025\/01\/01-5-1536x1024.jpg 1536w, https:\/\/marcali.plebania.hu\/wp-content\/uploads\/2025\/01\/01-5-2048x1365.jpg 2048w, https:\/\/marcali.plebania.hu\/wp-content\/uploads\/2025\/01\/01-5-405x270.jpg 405w\" sizes=\"auto, (max-width: 1024px) 100vw, 1024px\" \/><\/figure>\n\n\n\n<figure class=\"wp-block-image size-large\"><img loading=\"lazy\" decoding=\"async\" width=\"1024\" height=\"683\" data-id=\"6660\" src=\"https:\/\/marcali.plebania.hu\/wp-content\/uploads\/2025\/01\/02-6-1024x683.jpg\" alt=\"\" class=\"wp-image-6660\" srcset=\"https:\/\/marcali.plebania.hu\/wp-content\/uploads\/2025\/01\/02-6-1024x683.jpg 1024w, https:\/\/marcali.plebania.hu\/wp-content\/uploads\/2025\/01\/02-6-300x200.jpg 300w, https:\/\/marcali.plebania.hu\/wp-content\/uploads\/2025\/01\/02-6-768x512.jpg 768w, https:\/\/marcali.plebania.hu\/wp-content\/uploads\/2025\/01\/02-6-1536x1024.jpg 1536w, https:\/\/marcali.plebania.hu\/wp-content\/uploads\/2025\/01\/02-6-2048x1365.jpg 2048w, https:\/\/marcali.plebania.hu\/wp-content\/uploads\/2025\/01\/02-6-405x270.jpg 405w\" sizes=\"auto, (max-width: 1024px) 100vw, 1024px\" \/><\/figure>\n\n\n\n<figure class=\"wp-block-image size-large\"><img loading=\"lazy\" decoding=\"async\" width=\"1024\" height=\"683\" data-id=\"6658\" src=\"https:\/\/marcali.plebania.hu\/wp-content\/uploads\/2025\/01\/03-6-1024x683.jpg\" alt=\"\" class=\"wp-image-6658\" srcset=\"https:\/\/marcali.plebania.hu\/wp-content\/uploads\/2025\/01\/03-6-1024x683.jpg 1024w, https:\/\/marcali.plebania.hu\/wp-content\/uploads\/2025\/01\/03-6-300x200.jpg 300w, https:\/\/marcali.plebania.hu\/wp-content\/uploads\/2025\/01\/03-6-768x512.jpg 768w, https:\/\/marcali.plebania.hu\/wp-content\/uploads\/2025\/01\/03-6-1536x1024.jpg 1536w, https:\/\/marcali.plebania.hu\/wp-content\/uploads\/2025\/01\/03-6-2048x1365.jpg 2048w, https:\/\/marcali.plebania.hu\/wp-content\/uploads\/2025\/01\/03-6-405x270.jpg 405w\" sizes=\"auto, (max-width: 1024px) 100vw, 1024px\" \/><\/figure>\n\n\n\n<figure class=\"wp-block-image size-large\"><img loading=\"lazy\" decoding=\"async\" width=\"1024\" height=\"683\" data-id=\"6659\" src=\"https:\/\/marcali.plebania.hu\/wp-content\/uploads\/2025\/01\/04-6-1024x683.jpg\" alt=\"\" class=\"wp-image-6659\" srcset=\"https:\/\/marcali.plebania.hu\/wp-content\/uploads\/2025\/01\/04-6-1024x683.jpg 1024w, https:\/\/marcali.plebania.hu\/wp-content\/uploads\/2025\/01\/04-6-300x200.jpg 300w, https:\/\/marcali.plebania.hu\/wp-content\/uploads\/2025\/01\/04-6-768x512.jpg 768w, https:\/\/marcali.plebania.hu\/wp-content\/uploads\/2025\/01\/04-6-1536x1024.jpg 1536w, https:\/\/marcali.plebania.hu\/wp-content\/uploads\/2025\/01\/04-6-2048x1365.jpg 2048w, https:\/\/marcali.plebania.hu\/wp-content\/uploads\/2025\/01\/04-6-405x270.jpg 405w\" sizes=\"auto, (max-width: 1024px) 100vw, 1024px\" \/><\/figure>\n<\/figure>\n\n\n\n<p>Az id\u00e9n orsz\u00e1gszerte janu\u00e1r 19-26. k\u00f6z\u00f6tt tartott\u00e1k meg az \u00f6kumenikus imahetet a kereszt\u00e9nyek egys\u00e9g\u00e9\u00e9rt, melynek anyag\u00e1t a bosei monasztikus k\u00f6z\u00f6ss\u00e9g szerzetesei \u00e1ll\u00edtottak \u00f6ssze. Az olaszorsz\u00e1gi kolostorban \u00e9l\u0151 testv\u00e9rek egyszer\u0171 \u00e9letet \u00e9lnek. Munk\u00e1val keresik \u00e9let\u00fck sz\u00fcks\u00e9gleteinek anyagi fedezet\u00e9t. K\u00fcl\u00f6nf\u00e9le szakm\u00e1kban dolgoznak, van gy\u00fcm\u00f6lcs\u00f6s\u00fck \u00e9s vetem\u00e9nyes kertj\u00fck, ikonfest\u0151 \u00e9s asztalos m\u0171hely\u00fck, nyomd\u00e1juk \u00e9s k\u00f6nyvkiad\u00e1suk. Teol\u00f3giai, biblikus szolg\u00e1latot folytatnak. Napi h\u00e1romszori elcsendesed\u00e9s\u00fck kegyess\u00e9gi \u00e9let\u00fck k\u00fcls\u0151 kerete.<\/p>\n\n\n\n<p>Az imah\u00e9t jelmondat\u00e1t ism\u00e9t a Bibli\u00e1b\u00f3l vett\u00e9k: \u201eHiszed-e ezt?\u201d (Jn 11,26).<\/p>\n\n\n\n<figure class=\"wp-block-gallery has-nested-images columns-default is-cropped wp-block-gallery-2 is-layout-flex wp-block-gallery-is-layout-flex\">\n<figure class=\"wp-block-image size-large\"><img loading=\"lazy\" decoding=\"async\" width=\"1024\" height=\"683\" data-id=\"6661\" src=\"https:\/\/marcali.plebania.hu\/wp-content\/uploads\/2025\/01\/05-3-1024x683.jpg\" alt=\"\" class=\"wp-image-6661\" srcset=\"https:\/\/marcali.plebania.hu\/wp-content\/uploads\/2025\/01\/05-3-1024x683.jpg 1024w, https:\/\/marcali.plebania.hu\/wp-content\/uploads\/2025\/01\/05-3-300x200.jpg 300w, https:\/\/marcali.plebania.hu\/wp-content\/uploads\/2025\/01\/05-3-768x512.jpg 768w, https:\/\/marcali.plebania.hu\/wp-content\/uploads\/2025\/01\/05-3-1536x1024.jpg 1536w, https:\/\/marcali.plebania.hu\/wp-content\/uploads\/2025\/01\/05-3-2048x1365.jpg 2048w, https:\/\/marcali.plebania.hu\/wp-content\/uploads\/2025\/01\/05-3-405x270.jpg 405w\" sizes=\"auto, (max-width: 1024px) 100vw, 1024px\" \/><\/figure>\n\n\n\n<figure class=\"wp-block-image size-large\"><img loading=\"lazy\" decoding=\"async\" width=\"1024\" height=\"683\" data-id=\"6662\" src=\"https:\/\/marcali.plebania.hu\/wp-content\/uploads\/2025\/01\/06-3-1024x683.jpg\" alt=\"\" class=\"wp-image-6662\" srcset=\"https:\/\/marcali.plebania.hu\/wp-content\/uploads\/2025\/01\/06-3-1024x683.jpg 1024w, https:\/\/marcali.plebania.hu\/wp-content\/uploads\/2025\/01\/06-3-300x200.jpg 300w, https:\/\/marcali.plebania.hu\/wp-content\/uploads\/2025\/01\/06-3-768x512.jpg 768w, https:\/\/marcali.plebania.hu\/wp-content\/uploads\/2025\/01\/06-3-1536x1024.jpg 1536w, https:\/\/marcali.plebania.hu\/wp-content\/uploads\/2025\/01\/06-3-2048x1365.jpg 2048w, https:\/\/marcali.plebania.hu\/wp-content\/uploads\/2025\/01\/06-3-405x270.jpg 405w\" sizes=\"auto, (max-width: 1024px) 100vw, 1024px\" \/><\/figure>\n\n\n\n<figure class=\"wp-block-image size-large\"><img loading=\"lazy\" decoding=\"async\" width=\"1024\" height=\"683\" data-id=\"6663\" src=\"https:\/\/marcali.plebania.hu\/wp-content\/uploads\/2025\/01\/07-3-1024x683.jpg\" alt=\"\" class=\"wp-image-6663\" srcset=\"https:\/\/marcali.plebania.hu\/wp-content\/uploads\/2025\/01\/07-3-1024x683.jpg 1024w, https:\/\/marcali.plebania.hu\/wp-content\/uploads\/2025\/01\/07-3-300x200.jpg 300w, https:\/\/marcali.plebania.hu\/wp-content\/uploads\/2025\/01\/07-3-768x512.jpg 768w, https:\/\/marcali.plebania.hu\/wp-content\/uploads\/2025\/01\/07-3-1536x1024.jpg 1536w, https:\/\/marcali.plebania.hu\/wp-content\/uploads\/2025\/01\/07-3-2048x1365.jpg 2048w, https:\/\/marcali.plebania.hu\/wp-content\/uploads\/2025\/01\/07-3-405x270.jpg 405w\" sizes=\"auto, (max-width: 1024px) 100vw, 1024px\" \/><\/figure>\n\n\n\n<figure class=\"wp-block-image size-large\"><img loading=\"lazy\" decoding=\"async\" width=\"1024\" height=\"683\" data-id=\"6664\" src=\"https:\/\/marcali.plebania.hu\/wp-content\/uploads\/2025\/01\/08-2-1024x683.jpg\" alt=\"\" class=\"wp-image-6664\" srcset=\"https:\/\/marcali.plebania.hu\/wp-content\/uploads\/2025\/01\/08-2-1024x683.jpg 1024w, https:\/\/marcali.plebania.hu\/wp-content\/uploads\/2025\/01\/08-2-300x200.jpg 300w, https:\/\/marcali.plebania.hu\/wp-content\/uploads\/2025\/01\/08-2-768x512.jpg 768w, https:\/\/marcali.plebania.hu\/wp-content\/uploads\/2025\/01\/08-2-1536x1024.jpg 1536w, https:\/\/marcali.plebania.hu\/wp-content\/uploads\/2025\/01\/08-2-2048x1365.jpg 2048w, https:\/\/marcali.plebania.hu\/wp-content\/uploads\/2025\/01\/08-2-405x270.jpg 405w\" sizes=\"auto, (max-width: 1024px) 100vw, 1024px\" \/><\/figure>\n<\/figure>\n\n\n\n<p>A Magyarorsz\u00e1gi Egyh\u00e1zak \u00d6kumenikus Tan\u00e1cs\u00e1nak ir\u00e1nymutat\u00e1sai alapj\u00e1n k\u00e9sz\u00edtett imaf\u00fczetben err\u0151l a k\u00f6vetkez\u0151k szerepelnek: \u201eA 2025. \u00e9v igazi \u00f6kumenikus esztend\u0151. A niceai zsinat 1700. \u00e9vfordul\u00f3ja \u00e9s az itt elfogadott egyik legr\u00e9gebbi kereszt\u00e9ny hitvall\u00e1sunk keletkez\u00e9s\u00e9nek esztendeje. Nagy Konstantin cs\u00e1sz\u00e1r nev\u00e9hez f\u0171z\u0151dik egy \u00faj korszak kezdete, amikor is a kereszt\u00e9ny hit elfogadott vall\u00e1s lett a r\u00f3mai birodalom ter\u00fclet\u00e9n, s befejez\u0151dik a kereszt\u00e9ny\u00fcld\u00f6z\u00e9s id\u0151szaka.<\/p>\n\n\n\n<p>A t\u00f6rt\u00e9nelmi visszatekint\u00e9s \u00e9s eml\u00e9kez\u00e9s c\u00e9lja imahet\u00fcnk alkalmain kett\u0151s: h\u00e1l\u00e1val eml\u00e9kezni azokra, akik a IV. sz\u00e1zad elej\u00e9n felel\u0151s hittel fontosnak tartott\u00e1k kereszt\u00e9ny hit\u00fcnk \u00f6sszefoglal\u00e1s\u00e1t, ny\u00edlt \u00e9s \u0151szinte megvall\u00e1s\u00e1t. Ugyanakkor t\u00fckr\u00f6t tartanak el\u00e9nk s k\u00e9rd\u00e9sk\u00e9nt hangzik lelk\u00fcnkben: hissz\u00fck-e az \u0151si hitvall\u00e1sban olvasott vallom\u00e1st? K\u00e9szek vagyunk-e kereszt\u00e9ny hit\u00fcnkr\u0151l hitvall\u00e1st tenni csal\u00e1djainkban, kort\u00e1rsaink k\u00f6r\u00e9ben? Sz\u00fcks\u00e9ges-e a XXI. sz\u00e1zad nyelv\u00e9n kereszt\u00e9ny hit\u00fcnk \u00e9s erk\u00f6lcsi meggy\u0151z\u0151d\u00e9s\u00fcnk \u00fajrafogalmaz\u00e1sa t\u00f6m\u00f6r hitvall\u00e1s form\u00e1j\u00e1ban? Valljuk, hogy az Egyh\u00e1zat nem mi s nem is eleink hozt\u00e1k l\u00e9tre s tartott\u00e1k meg, hanem az, aki a mindens\u00e9g, a teljes kozmosz teremt\u0151je, megtart\u00f3ja, megszentel\u0151je \u00e9s megv\u00e1lt\u00f3ja, az egy igaz s im\u00e1d\u00e1sra m\u00e9lt\u00f3 Mindenhat\u00f3, aki Atya, Fi\u00fa \u00e9s Szentl\u00e9lek. Egyed\u00fcl \u0150t im\u00e1djuk, h\u00edvjuk seg\u00edts\u00e9g\u00fcl \u00e9s \u0150 minden rem\u00e9ny\u00fcnk forr\u00e1sa. Ebben a meggy\u0151z\u0151d\u00e9s\u00fcnkben er\u0151s\u00edtsen minket a Szentl\u00e9lek, az igazs\u00e1g \u00e9s egys\u00e9g Lelke.\u201d<\/p>\n\n\n\n<figure class=\"wp-block-gallery has-nested-images columns-default is-cropped wp-block-gallery-3 is-layout-flex wp-block-gallery-is-layout-flex\">\n<figure class=\"wp-block-image size-large\"><img loading=\"lazy\" decoding=\"async\" width=\"1024\" height=\"683\" data-id=\"6665\" src=\"https:\/\/marcali.plebania.hu\/wp-content\/uploads\/2025\/01\/10-2-1024x683.jpg\" alt=\"\" class=\"wp-image-6665\" srcset=\"https:\/\/marcali.plebania.hu\/wp-content\/uploads\/2025\/01\/10-2-1024x683.jpg 1024w, https:\/\/marcali.plebania.hu\/wp-content\/uploads\/2025\/01\/10-2-300x200.jpg 300w, https:\/\/marcali.plebania.hu\/wp-content\/uploads\/2025\/01\/10-2-768x512.jpg 768w, https:\/\/marcali.plebania.hu\/wp-content\/uploads\/2025\/01\/10-2-1536x1024.jpg 1536w, https:\/\/marcali.plebania.hu\/wp-content\/uploads\/2025\/01\/10-2-2048x1365.jpg 2048w, https:\/\/marcali.plebania.hu\/wp-content\/uploads\/2025\/01\/10-2-405x270.jpg 405w\" sizes=\"auto, (max-width: 1024px) 100vw, 1024px\" \/><\/figure>\n\n\n\n<figure class=\"wp-block-image size-large\"><img loading=\"lazy\" decoding=\"async\" width=\"1024\" height=\"683\" data-id=\"6666\" src=\"https:\/\/marcali.plebania.hu\/wp-content\/uploads\/2025\/01\/11-1-1024x683.jpg\" alt=\"\" class=\"wp-image-6666\" srcset=\"https:\/\/marcali.plebania.hu\/wp-content\/uploads\/2025\/01\/11-1-1024x683.jpg 1024w, https:\/\/marcali.plebania.hu\/wp-content\/uploads\/2025\/01\/11-1-300x200.jpg 300w, https:\/\/marcali.plebania.hu\/wp-content\/uploads\/2025\/01\/11-1-768x512.jpg 768w, https:\/\/marcali.plebania.hu\/wp-content\/uploads\/2025\/01\/11-1-1536x1024.jpg 1536w, https:\/\/marcali.plebania.hu\/wp-content\/uploads\/2025\/01\/11-1-2048x1365.jpg 2048w, https:\/\/marcali.plebania.hu\/wp-content\/uploads\/2025\/01\/11-1-405x270.jpg 405w\" sizes=\"auto, (max-width: 1024px) 100vw, 1024px\" \/><\/figure>\n\n\n\n<figure class=\"wp-block-image size-large\"><img loading=\"lazy\" decoding=\"async\" width=\"1024\" height=\"683\" data-id=\"6670\" src=\"https:\/\/marcali.plebania.hu\/wp-content\/uploads\/2025\/01\/14-3-1024x683.jpg\" alt=\"\" class=\"wp-image-6670\" srcset=\"https:\/\/marcali.plebania.hu\/wp-content\/uploads\/2025\/01\/14-3-1024x683.jpg 1024w, https:\/\/marcali.plebania.hu\/wp-content\/uploads\/2025\/01\/14-3-300x200.jpg 300w, https:\/\/marcali.plebania.hu\/wp-content\/uploads\/2025\/01\/14-3-768x512.jpg 768w, https:\/\/marcali.plebania.hu\/wp-content\/uploads\/2025\/01\/14-3-1536x1024.jpg 1536w, https:\/\/marcali.plebania.hu\/wp-content\/uploads\/2025\/01\/14-3-2048x1365.jpg 2048w, https:\/\/marcali.plebania.hu\/wp-content\/uploads\/2025\/01\/14-3-405x270.jpg 405w\" sizes=\"auto, (max-width: 1024px) 100vw, 1024px\" \/><\/figure>\n\n\n\n<figure class=\"wp-block-image size-large\"><img loading=\"lazy\" decoding=\"async\" width=\"1024\" height=\"683\" data-id=\"6669\" src=\"https:\/\/marcali.plebania.hu\/wp-content\/uploads\/2025\/01\/15-4-1024x683.jpg\" alt=\"\" class=\"wp-image-6669\" srcset=\"https:\/\/marcali.plebania.hu\/wp-content\/uploads\/2025\/01\/15-4-1024x683.jpg 1024w, https:\/\/marcali.plebania.hu\/wp-content\/uploads\/2025\/01\/15-4-300x200.jpg 300w, https:\/\/marcali.plebania.hu\/wp-content\/uploads\/2025\/01\/15-4-768x512.jpg 768w, https:\/\/marcali.plebania.hu\/wp-content\/uploads\/2025\/01\/15-4-1536x1024.jpg 1536w, https:\/\/marcali.plebania.hu\/wp-content\/uploads\/2025\/01\/15-4-2048x1365.jpg 2048w, https:\/\/marcali.plebania.hu\/wp-content\/uploads\/2025\/01\/15-4-405x270.jpg 405w\" sizes=\"auto, (max-width: 1024px) 100vw, 1024px\" \/><\/figure>\n<\/figure>\n\n\n\n<p>Nagytisztelet\u0171 Fazekas Kriszti\u00e1n \u00c1rp\u00e1d reform\u00e1tus lelkip\u00e1sztor igehirdet\u00e9s\u00e9ben L\u00e1z\u00e1r felt\u00e1maszt\u00e1s\u00e1nak p\u00e9ldabesz\u00e9d\u00e9t ismertette \u00e9s magyar\u00e1zta az \u00f6kumenikus imah\u00e9t c\u00e9lkit\u0171z\u00e9seinek megfelel\u0151en. A bibliai t\u00f6rt\u00e9netre utalva feltette a k\u00e9rd\u00e9st, \u00e9s v\u00e1laszt is adott r\u00e1: \u201eHiszed-e ezt? Mit jelent? A felt\u00e1mad\u00e1s hit\u00e9t.\u201d \u00dagy fogalmazott, hogy: \u201eMa is hordoz felismer\u00e9st. J\u00e9zus Krisztus az \u00e9let forr\u00e1sa.\u201d J\u00e9zus mondta: \u201eAki bennem hisz, \u00f6r\u00f6k \u00e9lete lesz\u201d. A lelkip\u00e1sztor kihangs\u00falyozta: \u201eJ\u00e9zus mindig k\u00f6z\u00f6ss\u00e9gben cselekszik. L\u00e1z\u00e1r eset\u00e9ben is, hiszen nemcsak M\u00e1ria \u00e9s M\u00e1rta voltak jelen az esem\u00e9nykor. A felt\u00e1mad\u00e1s csod\u00e1ja, Isten dics\u0151s\u00e9g\u00e9t hirdeti.\u201d<\/p>\n\n\n\n<p>Ezt k\u00f6vet\u0151en kifejtette, hogy: \u201eA niceai hitvall\u00e1s \u00f6sszek\u00f6t benn\u00fcnket a J\u00e9zus Krisztusba vetett hit \u00e1ltal. A k\u00fcl\u00f6nb\u00f6z\u0151s\u00e9gek ellen\u00e9re is egy c\u00e9l fel\u00e9 tartunk. Hogy Isten dics\u0151s\u00e9g\u00e9t hirdesse \u00e9let\u00fcnk. A hit nem mag\u00e1n\u00fcgy, hanem k\u00f6z\u00f6ss\u00e9gi \u00e9lm\u00e9ny!\u201d \u2013 mint fogalmazott.<\/p>\n\n\n\n<p>V\u00e9g\u00fcl z\u00e1r\u00e1sk\u00e1nt \u2013 t\u00f6bbek k\u00f6z\u00f6tt \u2013 kihangs\u00falyozta: \u201eAz egys\u00e9g meg\u00e9l\u00e9s\u00e9ben Isten kegyelme az, ami \u00f6sszef\u0171z benn\u00fcnket\u201d.<\/p>\n\n\n\n<figure class=\"wp-block-gallery has-nested-images columns-default is-cropped wp-block-gallery-4 is-layout-flex wp-block-gallery-is-layout-flex\">\n<figure class=\"wp-block-image size-large\"><img loading=\"lazy\" decoding=\"async\" width=\"1024\" height=\"683\" data-id=\"6671\" src=\"https:\/\/marcali.plebania.hu\/wp-content\/uploads\/2025\/01\/16-2-1024x683.jpg\" alt=\"\" class=\"wp-image-6671\" srcset=\"https:\/\/marcali.plebania.hu\/wp-content\/uploads\/2025\/01\/16-2-1024x683.jpg 1024w, https:\/\/marcali.plebania.hu\/wp-content\/uploads\/2025\/01\/16-2-300x200.jpg 300w, https:\/\/marcali.plebania.hu\/wp-content\/uploads\/2025\/01\/16-2-768x512.jpg 768w, https:\/\/marcali.plebania.hu\/wp-content\/uploads\/2025\/01\/16-2-1536x1024.jpg 1536w, https:\/\/marcali.plebania.hu\/wp-content\/uploads\/2025\/01\/16-2-2048x1365.jpg 2048w, https:\/\/marcali.plebania.hu\/wp-content\/uploads\/2025\/01\/16-2-405x270.jpg 405w\" sizes=\"auto, (max-width: 1024px) 100vw, 1024px\" \/><\/figure>\n\n\n\n<figure class=\"wp-block-image size-large\"><img loading=\"lazy\" decoding=\"async\" width=\"1024\" height=\"683\" data-id=\"6675\" src=\"https:\/\/marcali.plebania.hu\/wp-content\/uploads\/2025\/01\/18-3-1024x683.jpg\" alt=\"\" class=\"wp-image-6675\" srcset=\"https:\/\/marcali.plebania.hu\/wp-content\/uploads\/2025\/01\/18-3-1024x683.jpg 1024w, https:\/\/marcali.plebania.hu\/wp-content\/uploads\/2025\/01\/18-3-300x200.jpg 300w, https:\/\/marcali.plebania.hu\/wp-content\/uploads\/2025\/01\/18-3-768x512.jpg 768w, https:\/\/marcali.plebania.hu\/wp-content\/uploads\/2025\/01\/18-3-1536x1024.jpg 1536w, https:\/\/marcali.plebania.hu\/wp-content\/uploads\/2025\/01\/18-3-2048x1365.jpg 2048w, https:\/\/marcali.plebania.hu\/wp-content\/uploads\/2025\/01\/18-3-405x270.jpg 405w\" sizes=\"auto, (max-width: 1024px) 100vw, 1024px\" \/><\/figure>\n\n\n\n<figure class=\"wp-block-image size-large\"><img loading=\"lazy\" decoding=\"async\" width=\"1024\" height=\"683\" data-id=\"6674\" src=\"https:\/\/marcali.plebania.hu\/wp-content\/uploads\/2025\/01\/19-2-1024x683.jpg\" alt=\"\" class=\"wp-image-6674\" srcset=\"https:\/\/marcali.plebania.hu\/wp-content\/uploads\/2025\/01\/19-2-1024x683.jpg 1024w, https:\/\/marcali.plebania.hu\/wp-content\/uploads\/2025\/01\/19-2-300x200.jpg 300w, https:\/\/marcali.plebania.hu\/wp-content\/uploads\/2025\/01\/19-2-768x512.jpg 768w, https:\/\/marcali.plebania.hu\/wp-content\/uploads\/2025\/01\/19-2-1536x1024.jpg 1536w, https:\/\/marcali.plebania.hu\/wp-content\/uploads\/2025\/01\/19-2-2048x1365.jpg 2048w, https:\/\/marcali.plebania.hu\/wp-content\/uploads\/2025\/01\/19-2-405x270.jpg 405w\" sizes=\"auto, (max-width: 1024px) 100vw, 1024px\" \/><\/figure>\n\n\n\n<figure class=\"wp-block-image size-large\"><img loading=\"lazy\" decoding=\"async\" width=\"1024\" height=\"683\" data-id=\"6673\" src=\"https:\/\/marcali.plebania.hu\/wp-content\/uploads\/2025\/01\/20-2-1024x683.jpg\" alt=\"\" class=\"wp-image-6673\" srcset=\"https:\/\/marcali.plebania.hu\/wp-content\/uploads\/2025\/01\/20-2-1024x683.jpg 1024w, https:\/\/marcali.plebania.hu\/wp-content\/uploads\/2025\/01\/20-2-300x200.jpg 300w, https:\/\/marcali.plebania.hu\/wp-content\/uploads\/2025\/01\/20-2-768x512.jpg 768w, https:\/\/marcali.plebania.hu\/wp-content\/uploads\/2025\/01\/20-2-1536x1024.jpg 1536w, https:\/\/marcali.plebania.hu\/wp-content\/uploads\/2025\/01\/20-2-2048x1365.jpg 2048w, https:\/\/marcali.plebania.hu\/wp-content\/uploads\/2025\/01\/20-2-405x270.jpg 405w\" sizes=\"auto, (max-width: 1024px) 100vw, 1024px\" \/><\/figure>\n<\/figure>\n\n\n\n<p>Az \u00f6kumenikus ima\u00f3r\u00e1n a reform\u00e1tus, evang\u00e9likus \u00e9s katolikus h\u00edvek lelkip\u00e1sztoraikkal egy\u00fctt a kereszt\u00e9ny\/kereszty\u00e9n egys\u00e9g\u00e9rt im\u00e1dkoztak, valamint z\u00e1r\u00e1sk\u00e9nt \u00e1ld\u00e1st kaptak. K\u00f6zrem\u0171k\u00f6d\u00f6tt a F\u00e9ny Gyermekei Katolikus Zenekar, valamint a reform\u00e1tus \u00e9s katolikus hittanos gyermekek.<\/p>\n\n\n\n<figure class=\"wp-block-gallery has-nested-images columns-default is-cropped wp-block-gallery-5 is-layout-flex wp-block-gallery-is-layout-flex\">\n<figure class=\"wp-block-image size-large\"><img loading=\"lazy\" decoding=\"async\" width=\"1024\" height=\"683\" data-id=\"6680\" src=\"https:\/\/marcali.plebania.hu\/wp-content\/uploads\/2025\/01\/13-3-1024x683.jpg\" alt=\"\" class=\"wp-image-6680\" srcset=\"https:\/\/marcali.plebania.hu\/wp-content\/uploads\/2025\/01\/13-3-1024x683.jpg 1024w, https:\/\/marcali.plebania.hu\/wp-content\/uploads\/2025\/01\/13-3-300x200.jpg 300w, https:\/\/marcali.plebania.hu\/wp-content\/uploads\/2025\/01\/13-3-768x512.jpg 768w, https:\/\/marcali.plebania.hu\/wp-content\/uploads\/2025\/01\/13-3-1536x1024.jpg 1536w, https:\/\/marcali.plebania.hu\/wp-content\/uploads\/2025\/01\/13-3-2048x1365.jpg 2048w, https:\/\/marcali.plebania.hu\/wp-content\/uploads\/2025\/01\/13-3-405x270.jpg 405w\" sizes=\"auto, (max-width: 1024px) 100vw, 1024px\" \/><\/figure>\n\n\n\n<figure class=\"wp-block-image size-large\"><img loading=\"lazy\" decoding=\"async\" width=\"1024\" height=\"683\" data-id=\"6678\" src=\"https:\/\/marcali.plebania.hu\/wp-content\/uploads\/2025\/01\/21-1-1024x683.jpg\" alt=\"\" class=\"wp-image-6678\" srcset=\"https:\/\/marcali.plebania.hu\/wp-content\/uploads\/2025\/01\/21-1-1024x683.jpg 1024w, https:\/\/marcali.plebania.hu\/wp-content\/uploads\/2025\/01\/21-1-300x200.jpg 300w, https:\/\/marcali.plebania.hu\/wp-content\/uploads\/2025\/01\/21-1-768x512.jpg 768w, https:\/\/marcali.plebania.hu\/wp-content\/uploads\/2025\/01\/21-1-1536x1024.jpg 1536w, https:\/\/marcali.plebania.hu\/wp-content\/uploads\/2025\/01\/21-1-2048x1365.jpg 2048w, https:\/\/marcali.plebania.hu\/wp-content\/uploads\/2025\/01\/21-1-405x270.jpg 405w\" sizes=\"auto, (max-width: 1024px) 100vw, 1024px\" \/><\/figure>\n\n\n\n<figure class=\"wp-block-image size-large\"><img loading=\"lazy\" decoding=\"async\" width=\"1024\" height=\"683\" data-id=\"6677\" src=\"https:\/\/marcali.plebania.hu\/wp-content\/uploads\/2025\/01\/22-1-1024x683.jpg\" alt=\"\" class=\"wp-image-6677\" srcset=\"https:\/\/marcali.plebania.hu\/wp-content\/uploads\/2025\/01\/22-1-1024x683.jpg 1024w, https:\/\/marcali.plebania.hu\/wp-content\/uploads\/2025\/01\/22-1-300x200.jpg 300w, https:\/\/marcali.plebania.hu\/wp-content\/uploads\/2025\/01\/22-1-768x512.jpg 768w, https:\/\/marcali.plebania.hu\/wp-content\/uploads\/2025\/01\/22-1-1536x1024.jpg 1536w, https:\/\/marcali.plebania.hu\/wp-content\/uploads\/2025\/01\/22-1-2048x1365.jpg 2048w, https:\/\/marcali.plebania.hu\/wp-content\/uploads\/2025\/01\/22-1-405x270.jpg 405w\" sizes=\"auto, (max-width: 1024px) 100vw, 1024px\" \/><\/figure>\n\n\n\n<figure class=\"wp-block-image size-large\"><img loading=\"lazy\" decoding=\"async\" width=\"1024\" height=\"683\" data-id=\"6679\" src=\"https:\/\/marcali.plebania.hu\/wp-content\/uploads\/2025\/01\/23-1-1024x683.jpg\" alt=\"\" class=\"wp-image-6679\" srcset=\"https:\/\/marcali.plebania.hu\/wp-content\/uploads\/2025\/01\/23-1-1024x683.jpg 1024w, https:\/\/marcali.plebania.hu\/wp-content\/uploads\/2025\/01\/23-1-300x200.jpg 300w, https:\/\/marcali.plebania.hu\/wp-content\/uploads\/2025\/01\/23-1-768x512.jpg 768w, https:\/\/marcali.plebania.hu\/wp-content\/uploads\/2025\/01\/23-1-1536x1024.jpg 1536w, https:\/\/marcali.plebania.hu\/wp-content\/uploads\/2025\/01\/23-1-2048x1365.jpg 2048w, https:\/\/marcali.plebania.hu\/wp-content\/uploads\/2025\/01\/23-1-405x270.jpg 405w\" sizes=\"auto, (max-width: 1024px) 100vw, 1024px\" \/><\/figure>\n<\/figure>\n\n\n\n<p><\/p>\n\n\n\n<p>\u00cdrta \u00e9s fot\u00f3k: Kiss K\u00e1lm\u00e1n<\/p>\n","protected":false},"excerpt":{"rendered":"<p>2025. janu\u00e1r 26-\u00e1n, vas\u00e1rnap 9 \u00f3rakor k\u00f6z\u00f6s ima\u00f3r\u00e1val z\u00e1rult az \u00f6kumenikus imah\u00e9t Marcaliban, melyet Tomanek Ferenc \u00c1ron pl\u00e9b\u00e1nos vezetett a Gy\u00fcm\u00f6lcsolt\u00f3 Boldogasszony pl\u00e9b\u00e1niatemplomban. Ig\u00e9t nagytisztelet\u0171 Fazekas Kriszti\u00e1n \u00c1rp\u00e1d reform\u00e1tus lelkip\u00e1sztor hirdetett a jelenl\u00e9v\u0151 katolikus, reform\u00e1tus \u00e9s evang\u00e9likus h\u00edveknek. Az id\u00e9n orsz\u00e1gszerte janu\u00e1r 19-26. k\u00f6z\u00f6tt tartott\u00e1k meg az \u00f6kumenikus imahetet a kereszt\u00e9nyek egys\u00e9g\u00e9\u00e9rt, melynek anyag\u00e1t a bosei monasztikus k\u00f6z\u00f6ss\u00e9g szerzetesei \u00e1ll\u00edtottak \u00f6ssze. Az olaszorsz\u00e1gi kolostorban \u00e9l\u0151 testv\u00e9rek egyszer\u0171 \u00e9letet \u00e9lnek. Munk\u00e1val keresik \u00e9let\u00fck sz\u00fcks\u00e9gleteinek anyagi fedezet\u00e9t. K\u00fcl\u00f6nf\u00e9le szakm\u00e1kban dolgoznak, van gy\u00fcm\u00f6lcs\u00f6s\u00fck&#8230;<\/p>\n<p class=\"read-more\"><a class=\"btn btn-default\" href=\"https:\/\/marcali.plebania.hu\/?p=6656\"> Read More<span class=\"screen-reader-text\">  Read More<\/span><\/a><\/p>\n","protected":false},"author":2,"featured_media":0,"comment_status":"closed","ping_status":"open","sticky":false,"template":"","format":"standard","meta":{"footnotes":""},"categories":[1],"tags":[],"class_list":["post-6656","post","type-post","status-publish","format-standard","hentry","category-egyeb"],"_links":{"self":[{"href":"https:\/\/marcali.plebania.hu\/index.php?rest_route=\/wp\/v2\/posts\/6656","targetHints":{"allow":["GET"]}}],"collection":[{"href":"https:\/\/marcali.plebania.hu\/index.php?rest_route=\/wp\/v2\/posts"}],"about":[{"href":"https:\/\/marcali.plebania.hu\/index.php?rest_route=\/wp\/v2\/types\/post"}],"author":[{"embeddable":true,"href":"https:\/\/marcali.plebania.hu\/index.php?rest_route=\/wp\/v2\/users\/2"}],"replies":[{"embeddable":true,"href":"https:\/\/marcali.plebania.hu\/index.php?rest_route=%2Fwp%2Fv2%2Fcomments&post=6656"}],"version-history":[{"count":1,"href":"https:\/\/marcali.plebania.hu\/index.php?rest_route=\/wp\/v2\/posts\/6656\/revisions"}],"predecessor-version":[{"id":6681,"href":"https:\/\/marcali.plebania.hu\/index.php?rest_route=\/wp\/v2\/posts\/6656\/revisions\/6681"}],"wp:attachment":[{"href":"https:\/\/marcali.plebania.hu\/index.php?rest_route=%2Fwp%2Fv2%2Fmedia&parent=6656"}],"wp:term":[{"taxonomy":"category","embeddable":true,"href":"https:\/\/marcali.plebania.hu\/index.php?rest_route=%2Fwp%2Fv2%2Fcategories&post=6656"},{"taxonomy":"post_tag","embeddable":true,"href":"https:\/\/marcali.plebania.hu\/index.php?rest_route=%2Fwp%2Fv2%2Ftags&post=6656"}],"curies":[{"name":"wp","href":"https:\/\/api.w.org\/{rel}","templated":true}]}}