{"id":6684,"date":"2025-02-01T23:22:18","date_gmt":"2025-02-01T23:22:18","guid":{"rendered":"https:\/\/marcali.plebania.hu\/?p=6684"},"modified":"2025-02-01T23:22:18","modified_gmt":"2025-02-01T23:22:18","slug":"hirdetesek-2025-februar-2-an","status":"publish","type":"post","link":"https:\/\/marcali.plebania.hu\/?p=6684","title":{"rendered":"Hirdet\u00e9sek 2025. febru\u00e1r 2-\u00e1n"},"content":{"rendered":"\n<p class=\"has-text-align-center\"><strong><a href=\"https:\/\/igenaptar.katolikus.hu\/nap\/index.php?holnap=2025-02-02\" target=\"_blank\" rel=\"noreferrer noopener\"><u>Urunk bemutat\u00e1s\u00e1nak \u00fcnnepe &#8211; (Gyertyaszentel\u0151 Boldogasszony)<\/u><\/a><\/strong><br>(<a href=\"https:\/\/igenaptar.katolikus.hu\/nap\/index.php?holnap=2025-02-02\">szentmise sz\u00f6vegei itt<\/a>)<\/p>\n\n\n\n<ol start=\"1\" class=\"wp-block-list\">\n<li>A mai \u00fcnnepi szentmis\u00e9ket <strong>gyertyaszentel\u00e9s<\/strong>sel kezdj\u00fck. Aki szeretne, hozzon mag\u00e1val gyerty\u00e1t a templomba. Az \u00fcnnepr\u0151l szeretettel aj\u00e1nljuk <a href=\"https:\/\/www.magyarkurir.hu\/hirek\/a-szentely-belep-isten-templomaba-kovacs-zoltan-mariologus-gyertyaszentelo-boldogasszony-unneperol\" data-type=\"link\" data-id=\"https:\/\/www.magyarkurir.hu\/hirek\/a-szentely-belep-isten-templomaba-kovacs-zoltan-mariologus-gyertyaszentelo-boldogasszony-unneperol\">Kov\u00e1cs Zolt\u00e1n atya \u00edr\u00e1s\u00e1t<\/a>.<\/li>\n\n\n\n<li>K\u00f6sz\u00f6nj\u00fck a bekapcsol\u00f3d\u00e1st az <strong>\u00f6kumenikus imah\u00e9t<\/strong> k\u00f6z\u00f6s programjaiba.<\/li>\n\n\n\n<li>A <strong>feln\u0151tthittan<\/strong> \u00e9s szents\u00e9gi felk\u00e9sz\u00edt\u0151 szerd\u00e1n 18:00-kor kezd\u0151dik a pl\u00e9b\u00e1ni\u00e1n.<\/li>\n\n\n\n<li>A Kaposv\u00e1ri Egyh\u00e1zmegye \u201eRem\u00e9nyben \u00e9l\u0151 szentjeink\u201d c\u00edmmel <strong><a href=\"https:\/\/kaposvar.egyhazmegye.hu\/index.php?option=com_content&amp;view=article&amp;layout=edit&amp;id=290\" target=\"_blank\" rel=\"noreferrer noopener\"><u>rajzp\u00e1ly\u00e1zat<\/u><\/a><\/strong><a href=\"https:\/\/kaposvar.egyhazmegye.hu\/index.php?option=com_content&amp;view=article&amp;layout=edit&amp;id=290\" target=\"_blank\" rel=\"noreferrer noopener\"><u>ot<\/u><\/a> hirdet a hittanosok <strong>sz\u00e1m\u00e1ra<\/strong>. A rajzokat febr. 14-ig lehet leadni.<\/li>\n\n\n\n<li>A j\u00f6v\u0151 h\u00e9tv\u00e9gi szentmis\u00e9k v\u00e9g\u00e9n <strong>Bal\u00e1zs-\u00e1ld\u00e1s<\/strong>t k\u00e9rhet mag\u00e1\u00e9rt minden jelenl\u00e9v\u0151, torokbetegs\u00e9g \u00e9s minden m\u00e1s baj ellen.<\/li>\n\n\n\n<li>Az idei <strong>H\u00e1zass\u00e1g hete<\/strong> j\u00f6v\u0151 vas\u00e1rnap kezd\u0151dik, \u201eBesz\u00e9lgessetek a h\u00e1zass\u00e1gotok\u00e9rt!\u201d mott\u00f3val. Ennek keret\u00e9ben szeretettel h\u00edvunk minden \u00e9rdekl\u0151d\u0151 p\u00e1rt j\u00f6v\u0151 vas\u00e1rnap 14 \u00f3r\u00e1ra a pl\u00e9b\u00e1ni\u00e1ra p\u00e1ros \u00e9s k\u00f6z\u00f6s besz\u00e9lget\u00e9sre, \u00e9s 15-\u00e9n (szombaton) egy k\u00f6z\u00f6s csal\u00e1di kir\u00e1ndul\u00e1sra. 13:00-kor indulunk a Boldog Gizella-templomt\u00f3l. Aznap, k\u00f6zvetlen\u00fcl az esti mise ut\u00e1n k\u00fcl\u00f6n \u00e1ld\u00e1sban r\u00e9szes\u00fclhetnek a jelenl\u00e9v\u0151 h\u00e1zasp\u00e1rok, akik szents\u00e9gi h\u00e1zass\u00e1gban \u00e9lnek. Szerd\u00e1ig v\u00e1rjuk a jelentkez\u00e9seket az <a href=\"https:\/\/forms.gle\/wozuwcVnWjdoMpTQA\">\u0171rlapon<\/a>. Szeretettel h\u00edvjuk t\u00e1rsast\u00e1ncra azokat, akik sz\u00edvesen t\u00e1ncolnak vagy tanulnak t\u00e1ncolni. A jelentkez\u0151kkel egyeztet\u00fcnk a helysz\u00ednr\u0151l \u00e9s a tal\u00e1lkoz\u00f3k id\u0151pontj\u00e1r\u00f3l.<\/li>\n\n\n\n<li>A betegek vil\u00e1gnapja alkalm\u00e1b\u00f3l febru\u00e1r 15-\u00e9n \u00e9s 16-\u00e1n a szentmis\u00e9k ut\u00e1n szolg\u00e1ltatjuk ki a <strong>betegek kenet\u00e9t<\/strong>. Ez a szents\u00e9g meger\u0151s\u00edt az Istenbe vetett bizalomban, er\u0151t ad a k\u00eds\u00e9rt\u00e9sek ellen, s alkalmass\u00e1 tesz arra, hogy a betegs\u00e9get er\u0151s l\u00e9lekkel viselj\u00fck, seg\u00edti gy\u00f3gyul\u00e1sunkat, ha az szolg\u00e1l \u00fcdv\u00f6ss\u00e9g\u00fcnkre, illetve \u00e1ltala k\u00e9rj\u00fck \u00e9s elfogadjuk a j\u00f3 hal\u00e1l kegyelm\u00e9t, ha Istennek ez az akarata. Az a katolikus h\u00edv\u0151 k\u00e9rheti e szents\u00e9get, \u201eaki betegs\u00e9g vagy \u00f6regs\u00e9g miatt vesz\u00e9lybe ker\u00fcl.\u201d Meg lehet ism\u00e9telni, ha a beteg fel\u00e9p\u00fcl\u00e9se ut\u00e1n \u00fajra s\u00falyos betegs\u00e9gbe esik, vagy a vesz\u00e9ly s\u00falyosabb\u00e1 v\u00e1lik. (1004. k\u00e1non) A szents\u00e9g felv\u00e9tele a kegyelmi \u00e1llapotot k\u00edv\u00e1nja, szentgy\u00f3n\u00e1ssal is k\u00e9sz\u00fclj\u00fcnk r\u00e1!<\/li>\n\n\n\n<li>M\u00e1rcius 1-j\u00e9n 9:30-t\u00f3l d\u00e9lig <strong>farsang<\/strong>ot szervez\u00fcnk a hittanosok sz\u00e1m\u00e1ra az X-h\u00e1zban (D\u00f3zsa Gy. u. 3.). R\u00e9szletek \u00e9s jelentkez\u00e9si lehet\u0151s\u00e9g a hitoktat\u00f3kn\u00e1l.<\/li>\n<\/ol>\n\n\n\n<hr class=\"wp-block-separator has-alpha-channel-opacity\"\/>\n\n\n\n<figure class=\"wp-block-image size-large\"><img loading=\"lazy\" decoding=\"async\" width=\"1024\" height=\"698\" src=\"https:\/\/marcali.plebania.hu\/wp-content\/uploads\/2025\/02\/250202-1024x698.png\" alt=\"\" class=\"wp-image-6686\" srcset=\"https:\/\/marcali.plebania.hu\/wp-content\/uploads\/2025\/02\/250202-1024x698.png 1024w, https:\/\/marcali.plebania.hu\/wp-content\/uploads\/2025\/02\/250202-300x204.png 300w, https:\/\/marcali.plebania.hu\/wp-content\/uploads\/2025\/02\/250202-768x523.png 768w, https:\/\/marcali.plebania.hu\/wp-content\/uploads\/2025\/02\/250202-396x270.png 396w, https:\/\/marcali.plebania.hu\/wp-content\/uploads\/2025\/02\/250202.png 1344w\" sizes=\"auto, (max-width: 1024px) 100vw, 1024px\" \/><\/figure>\n\n\n\n<hr class=\"wp-block-separator has-alpha-channel-opacity\"\/>\n\n\n\n<div id=\"mc_embed_shell\">\n      <link href=\"\/\/cdn-images.mailchimp.com\/embedcode\/classic-061523.css\" rel=\"stylesheet\" type=\"text\/css\">\n  <style type=\"text\/css\">\n        #mc_embed_signup{background:#fff; false;clear:center; font:14px Helvetica,Arial,sans-serif; width: px;}\n        \/* Add your own Mailchimp form style overrides in your site stylesheet or in this style block.\n           We recommend moving this block and the preceding CSS link to the HEAD of your HTML file. *\/\n<\/style>\n<div id=\"mc_embed_signup\">\n    <form action=\"https:\/\/plebania.us8.list-manage.com\/subscribe\/post?u=e22067d2b2341677941a6b2cf&amp;id=45d4e5fd03&amp;f_id=009973e1f0\" method=\"post\" id=\"mc-embedded-subscribe-form\" name=\"mc-embedded-subscribe-form\" class=\"validate\" target=\"_blank\">\n        <div id=\"mc_embed_signup_scroll\"><h2>Feliratkoz\u00e1s a h\u00edrlev\u00e9lre<\/h2>\n            <div class=\"indicates-required\"><span class=\"asterisk\">*<\/span> indicates required<\/div>\n            <div class=\"mc-field-group\"><label for=\"mce-EMAIL\">E-mail <span class=\"asterisk\">*<\/span><\/label><input type=\"email\" name=\"EMAIL\" class=\"required email\" id=\"mce-EMAIL\" required=\"\" value=\"\"><\/div><div class=\"mc-field-group\"><label for=\"mce-NAME\">N\u00e9v <\/label><input type=\"text\" name=\"NAME\" class=\" text\" id=\"mce-NAME\" value=\"\"><\/div>\n        <div id=\"mce-responses\" class=\"clear foot\">\n            <div class=\"response\" id=\"mce-error-response\" style=\"display: none;\"><\/div>\n            <div class=\"response\" id=\"mce-success-response\" style=\"display: none;\"><\/div>\n        <\/div>\n    <div style=\"position: absolute; left: -5000px;\" aria-hidden=\"true\">\n        \/* real people should not fill this in and expect good things &#8211; do not remove this or risk form bot signups *\/\n        <input type=\"text\" name=\"b_e22067d2b2341677941a6b2cf_45d4e5fd03\" tabindex=\"-1\" value=\"\">\n    <\/div>\n        <div class=\"optionalParent\">\n            <div class=\"clear foot\">\n                <input type=\"submit\" name=\"subscribe\" id=\"mc-embedded-subscribe\" class=\"button\" value=\"Subscribe\">\n                <p style=\"margin: 0px auto;\"><a href=\"http:\/\/eepurl.com\/iZP_d6\" title=\"Mailchimp - email marketing made easy and fun\"><span style=\"display: inline-block; background-color: transparent; border-radius: 4px;\"><img decoding=\"async\" class=\"refferal_badge\" src=\"https:\/\/digitalasset.intuit.com\/render\/content\/dam\/intuit\/mc-fe\/en_us\/images\/intuit-mc-rewards-text-dark.svg\" alt=\"Intuit Mailchimp\" style=\"width: 220px; height: 40px; display: flex; padding: 2px 0px; justify-content: center; align-items: center;\"><\/span><\/a><\/p>\n            <\/div>\n        <\/div>\n    <\/div>\n<\/form>\n<\/div>\n<script type=\"text\/javascript\" src=\"\/\/s3.amazonaws.com\/downloads.mailchimp.com\/js\/mc-validate.js\"><\/script><script type=\"text\/javascript\">(function($) {window.fnames = new Array(); window.ftypes = new Array();fnames[0]='EMAIL';ftypes[0]='email';fnames[1]='NAME';ftypes[1]='text';}(jQuery));var $mcj = jQuery.noConflict(true);<\/script><\/div>\n","protected":false},"excerpt":{"rendered":"<p>Urunk bemutat\u00e1s\u00e1nak \u00fcnnepe &#8211; (Gyertyaszentel\u0151 Boldogasszony)(szentmise sz\u00f6vegei itt) Feliratkoz\u00e1s a h\u00edrlev\u00e9lre * indicates required E-mail * N\u00e9v \/* real people should not fill this in and expect good things &#8211; do not remove this or risk form bot signups *\/<\/p>\n","protected":false},"author":1,"featured_media":0,"comment_status":"closed","ping_status":"open","sticky":false,"template":"","format":"standard","meta":{"footnotes":""},"categories":[3],"tags":[],"class_list":["post-6684","post","type-post","status-publish","format-standard","hentry","category-hirdetesek"],"_links":{"self":[{"href":"https:\/\/marcali.plebania.hu\/index.php?rest_route=\/wp\/v2\/posts\/6684","targetHints":{"allow":["GET"]}}],"collection":[{"href":"https:\/\/marcali.plebania.hu\/index.php?rest_route=\/wp\/v2\/posts"}],"about":[{"href":"https:\/\/marcali.plebania.hu\/index.php?rest_route=\/wp\/v2\/types\/post"}],"author":[{"embeddable":true,"href":"https:\/\/marcali.plebania.hu\/index.php?rest_route=\/wp\/v2\/users\/1"}],"replies":[{"embeddable":true,"href":"https:\/\/marcali.plebania.hu\/index.php?rest_route=%2Fwp%2Fv2%2Fcomments&post=6684"}],"version-history":[{"count":2,"href":"https:\/\/marcali.plebania.hu\/index.php?rest_route=\/wp\/v2\/posts\/6684\/revisions"}],"predecessor-version":[{"id":6687,"href":"https:\/\/marcali.plebania.hu\/index.php?rest_route=\/wp\/v2\/posts\/6684\/revisions\/6687"}],"wp:attachment":[{"href":"https:\/\/marcali.plebania.hu\/index.php?rest_route=%2Fwp%2Fv2%2Fmedia&parent=6684"}],"wp:term":[{"taxonomy":"category","embeddable":true,"href":"https:\/\/marcali.plebania.hu\/index.php?rest_route=%2Fwp%2Fv2%2Fcategories&post=6684"},{"taxonomy":"post_tag","embeddable":true,"href":"https:\/\/marcali.plebania.hu\/index.php?rest_route=%2Fwp%2Fv2%2Ftags&post=6684"}],"curies":[{"name":"wp","href":"https:\/\/api.w.org\/{rel}","templated":true}]}}