{"id":6695,"date":"2025-02-04T16:29:31","date_gmt":"2025-02-04T16:29:31","guid":{"rendered":"https:\/\/marcali.plebania.hu\/?p=6695"},"modified":"2025-02-05T09:48:00","modified_gmt":"2025-02-05T09:48:00","slug":"gyertyakeszites-a-ministransokkal","status":"publish","type":"post","link":"https:\/\/marcali.plebania.hu\/?p=6695","title":{"rendered":"Gyertyak\u00e9sz\u00edt\u00e9s a ministr\u00e1nsokkal"},"content":{"rendered":"\n<p>Febru\u00e1r 1-j\u00e9n Gyertyaszentel\u0151 Boldogasszony \u00fcnnep\u00e9re hangol\u00f3dva gyertyak\u00e9sz\u00edt\u0151 foglalkoz\u00e1son vettek r\u00e9szt a ministr\u00e1nsok a pl\u00e9b\u00e1ni\u00e1n. A d\u00e9lel\u0151tti programot egy r\u00f6vid im\u00e1ds\u00e1ggal kezdt\u00fck, melyet Gyulai Botond r\u00f6vid el\u0151ad\u00e1sa k\u00f6vetett, ahol a gyerekek megismerkedhettek a m\u00e9hekkel \u00e9s azok \u00e1ld\u00e1sos munk\u00e1j\u00e1val. Ezt egy kis \u00e9nekl\u00e9s k\u00f6vette, majd pedig Ferenc atya elmes\u00e9lte, hogy mit is \u00fcnnepl\u00fcnk pontosan gyertyaszentel\u0151 alkalm\u00e1val. Ezut\u00e1n k\u00f6vetkezett a munka. A ministr\u00e1nsok t\u00f6bb gyertyak\u00e9sz\u00edt\u0151-, illetve d\u00edsz\u00edt\u0151 lehet\u0151s\u00e9g k\u00f6z\u00fcl v\u00e1laszthattak. Volt, aki m\u00e9hviaszb\u00f3l alkotott, voltak, akik szalv\u00e9t\u00e1b\u00f3l kiv\u00e1gott mint\u00e1kkal vagy k\u00fcl\u00f6nb\u00f6z\u0151 szalagokkal d\u00edsz\u00edtett\u00e9k fel sima feh\u00e9r gyerty\u00e1jukat. T\u00f6bb olyan gyerk\u0151c is volt, aki gondolt a kis testv\u00e9r\u00e9re vagy az \u00e9ppen beteg t\u00e1rsukra \u00e9s nekik is k\u00e9sz\u00edtettek egy kis apr\u00f3s\u00e1got. A d\u00e9lel\u0151tt nagyon j\u00f3 hangulatban telt, m\u00e9g a hajsz\u00e1r\u00edt\u00f3k b\u00fag\u00e1sa mellett is tudtak egym\u00e1ssal besz\u00e9lgetni \u00e9s, ami a legszebb: egym\u00e1snak seg\u00edteni. Az elk\u00e9sz\u00edtett gyerty\u00e1kat Ferenc atya a h\u00e9tv\u00e9gi szentmis\u00e9ken meg\u00e1ldotta, att\u00f3l f\u00fcgg\u0151en, hogy ki mikor szokott ministr\u00e1lni.<\/p>\n\n\n\n<figure class=\"wp-block-gallery has-nested-images columns-default is-cropped wp-block-gallery-1 is-layout-flex wp-block-gallery-is-layout-flex\">\n<figure class=\"wp-block-image size-large\"><img loading=\"lazy\" decoding=\"async\" width=\"640\" height=\"480\" data-id=\"6699\" src=\"https:\/\/marcali.plebania.hu\/wp-content\/uploads\/2025\/02\/image0.jpeg\" alt=\"\" class=\"wp-image-6699\" srcset=\"https:\/\/marcali.plebania.hu\/wp-content\/uploads\/2025\/02\/image0.jpeg 640w, https:\/\/marcali.plebania.hu\/wp-content\/uploads\/2025\/02\/image0-300x225.jpeg 300w, https:\/\/marcali.plebania.hu\/wp-content\/uploads\/2025\/02\/image0-360x270.jpeg 360w\" sizes=\"auto, (max-width: 640px) 100vw, 640px\" \/><\/figure>\n\n\n\n<figure class=\"wp-block-image size-large\"><img loading=\"lazy\" decoding=\"async\" width=\"640\" height=\"480\" data-id=\"6698\" src=\"https:\/\/marcali.plebania.hu\/wp-content\/uploads\/2025\/02\/image1.jpeg\" alt=\"\" class=\"wp-image-6698\" srcset=\"https:\/\/marcali.plebania.hu\/wp-content\/uploads\/2025\/02\/image1.jpeg 640w, https:\/\/marcali.plebania.hu\/wp-content\/uploads\/2025\/02\/image1-300x225.jpeg 300w, https:\/\/marcali.plebania.hu\/wp-content\/uploads\/2025\/02\/image1-360x270.jpeg 360w\" sizes=\"auto, (max-width: 640px) 100vw, 640px\" \/><\/figure>\n\n\n\n<figure class=\"wp-block-image size-large\"><img loading=\"lazy\" decoding=\"async\" width=\"640\" height=\"480\" data-id=\"6696\" src=\"https:\/\/marcali.plebania.hu\/wp-content\/uploads\/2025\/02\/image2.jpeg\" alt=\"\" class=\"wp-image-6696\" srcset=\"https:\/\/marcali.plebania.hu\/wp-content\/uploads\/2025\/02\/image2.jpeg 640w, https:\/\/marcali.plebania.hu\/wp-content\/uploads\/2025\/02\/image2-300x225.jpeg 300w, https:\/\/marcali.plebania.hu\/wp-content\/uploads\/2025\/02\/image2-360x270.jpeg 360w\" sizes=\"auto, (max-width: 640px) 100vw, 640px\" \/><\/figure>\n\n\n\n<figure class=\"wp-block-image size-full\"><img loading=\"lazy\" decoding=\"async\" width=\"640\" height=\"480\" data-id=\"6700\" src=\"https:\/\/marcali.plebania.hu\/wp-content\/uploads\/2025\/02\/image6.jpeg\" alt=\"\" class=\"wp-image-6700\" srcset=\"https:\/\/marcali.plebania.hu\/wp-content\/uploads\/2025\/02\/image6.jpeg 640w, https:\/\/marcali.plebania.hu\/wp-content\/uploads\/2025\/02\/image6-300x225.jpeg 300w, https:\/\/marcali.plebania.hu\/wp-content\/uploads\/2025\/02\/image6-360x270.jpeg 360w\" sizes=\"auto, (max-width: 640px) 100vw, 640px\" \/><\/figure>\n<\/figure>\n\n\n\n<figure class=\"wp-block-gallery has-nested-images columns-default is-cropped wp-block-gallery-2 is-layout-flex wp-block-gallery-is-layout-flex\">\n<figure class=\"wp-block-image size-large\"><img loading=\"lazy\" decoding=\"async\" width=\"480\" height=\"640\" data-id=\"6701\" src=\"https:\/\/marcali.plebania.hu\/wp-content\/uploads\/2025\/02\/image3-1-rotated.jpeg\" alt=\"\" class=\"wp-image-6701\" srcset=\"https:\/\/marcali.plebania.hu\/wp-content\/uploads\/2025\/02\/image3-1-rotated.jpeg 480w, https:\/\/marcali.plebania.hu\/wp-content\/uploads\/2025\/02\/image3-1-225x300.jpeg 225w, https:\/\/marcali.plebania.hu\/wp-content\/uploads\/2025\/02\/image3-1-203x270.jpeg 203w\" sizes=\"auto, (max-width: 480px) 100vw, 480px\" \/><\/figure>\n\n\n\n<figure class=\"wp-block-image size-large\"><img loading=\"lazy\" decoding=\"async\" width=\"480\" height=\"640\" data-id=\"6702\" src=\"https:\/\/marcali.plebania.hu\/wp-content\/uploads\/2025\/02\/image4-rotated.jpeg\" alt=\"\" class=\"wp-image-6702\" srcset=\"https:\/\/marcali.plebania.hu\/wp-content\/uploads\/2025\/02\/image4-rotated.jpeg 480w, https:\/\/marcali.plebania.hu\/wp-content\/uploads\/2025\/02\/image4-225x300.jpeg 225w, https:\/\/marcali.plebania.hu\/wp-content\/uploads\/2025\/02\/image4-203x270.jpeg 203w\" sizes=\"auto, (max-width: 480px) 100vw, 480px\" \/><\/figure>\n\n\n\n<figure class=\"wp-block-image size-large\"><img loading=\"lazy\" decoding=\"async\" width=\"480\" height=\"640\" data-id=\"6703\" src=\"https:\/\/marcali.plebania.hu\/wp-content\/uploads\/2025\/02\/image5-rotated.jpeg\" alt=\"\" class=\"wp-image-6703\" srcset=\"https:\/\/marcali.plebania.hu\/wp-content\/uploads\/2025\/02\/image5-rotated.jpeg 480w, https:\/\/marcali.plebania.hu\/wp-content\/uploads\/2025\/02\/image5-225x300.jpeg 225w, https:\/\/marcali.plebania.hu\/wp-content\/uploads\/2025\/02\/image5-203x270.jpeg 203w\" sizes=\"auto, (max-width: 480px) 100vw, 480px\" \/><\/figure>\n\n\n\n<figure class=\"wp-block-image size-large\"><img loading=\"lazy\" decoding=\"async\" width=\"480\" height=\"640\" data-id=\"6705\" src=\"https:\/\/marcali.plebania.hu\/wp-content\/uploads\/2025\/02\/image7-rotated.jpeg\" alt=\"\" class=\"wp-image-6705\" srcset=\"https:\/\/marcali.plebania.hu\/wp-content\/uploads\/2025\/02\/image7-rotated.jpeg 480w, https:\/\/marcali.plebania.hu\/wp-content\/uploads\/2025\/02\/image7-225x300.jpeg 225w, https:\/\/marcali.plebania.hu\/wp-content\/uploads\/2025\/02\/image7-203x270.jpeg 203w\" sizes=\"auto, (max-width: 480px) 100vw, 480px\" \/><\/figure>\n<\/figure>\n\n\n\n<p>\u00cdrta: Pozsonyi Anna<\/p>\n","protected":false},"excerpt":{"rendered":"<p>Febru\u00e1r 1-j\u00e9n Gyertyaszentel\u0151 Boldogasszony \u00fcnnep\u00e9re hangol\u00f3dva gyertyak\u00e9sz\u00edt\u0151 foglalkoz\u00e1son vettek r\u00e9szt a ministr\u00e1nsok a pl\u00e9b\u00e1ni\u00e1n. A d\u00e9lel\u0151tti programot egy r\u00f6vid im\u00e1ds\u00e1ggal kezdt\u00fck, melyet Gyulai Botond r\u00f6vid el\u0151ad\u00e1sa k\u00f6vetett, ahol a gyerekek megismerkedhettek a m\u00e9hekkel \u00e9s azok \u00e1ld\u00e1sos munk\u00e1j\u00e1val. Ezt egy kis \u00e9nekl\u00e9s k\u00f6vette, majd pedig Ferenc atya elmes\u00e9lte, hogy mit is \u00fcnnepl\u00fcnk pontosan gyertyaszentel\u0151 alkalm\u00e1val. Ezut\u00e1n k\u00f6vetkezett a munka. A ministr\u00e1nsok t\u00f6bb gyertyak\u00e9sz\u00edt\u0151-, illetve d\u00edsz\u00edt\u0151 lehet\u0151s\u00e9g k\u00f6z\u00fcl v\u00e1laszthattak. Volt, aki m\u00e9hviaszb\u00f3l alkotott, voltak, akik szalv\u00e9t\u00e1b\u00f3l kiv\u00e1gott mint\u00e1kkal vagy k\u00fcl\u00f6nb\u00f6z\u0151 szalagokkal d\u00edsz\u00edtett\u00e9k&#8230;<\/p>\n<p class=\"read-more\"><a class=\"btn btn-default\" href=\"https:\/\/marcali.plebania.hu\/?p=6695\"> Read More<span class=\"screen-reader-text\">  Read More<\/span><\/a><\/p>\n","protected":false},"author":2,"featured_media":0,"comment_status":"closed","ping_status":"open","sticky":false,"template":"","format":"standard","meta":{"footnotes":""},"categories":[1],"tags":[],"class_list":["post-6695","post","type-post","status-publish","format-standard","hentry","category-egyeb"],"_links":{"self":[{"href":"https:\/\/marcali.plebania.hu\/index.php?rest_route=\/wp\/v2\/posts\/6695","targetHints":{"allow":["GET"]}}],"collection":[{"href":"https:\/\/marcali.plebania.hu\/index.php?rest_route=\/wp\/v2\/posts"}],"about":[{"href":"https:\/\/marcali.plebania.hu\/index.php?rest_route=\/wp\/v2\/types\/post"}],"author":[{"embeddable":true,"href":"https:\/\/marcali.plebania.hu\/index.php?rest_route=\/wp\/v2\/users\/2"}],"replies":[{"embeddable":true,"href":"https:\/\/marcali.plebania.hu\/index.php?rest_route=%2Fwp%2Fv2%2Fcomments&post=6695"}],"version-history":[{"count":2,"href":"https:\/\/marcali.plebania.hu\/index.php?rest_route=\/wp\/v2\/posts\/6695\/revisions"}],"predecessor-version":[{"id":6707,"href":"https:\/\/marcali.plebania.hu\/index.php?rest_route=\/wp\/v2\/posts\/6695\/revisions\/6707"}],"wp:attachment":[{"href":"https:\/\/marcali.plebania.hu\/index.php?rest_route=%2Fwp%2Fv2%2Fmedia&parent=6695"}],"wp:term":[{"taxonomy":"category","embeddable":true,"href":"https:\/\/marcali.plebania.hu\/index.php?rest_route=%2Fwp%2Fv2%2Fcategories&post=6695"},{"taxonomy":"post_tag","embeddable":true,"href":"https:\/\/marcali.plebania.hu\/index.php?rest_route=%2Fwp%2Fv2%2Ftags&post=6695"}],"curies":[{"name":"wp","href":"https:\/\/api.w.org\/{rel}","templated":true}]}}