{"id":670,"date":"2019-03-01T10:22:54","date_gmt":"2019-03-01T10:22:54","guid":{"rendered":"https:\/\/marcali.plebania.hu\/?p=670"},"modified":"2019-03-01T10:22:54","modified_gmt":"2019-03-01T10:22:54","slug":"hirdetesek-2019-03-03","status":"publish","type":"post","link":"https:\/\/marcali.plebania.hu\/?p=670","title":{"rendered":"Hirdet\u00e9sek, 2019. 03. 03."},"content":{"rendered":"\n<ol class=\"wp-block-list\"><li>Ma van az \u00e9vk\u00f6zi 8. vas\u00e1rnap. Az\norsz\u00e1g valamennyi katolikus templom\u00e1ban gy\u0171jt\u00e9s van a katolikus iskol\u00e1k jav\u00e1ra.<\/li><li>A h\u00e9ten, szerd\u00e1n, hamvaz\u00f3szerda, a\nNagyb\u00f6jt kezdete. Szentmise 10 \u00f3rakor a pl\u00e9b\u00e1niatemplomban hamvaz\u00e1ssal. Szigor\u00fa\nb\u00f6jti nap!<\/li><li>P\u00e9nteken 16.30-kor keresztutat\nj\u00e1runk. A keresztutat a J\u00e9zus Testv\u00e9rei Kisk\u00f6z\u00f6ss\u00e9g v\u00e9gzi, ut\u00e1na szentmise.<\/li><li>A gombai templomban \u00e9s a B. Gizella\ntemplomban vas\u00e1rnaponk\u00e9nt f\u00e9l \u00f3r\u00e1val a szentmis\u00e9k el\u0151tt kereszt\u00fat.<\/li><li>Egyh\u00e1zmegyei zar\u00e1ndoklatot hirdet\u00fcnk\nm\u00e1jus 18-ra a szlov\u00e1kiai Garamszentbenedekre, a harmadik Szent V\u00e9r kegyhelyre.\nJelentkezni kell a pl\u00e9b\u00e1ni\u00e1n.<\/li><li>K\u00f6z\u00f6s jegyes kurzus legk\u00f6zelebbi\nid\u0151pontja m\u00e1rcius 23-\u00e1n 15 \u00f3rakor a pl\u00e9b\u00e1ni\u00e1n, melyet egy fiatal h\u00e1zasp\u00e1r\nvezet.<\/li><\/ol>\n","protected":false},"excerpt":{"rendered":"<p>Ma van az \u00e9vk\u00f6zi 8. vas\u00e1rnap. Az orsz\u00e1g valamennyi katolikus templom\u00e1ban gy\u0171jt\u00e9s van a katolikus iskol\u00e1k jav\u00e1ra. A h\u00e9ten, szerd\u00e1n, hamvaz\u00f3szerda, a Nagyb\u00f6jt kezdete. Szentmise 10 \u00f3rakor a pl\u00e9b\u00e1niatemplomban hamvaz\u00e1ssal. Szigor\u00fa b\u00f6jti nap! P\u00e9nteken 16.30-kor keresztutat j\u00e1runk. A keresztutat a J\u00e9zus Testv\u00e9rei Kisk\u00f6z\u00f6ss\u00e9g v\u00e9gzi, ut\u00e1na szentmise. A gombai templomban \u00e9s a B. Gizella templomban vas\u00e1rnaponk\u00e9nt f\u00e9l \u00f3r\u00e1val a szentmis\u00e9k el\u0151tt kereszt\u00fat. Egyh\u00e1zmegyei zar\u00e1ndoklatot hirdet\u00fcnk m\u00e1jus 18-ra a szlov\u00e1kiai Garamszentbenedekre, a harmadik Szent V\u00e9r kegyhelyre. Jelentkezni kell a pl\u00e9b\u00e1ni\u00e1n. K\u00f6z\u00f6s jegyes&#8230;<\/p>\n<p class=\"read-more\"><a class=\"btn btn-default\" href=\"https:\/\/marcali.plebania.hu\/?p=670\"> Read More<span class=\"screen-reader-text\">  Read More<\/span><\/a><\/p>\n","protected":false},"author":2,"featured_media":0,"comment_status":"closed","ping_status":"open","sticky":false,"template":"","format":"standard","meta":{"footnotes":""},"categories":[1],"tags":[],"class_list":["post-670","post","type-post","status-publish","format-standard","hentry","category-egyeb"],"_links":{"self":[{"href":"https:\/\/marcali.plebania.hu\/index.php?rest_route=\/wp\/v2\/posts\/670","targetHints":{"allow":["GET"]}}],"collection":[{"href":"https:\/\/marcali.plebania.hu\/index.php?rest_route=\/wp\/v2\/posts"}],"about":[{"href":"https:\/\/marcali.plebania.hu\/index.php?rest_route=\/wp\/v2\/types\/post"}],"author":[{"embeddable":true,"href":"https:\/\/marcali.plebania.hu\/index.php?rest_route=\/wp\/v2\/users\/2"}],"replies":[{"embeddable":true,"href":"https:\/\/marcali.plebania.hu\/index.php?rest_route=%2Fwp%2Fv2%2Fcomments&post=670"}],"version-history":[{"count":1,"href":"https:\/\/marcali.plebania.hu\/index.php?rest_route=\/wp\/v2\/posts\/670\/revisions"}],"predecessor-version":[{"id":671,"href":"https:\/\/marcali.plebania.hu\/index.php?rest_route=\/wp\/v2\/posts\/670\/revisions\/671"}],"wp:attachment":[{"href":"https:\/\/marcali.plebania.hu\/index.php?rest_route=%2Fwp%2Fv2%2Fmedia&parent=670"}],"wp:term":[{"taxonomy":"category","embeddable":true,"href":"https:\/\/marcali.plebania.hu\/index.php?rest_route=%2Fwp%2Fv2%2Fcategories&post=670"},{"taxonomy":"post_tag","embeddable":true,"href":"https:\/\/marcali.plebania.hu\/index.php?rest_route=%2Fwp%2Fv2%2Ftags&post=670"}],"curies":[{"name":"wp","href":"https:\/\/api.w.org\/{rel}","templated":true}]}}