{"id":6710,"date":"2025-02-08T22:22:05","date_gmt":"2025-02-08T22:22:05","guid":{"rendered":"https:\/\/marcali.plebania.hu\/?p=6710"},"modified":"2025-02-08T22:22:05","modified_gmt":"2025-02-08T22:22:05","slug":"hirdetesek-2025-februar-9-en","status":"publish","type":"post","link":"https:\/\/marcali.plebania.hu\/?p=6710","title":{"rendered":"Hirdet\u00e9sek 2025. febru\u00e1r 9-\u00e9n"},"content":{"rendered":"\n<p><\/p>\n\n\n\n<p><strong><a href=\"https:\/\/igenaptar.katolikus.hu\/nap\/index.php?holnap=2025-02-09\" target=\"_blank\" rel=\"noreferrer noopener\"><u>\u00c9vk\u00f6zi 5. vas\u00e1rnap<\/u><\/a><\/strong><\/p>\n\n\n\n<ol start=\"1\" class=\"wp-block-list\">\n<li>A szentmis\u00e9k v\u00e9g\u00e9n <strong>Bal\u00e1zs-\u00e1ld\u00e1s<\/strong>t k\u00e9rhet mag\u00e1\u00e9rt minden jelenl\u00e9v\u0151, torokbetegs\u00e9g \u00e9s minden m\u00e1s baj ellen.<\/li>\n\n\n\n<li>Ma kezd\u0151dik az idei <strong>H\u00e1zass\u00e1g hete<\/strong> j\u00f6v\u0151, \u201eBesz\u00e9lgessetek a h\u00e1zass\u00e1gotok\u00e9rt!\u201d mott\u00f3val. Ennek keret\u00e9ben szeretettel v\u00e1rjuk a regisztr\u00e1lt p\u00e1rokat ma 14 \u00f3r\u00e1ra a pl\u00e9b\u00e1ni\u00e1ra, \u00e9s szombaton a k\u00f6z\u00f6s csal\u00e1di kir\u00e1ndul\u00e1sra. Aznap az esti mise ut\u00e1n k\u00fcl\u00f6n \u00e1ld\u00e1sban r\u00e9szes\u00fclhetnek a jelenl\u00e9v\u0151, szents\u00e9gi h\u00e1zass\u00e1gban \u00e9l\u0151 h\u00e1zasp\u00e1rok.<\/li>\n\n\n\n<li>A <strong>F\u00e9rfi-k\u00f6r <\/strong>szerd\u00e1n 18:00-kor kezd\u0151dik a pl\u00e9b\u00e1ni\u00e1n.<\/li>\n\n\n\n<li><strong>Fatimai ima\u00f3r\u00e1<\/strong>t im\u00e1dkozunk a templomban cs\u00fct\u00f6rt\u00f6k\u00f6n 16:30-t\u00f3l.<\/li>\n\n\n\n<li>Az <strong>egyh\u00e1zi hozz\u00e1j\u00e1rul\u00e1s<\/strong> (m\u00e1s n\u00e9ven egyh\u00e1zi ad\u00f3) az egyh\u00e1zk\u00f6zs\u00e9g mint k\u00f6z\u00f6ss\u00e9g \u00e9s int\u00e9zm\u00e9ny m\u0171k\u00f6dtet\u00e9s\u00e9re befizetett \u00f6sszeg, amivel a h\u00edvek tartj\u00e1k fenn saj\u00e1t k\u00f6z\u00f6ss\u00e9g\u00fcket. A p\u00fcsp\u00f6ki kar \u00e1ltal aj\u00e1nlott m\u00e9rt\u00e9ke az \u00e9vi nett\u00f3 j\u00f6vedelem 1%-a, amit keres\u0151nk\u00e9nt fizet\u00fcnk. Ez havi 100 ezer forint j\u00f6vedelem eset\u00e9n \u00e9vi 12 ezer forintot jelent. Pl\u00e9b\u00e1ni\u00e1nk k\u00e9pvisel\u0151-test\u00fclete pedig minimumk\u00e9nt 6000 forintot hat\u00e1rozott meg az idei \u00e9vre, amit ak\u00e1r t\u00f6bb r\u00e9szletben is be lehet fizetni (ez egy h\u00f3napra mind\u00f6ssze 500 forint kiad\u00e1st jelent). \u00c1tutal\u00e1s eset\u00e9n a k\u00f6zlem\u00e9nyben k\u00e9rj\u00fck megadni a nevet, lakc\u00edmet, \u00e9vet. K\u00f6sz\u00f6nj\u00fck mindenkinek, aki kiveszi r\u00e9sz\u00e9t a pl\u00e9b\u00e1niai k\u00f6lts\u00e9gek fedez\u00e9s\u00e9b\u0151l. Ebb\u0151l \u00e9s az egy\u00e9b adom\u00e1nyokb\u00f3l finansz\u00edrozzuk a k\u00f6z\u00f6ss\u00e9gi tereink rezsik\u00f6lts\u00e9geit, a munkat\u00e1rsak b\u00e9r\u00e9t, \u00e9s szeretn\u00e9nk id\u00e9n az X-h\u00e1z tet\u0151cser\u00e9j\u00e9t is megval\u00f3s\u00edtani.<\/li>\n\n\n\n<li>A betegek vil\u00e1gnapja alkalm\u00e1b\u00f3l j\u00f6v\u0151 h\u00e9tv\u00e9g\u00e9n a szentmis\u00e9k ut\u00e1n szolg\u00e1ltatjuk ki a <strong>betegek kenet\u00e9t<\/strong>. Ez a szents\u00e9g meger\u0151s\u00edt az Istenbe vetett bizalomban, er\u0151t ad a k\u00eds\u00e9rt\u00e9sek ellen, s alkalmass\u00e1 tesz arra, hogy a betegs\u00e9get er\u0151s l\u00e9lekkel viselj\u00fck, seg\u00edti gy\u00f3gyul\u00e1sunkat, ha az szolg\u00e1l \u00fcdv\u00f6ss\u00e9g\u00fcnkre, illetve \u00e1ltala k\u00f6nnyebben elfogadjuk a j\u00f3 hal\u00e1l kegyelm\u00e9t, ha annak j\u00f6tt el az ideje. Az a katolikus h\u00edv\u0151 k\u00e9rheti e szents\u00e9get, \u201eaki betegs\u00e9g vagy \u00f6regs\u00e9g miatt vesz\u00e9lybe ker\u00fcl.\u201d Meg lehet ism\u00e9telni, ha a beteg fel\u00e9p\u00fcl\u00e9se ut\u00e1n \u00fajra s\u00falyos betegs\u00e9gbe esik, vagy a vesz\u00e9ly s\u00falyosabb\u00e1 v\u00e1lik. (1004. k\u00e1non) Sz\u00fcks\u00e9g eset\u00e9n egy\u00e9nileg b\u00e1rmikor lehet k\u00e9rni. A szents\u00e9g felv\u00e9tele a kegyelmi \u00e1llapotot k\u00edv\u00e1nja, szentgy\u00f3n\u00e1ssal is k\u00e9sz\u00fclj\u00fcnk r\u00e1!<\/li>\n\n\n\n<li><strong>\u201eMi\u00e9rt hiszek?\u201d-sorozat<\/strong>unk k\u00f6vetkez\u0151 vend\u00e9gei L\u0151rincz S\u00e1ndor \u00fajs\u00e1g\u00edr\u00f3 \u00e9s feles\u00e9ge L\u0151rinczn\u00e9 P\u00e1los \u00c9va lesznek. Febru\u00e1r 20-\u00e1n 18:15-kor kezdik tan\u00fas\u00e1gt\u00e9tel\u00fcket az X-h\u00e1zban (D\u00f3zsa u. 3.). Szeretettel h\u00edvjuk az \u00e9rdekl\u0151d\u0151ket.<\/li>\n\n\n\n<li>M\u00e1rcius 1-j\u00e9n 9:30-t\u00f3l d\u00e9lig <strong>farsang<\/strong>ot szervez\u00fcnk a hittanosok sz\u00e1m\u00e1ra az X-h\u00e1zban (D\u00f3zsa Gy. u. 3.). R\u00e9szletek \u00e9s jelentkez\u00e9si lehet\u0151s\u00e9g a hitoktat\u00f3kn\u00e1l.<\/li>\n<\/ol>\n\n\n\n<hr class=\"wp-block-separator has-alpha-channel-opacity\"\/>\n\n\n\n<figure class=\"wp-block-image size-large\"><img loading=\"lazy\" decoding=\"async\" width=\"1024\" height=\"722\" src=\"https:\/\/marcali.plebania.hu\/wp-content\/uploads\/2025\/02\/250209-1024x722.png\" alt=\"\" class=\"wp-image-6711\" srcset=\"https:\/\/marcali.plebania.hu\/wp-content\/uploads\/2025\/02\/250209-1024x722.png 1024w, https:\/\/marcali.plebania.hu\/wp-content\/uploads\/2025\/02\/250209-300x211.png 300w, https:\/\/marcali.plebania.hu\/wp-content\/uploads\/2025\/02\/250209-768x541.png 768w, https:\/\/marcali.plebania.hu\/wp-content\/uploads\/2025\/02\/250209-383x270.png 383w, https:\/\/marcali.plebania.hu\/wp-content\/uploads\/2025\/02\/250209.png 1521w\" sizes=\"auto, (max-width: 1024px) 100vw, 1024px\" \/><\/figure>\n\n\n\n<hr class=\"wp-block-separator has-alpha-channel-opacity\"\/>\n\n\n\n<div id=\"mc_embed_shell\">\n      <link href=\"\/\/cdn-images.mailchimp.com\/embedcode\/classic-061523.css\" rel=\"stylesheet\" type=\"text\/css\">\n  <style type=\"text\/css\">\n        #mc_embed_signup{background:#fff; false;clear:center; font:14px Helvetica,Arial,sans-serif; width: px;}\n        \/* Add your own Mailchimp form style overrides in your site stylesheet or in this style block.\n           We recommend moving this block and the preceding CSS link to the HEAD of your HTML file. *\/\n<\/style>\n<div id=\"mc_embed_signup\">\n    <form action=\"https:\/\/plebania.us8.list-manage.com\/subscribe\/post?u=e22067d2b2341677941a6b2cf&amp;id=45d4e5fd03&amp;f_id=009973e1f0\" method=\"post\" id=\"mc-embedded-subscribe-form\" name=\"mc-embedded-subscribe-form\" class=\"validate\" target=\"_blank\">\n        <div id=\"mc_embed_signup_scroll\"><h2>Feliratkoz\u00e1s a h\u00edrlev\u00e9lre<\/h2>\n            <div class=\"indicates-required\"><span class=\"asterisk\">*<\/span> indicates required<\/div>\n            <div class=\"mc-field-group\"><label for=\"mce-EMAIL\">E-mail <span class=\"asterisk\">*<\/span><\/label><input type=\"email\" name=\"EMAIL\" class=\"required email\" id=\"mce-EMAIL\" required=\"\" value=\"\"><\/div><div class=\"mc-field-group\"><label for=\"mce-NAME\">N\u00e9v <\/label><input type=\"text\" name=\"NAME\" class=\" text\" id=\"mce-NAME\" value=\"\"><\/div>\n        <div id=\"mce-responses\" class=\"clear foot\">\n            <div class=\"response\" id=\"mce-error-response\" style=\"display: none;\"><\/div>\n            <div class=\"response\" id=\"mce-success-response\" style=\"display: none;\"><\/div>\n        <\/div>\n    <div style=\"position: absolute; left: -5000px;\" aria-hidden=\"true\">\n        \/* real people should not fill this in and expect good things &#8211; do not remove this or risk form bot signups *\/\n        <input type=\"text\" name=\"b_e22067d2b2341677941a6b2cf_45d4e5fd03\" tabindex=\"-1\" value=\"\">\n    <\/div>\n        <div class=\"optionalParent\">\n            <div class=\"clear foot\">\n                <input type=\"submit\" name=\"subscribe\" id=\"mc-embedded-subscribe\" class=\"button\" value=\"Subscribe\">\n                <p style=\"margin: 0px auto;\"><a href=\"http:\/\/eepurl.com\/iZP_d6\" title=\"Mailchimp - email marketing made easy and fun\"><span style=\"display: inline-block; background-color: transparent; border-radius: 4px;\"><img decoding=\"async\" class=\"refferal_badge\" src=\"https:\/\/digitalasset.intuit.com\/render\/content\/dam\/intuit\/mc-fe\/en_us\/images\/intuit-mc-rewards-text-dark.svg\" alt=\"Intuit Mailchimp\" style=\"width: 220px; height: 40px; display: flex; padding: 2px 0px; justify-content: center; align-items: center;\"><\/span><\/a><\/p>\n            <\/div>\n        <\/div>\n    <\/div>\n<\/form>\n<\/div>\n<script type=\"text\/javascript\" src=\"\/\/s3.amazonaws.com\/downloads.mailchimp.com\/js\/mc-validate.js\"><\/script><script type=\"text\/javascript\">(function($) {window.fnames = new Array(); window.ftypes = new Array();fnames[0]='EMAIL';ftypes[0]='email';fnames[1]='NAME';ftypes[1]='text';}(jQuery));var $mcj = jQuery.noConflict(true);<\/script><\/div>\n","protected":false},"excerpt":{"rendered":"<p>\u00c9vk\u00f6zi 5. vas\u00e1rnap Feliratkoz\u00e1s a h\u00edrlev\u00e9lre * indicates required E-mail * N\u00e9v \/* real people should not fill this in and expect good things &#8211; do not remove this or risk form bot signups *\/<\/p>\n","protected":false},"author":1,"featured_media":0,"comment_status":"closed","ping_status":"open","sticky":false,"template":"","format":"standard","meta":{"footnotes":""},"categories":[3],"tags":[],"class_list":["post-6710","post","type-post","status-publish","format-standard","hentry","category-hirdetesek"],"_links":{"self":[{"href":"https:\/\/marcali.plebania.hu\/index.php?rest_route=\/wp\/v2\/posts\/6710","targetHints":{"allow":["GET"]}}],"collection":[{"href":"https:\/\/marcali.plebania.hu\/index.php?rest_route=\/wp\/v2\/posts"}],"about":[{"href":"https:\/\/marcali.plebania.hu\/index.php?rest_route=\/wp\/v2\/types\/post"}],"author":[{"embeddable":true,"href":"https:\/\/marcali.plebania.hu\/index.php?rest_route=\/wp\/v2\/users\/1"}],"replies":[{"embeddable":true,"href":"https:\/\/marcali.plebania.hu\/index.php?rest_route=%2Fwp%2Fv2%2Fcomments&post=6710"}],"version-history":[{"count":1,"href":"https:\/\/marcali.plebania.hu\/index.php?rest_route=\/wp\/v2\/posts\/6710\/revisions"}],"predecessor-version":[{"id":6712,"href":"https:\/\/marcali.plebania.hu\/index.php?rest_route=\/wp\/v2\/posts\/6710\/revisions\/6712"}],"wp:attachment":[{"href":"https:\/\/marcali.plebania.hu\/index.php?rest_route=%2Fwp%2Fv2%2Fmedia&parent=6710"}],"wp:term":[{"taxonomy":"category","embeddable":true,"href":"https:\/\/marcali.plebania.hu\/index.php?rest_route=%2Fwp%2Fv2%2Fcategories&post=6710"},{"taxonomy":"post_tag","embeddable":true,"href":"https:\/\/marcali.plebania.hu\/index.php?rest_route=%2Fwp%2Fv2%2Ftags&post=6710"}],"curies":[{"name":"wp","href":"https:\/\/api.w.org\/{rel}","templated":true}]}}