{"id":673,"date":"2019-03-04T16:25:40","date_gmt":"2019-03-04T16:25:40","guid":{"rendered":"https:\/\/marcali.plebania.hu\/?p=673"},"modified":"2019-03-04T16:25:40","modified_gmt":"2019-03-04T16:25:40","slug":"marcaliban-ulesezett-a-kaposvari-egyhazmegye-hitoktatasi-bizottsaga","status":"publish","type":"post","link":"https:\/\/marcali.plebania.hu\/?p=673","title":{"rendered":"Marcaliban \u00fcl\u00e9sezett a Kaposv\u00e1ri Egyh\u00e1zmegye Hitoktat\u00e1si Bizotts\u00e1ga"},"content":{"rendered":"\n<p>2019. m\u00e1rcius 1-\u00e9n, p\u00e9nteken 15 \u00f3r\u00e1t\u00f3l a Marcali pl\u00e9b\u00e1ni\u00e1n tartotta soron k\u00f6vetkez\u0151 \u00fcl\u00e9s\u00e9t a Kaposv\u00e1ri Egyh\u00e1zmegye Hitoktat\u00e1si Bizotts\u00e1ga. Az \u00f6sszej\u00f6vetelt Varga L\u00e1szl\u00f3 kaposv\u00e1ri megy\u00e9sp\u00fcsp\u00f6k vezette. Rajta k\u00edv\u00fcl Tomanek P\u00e9ter\u00a0 p\u00fcsp\u00f6ki irodaigazgat\u00f3, Kiss Iv\u00e1n c. pr\u00e9post, esperes-pl\u00e9b\u00e1nos, tov\u00e1bb\u00e1 az Egyh\u00e1zmegye\u00a0 5 esperesi ker\u00fclete referensei vettek r\u00e9szt.<\/p>\n\n\n\n<figure class=\"wp-block-image\"><img loading=\"lazy\" decoding=\"async\" width=\"1024\" height=\"678\" src=\"https:\/\/marcali.plebania.hu\/wp-content\/uploads\/2019\/03\/hit.biz_.190301-011-1024x678.jpg\" alt=\"\" class=\"wp-image-674\" srcset=\"https:\/\/marcali.plebania.hu\/wp-content\/uploads\/2019\/03\/hit.biz_.190301-011.jpg 1024w, https:\/\/marcali.plebania.hu\/wp-content\/uploads\/2019\/03\/hit.biz_.190301-011-300x199.jpg 300w, https:\/\/marcali.plebania.hu\/wp-content\/uploads\/2019\/03\/hit.biz_.190301-011-768x509.jpg 768w, https:\/\/marcali.plebania.hu\/wp-content\/uploads\/2019\/03\/hit.biz_.190301-011-408x270.jpg 408w\" sizes=\"auto, (max-width: 1024px) 100vw, 1024px\" \/><\/figure>\n\n\n\n<p>A megbesz\u00e9l\u00e9sen a Hitoktat\u00e1si Bizotts\u00e1g k\u00e9t f\u0151 napirendi pontot t\u00e1rgyalt az el\u0151zetesen bek\u00fcld\u00f6tt t\u00e9majavaslatok alapj\u00e1n. A jelenl\u00e9v\u0151k els\u0151k\u00e9nt a hittank\u00f6nyvek k\u00e9rd\u00e9s\u00e9t t\u00e1rgyalt\u00e1k. Besz\u00e9ltek az 5-6. oszt\u00e1lyos tank\u00f6nyvr\u0151l, illetve meghat\u00e1rozt\u00e1k, hogy milyen \u00e1ltal\u00e1nosabb tov\u00e1bbk\u00e9pz\u00e9si rendszert szeretn\u00e9nek a k\u00f6vetkez\u0151 \u00e9vekre. Eld\u00f6nt\u00f6tt\u00e9k, hogy mely javaslatok megval\u00f3s\u00edt\u00e1s\u00e1val \u00e9rdemes kezdeni \u00e9s a bizotts\u00e1gi tagok k\u00f6z\u00fcl konkr\u00e9tan ki \u00e9s milyen feladatot v\u00e1llalna a j\u00f6v\u0151ben. Ami m\u00e1r most biztosnak l\u00e1tszik hogy az Ecclesia Kiad\u00f3 6. oszt\u00e1lyos tank\u00f6nyve az \u0151szre\u00a0 el fog elk\u00e9sz\u00fclni. Megfontol\u00f3d\u00f3nak l\u00e1tszik, hogy az 5. oszt\u00e1lyos hittanosok kapjanak egy Bibli\u00e1t, amit \u00f6t\u00f6dik \u00e9s hatodik oszt\u00e1lyban ismerkedn\u00e9nek vele, de a fels\u0151bb oszt\u00e1lyokban is megfelel\u0151en forgathatn\u00e1nak.<\/p>\n\n\n\n<figure class=\"wp-block-image\"><img loading=\"lazy\" decoding=\"async\" width=\"1024\" height=\"678\" src=\"https:\/\/marcali.plebania.hu\/wp-content\/uploads\/2019\/03\/hit.biz_.190301-003-1024x678.jpg\" alt=\"\" class=\"wp-image-675\" srcset=\"https:\/\/marcali.plebania.hu\/wp-content\/uploads\/2019\/03\/hit.biz_.190301-003.jpg 1024w, https:\/\/marcali.plebania.hu\/wp-content\/uploads\/2019\/03\/hit.biz_.190301-003-300x199.jpg 300w, https:\/\/marcali.plebania.hu\/wp-content\/uploads\/2019\/03\/hit.biz_.190301-003-768x509.jpg 768w, https:\/\/marcali.plebania.hu\/wp-content\/uploads\/2019\/03\/hit.biz_.190301-003-408x270.jpg 408w\" sizes=\"auto, (max-width: 1024px) 100vw, 1024px\" \/><\/figure>\n\n\n\n<p>Felvet\u0151d\u00f6tt a f\u0151\u00e1ll\u00e1s\u00fa \u00e9s r\u00e9szmunkaid\u0151s hitoktat\u00f3k tov\u00e1bbk\u00e9pz\u00e9si rendszer\u00e9nek kialak\u00edt\u00e1sa, a differenci\u00e1lt tov\u00e1bbk\u00e9pz\u00e9s lehet\u0151s\u00e9ge. Sz\u00f3ba j\u00f6tt, hogy az 5 esperesi ker\u00fcletben, m\u00e1s-m\u00e1s id\u0151pontban lehetne a k\u00f6zponti k\u00e9pz\u00e9s mellett, egy-k\u00e9t alkalommal saj\u00e1t tov\u00e1bbk\u00e9pz\u00e9st is szervezni. Egyr\u00e9szt a kisebb l\u00e9tsz\u00e1m lehet\u0151v\u00e9 tenn\u00e9 a szem\u00e9lyesebb kapcsolatot, besz\u00e9lget\u00e9st. M\u00e1sr\u00e9szt a meghirdetett k\u00e9pz\u00e9sre m\u00e1s ker\u00fcletb\u0151l is el tud menni az a hitoktat\u00f3, aki a saj\u00e1t ker\u00fclet\u00e9nek id\u0151pontj\u00e1ban akad\u00e1lyoztatva volt valamilyen okb\u00f3l kifoly\u00f3lag, vagy az is, akit csak egyszer\u0171en \u00e9rdekel a t\u00e9ma, amivel a m\u00e1sik ker\u00fcletben foglalkoznak. Kidolgoz\u00e1sra ker\u00fcl az iskol\u00e1khoz \u00e9s a t\u00f6bbi egyh\u00e1zmegy\u00e9hez igazodva egy kreditrendszer, melyet a hitoktat\u00f3knak is bizonyos id\u0151n bel\u00fcl teljes\u00edteni kell. Megfogalmaz\u00f3dott a csal\u00e1di \u00e9letre nevel\u00e9s ig\u00e9nye is, amit 7.-8. oszt\u00e1lyban lehetne a hittan\u00f3r\u00e1kba \u00e9p\u00edtve bevezetni.<\/p>\n\n\n\n<figure class=\"wp-block-image\"><img loading=\"lazy\" decoding=\"async\" width=\"1024\" height=\"678\" src=\"https:\/\/marcali.plebania.hu\/wp-content\/uploads\/2019\/03\/hit.biz_.190301-007-1024x678.jpg\" alt=\"\" class=\"wp-image-676\" srcset=\"https:\/\/marcali.plebania.hu\/wp-content\/uploads\/2019\/03\/hit.biz_.190301-007.jpg 1024w, https:\/\/marcali.plebania.hu\/wp-content\/uploads\/2019\/03\/hit.biz_.190301-007-300x199.jpg 300w, https:\/\/marcali.plebania.hu\/wp-content\/uploads\/2019\/03\/hit.biz_.190301-007-768x509.jpg 768w, https:\/\/marcali.plebania.hu\/wp-content\/uploads\/2019\/03\/hit.biz_.190301-007-408x270.jpg 408w\" sizes=\"auto, (max-width: 1024px) 100vw, 1024px\" \/><\/figure>\n\n\n\n<p>Ezen k\u00edv\u00fcl tov\u00e1bbi \u00f6tletk\u00e9nt fogalmaz\u00f3dott meg a hitoktat\u00f3knak szervezend\u0151 ny\u00e1ri lelkigyakorlat \u00f6tlete. A papokhoz hasonl\u00f3an lehetne ak\u00e1r h\u00e1rom\u00e9vente is, amit az egyh\u00e1zmegye fel\u00e9 kellene igazolni.<\/p>\n\n\n\n<figure class=\"wp-block-image\"><img loading=\"lazy\" decoding=\"async\" width=\"1024\" height=\"678\" src=\"https:\/\/marcali.plebania.hu\/wp-content\/uploads\/2019\/03\/hit.biz_.190301-004-1024x678.jpg\" alt=\"\" class=\"wp-image-677\" srcset=\"https:\/\/marcali.plebania.hu\/wp-content\/uploads\/2019\/03\/hit.biz_.190301-004.jpg 1024w, https:\/\/marcali.plebania.hu\/wp-content\/uploads\/2019\/03\/hit.biz_.190301-004-300x199.jpg 300w, https:\/\/marcali.plebania.hu\/wp-content\/uploads\/2019\/03\/hit.biz_.190301-004-768x509.jpg 768w, https:\/\/marcali.plebania.hu\/wp-content\/uploads\/2019\/03\/hit.biz_.190301-004-408x270.jpg 408w\" sizes=\"auto, (max-width: 1024px) 100vw, 1024px\" \/><\/figure>\n\n\n\n<p>Sz\u00f3 volt m\u00e9g a mentor program kidolgoz\u00e1s\u00e1r\u00f3l is, melyet k\u00e9t bizotts\u00e1gi tagra b\u00edztak. A t\u00e9m\u00e1t m\u00e1rcius 23-\u00e1n, a hitoktat\u00f3k tov\u00e1bbk\u00e9pz\u00e9s\u00e9n folytatj\u00e1k.<\/p>\n\n\n\n<figure class=\"wp-block-image\"><img loading=\"lazy\" decoding=\"async\" width=\"1024\" height=\"678\" src=\"https:\/\/marcali.plebania.hu\/wp-content\/uploads\/2019\/03\/hit.biz_.190301-001-1024x678.jpg\" alt=\"\" class=\"wp-image-678\" srcset=\"https:\/\/marcali.plebania.hu\/wp-content\/uploads\/2019\/03\/hit.biz_.190301-001.jpg 1024w, https:\/\/marcali.plebania.hu\/wp-content\/uploads\/2019\/03\/hit.biz_.190301-001-300x199.jpg 300w, https:\/\/marcali.plebania.hu\/wp-content\/uploads\/2019\/03\/hit.biz_.190301-001-768x509.jpg 768w, https:\/\/marcali.plebania.hu\/wp-content\/uploads\/2019\/03\/hit.biz_.190301-001-408x270.jpg 408w\" sizes=\"auto, (max-width: 1024px) 100vw, 1024px\" \/><\/figure>\n","protected":false},"excerpt":{"rendered":"<p>2019. m\u00e1rcius 1-\u00e9n, p\u00e9nteken 15 \u00f3r\u00e1t\u00f3l a Marcali pl\u00e9b\u00e1ni\u00e1n tartotta soron k\u00f6vetkez\u0151 \u00fcl\u00e9s\u00e9t a Kaposv\u00e1ri Egyh\u00e1zmegye Hitoktat\u00e1si Bizotts\u00e1ga. Az \u00f6sszej\u00f6vetelt Varga L\u00e1szl\u00f3 kaposv\u00e1ri megy\u00e9sp\u00fcsp\u00f6k vezette. Rajta k\u00edv\u00fcl Tomanek P\u00e9ter\u00a0 p\u00fcsp\u00f6ki irodaigazgat\u00f3, Kiss Iv\u00e1n c. pr\u00e9post, esperes-pl\u00e9b\u00e1nos, tov\u00e1bb\u00e1 az Egyh\u00e1zmegye\u00a0 5 esperesi ker\u00fclete referensei vettek r\u00e9szt. A megbesz\u00e9l\u00e9sen a Hitoktat\u00e1si Bizotts\u00e1g k\u00e9t f\u0151 napirendi pontot t\u00e1rgyalt az el\u0151zetesen bek\u00fcld\u00f6tt t\u00e9majavaslatok alapj\u00e1n. A jelenl\u00e9v\u0151k els\u0151k\u00e9nt a hittank\u00f6nyvek k\u00e9rd\u00e9s\u00e9t t\u00e1rgyalt\u00e1k. Besz\u00e9ltek az 5-6. oszt\u00e1lyos tank\u00f6nyvr\u0151l, illetve meghat\u00e1rozt\u00e1k, hogy milyen \u00e1ltal\u00e1nosabb tov\u00e1bbk\u00e9pz\u00e9si rendszert szeretn\u00e9nek&#8230;<\/p>\n<p class=\"read-more\"><a class=\"btn btn-default\" href=\"https:\/\/marcali.plebania.hu\/?p=673\"> Read More<span class=\"screen-reader-text\">  Read More<\/span><\/a><\/p>\n","protected":false},"author":2,"featured_media":0,"comment_status":"closed","ping_status":"open","sticky":false,"template":"","format":"standard","meta":{"footnotes":""},"categories":[1],"tags":[],"class_list":["post-673","post","type-post","status-publish","format-standard","hentry","category-egyeb"],"_links":{"self":[{"href":"https:\/\/marcali.plebania.hu\/index.php?rest_route=\/wp\/v2\/posts\/673","targetHints":{"allow":["GET"]}}],"collection":[{"href":"https:\/\/marcali.plebania.hu\/index.php?rest_route=\/wp\/v2\/posts"}],"about":[{"href":"https:\/\/marcali.plebania.hu\/index.php?rest_route=\/wp\/v2\/types\/post"}],"author":[{"embeddable":true,"href":"https:\/\/marcali.plebania.hu\/index.php?rest_route=\/wp\/v2\/users\/2"}],"replies":[{"embeddable":true,"href":"https:\/\/marcali.plebania.hu\/index.php?rest_route=%2Fwp%2Fv2%2Fcomments&post=673"}],"version-history":[{"count":1,"href":"https:\/\/marcali.plebania.hu\/index.php?rest_route=\/wp\/v2\/posts\/673\/revisions"}],"predecessor-version":[{"id":679,"href":"https:\/\/marcali.plebania.hu\/index.php?rest_route=\/wp\/v2\/posts\/673\/revisions\/679"}],"wp:attachment":[{"href":"https:\/\/marcali.plebania.hu\/index.php?rest_route=%2Fwp%2Fv2%2Fmedia&parent=673"}],"wp:term":[{"taxonomy":"category","embeddable":true,"href":"https:\/\/marcali.plebania.hu\/index.php?rest_route=%2Fwp%2Fv2%2Fcategories&post=673"},{"taxonomy":"post_tag","embeddable":true,"href":"https:\/\/marcali.plebania.hu\/index.php?rest_route=%2Fwp%2Fv2%2Ftags&post=673"}],"curies":[{"name":"wp","href":"https:\/\/api.w.org\/{rel}","templated":true}]}}