{"id":6746,"date":"2025-02-16T00:13:20","date_gmt":"2025-02-16T00:13:20","guid":{"rendered":"https:\/\/marcali.plebania.hu\/?p=6746"},"modified":"2025-02-16T00:13:20","modified_gmt":"2025-02-16T00:13:20","slug":"hirdetesek-2025-februar-16-an","status":"publish","type":"post","link":"https:\/\/marcali.plebania.hu\/?p=6746","title":{"rendered":"Hirdet\u00e9sek 2025. febru\u00e1r 16-\u00e1n"},"content":{"rendered":"\n<p><strong><a href=\"https:\/\/igenaptar.katolikus.hu\/nap\/index.php?holnap=2025-02-16\" target=\"_blank\" rel=\"noreferrer noopener\"><u>\u00c9vk\u00f6zi 6. vas\u00e1rnap<\/u><\/a><\/strong><\/p>\n\n\n\n<ol start=\"1\" class=\"wp-block-list\">\n<li>Ma z\u00e1rul az idei <strong>H\u00e1zass\u00e1g hete<\/strong>. K\u00f6sz\u00f6nj\u00fck a pl\u00e9b\u00e1niai programok megszervez\u00e9s\u00e9t, a r\u00e9sztvev\u0151knek pedig a bekapcsol\u00f3d\u00e1st.<\/li>\n\n\n\n<li>A betegek vil\u00e1gnapja (febr. 11.) alkalm\u00e1b\u00f3l a h\u00e9tv\u00e9gi szentmis\u00e9k ut\u00e1n is kiszolg\u00e1ltatjuk a <strong>betegek kenet\u00e9t<\/strong>. A szents\u00e9gr\u0151l, annak hat\u00e1sair\u00f3l, a kiszolg\u00e1ltat\u00e1s m\u00f3dj\u00e1r\u00f3l <em><a href=\"https:\/\/marcali.plebania.hu\/index.php\/betegek-kenete\/\" target=\"_blank\" rel=\"noreferrer noopener\"><u>ide kattintva<\/u><\/a><\/em> olvashat\u00f3 egy \u00f6ssze\u00e1ll\u00edt\u00e1s.<\/li>\n\n\n\n<li>A <strong>Karit\u00e1sz gy\u0171l\u00e9s<\/strong> kedden 18:00-kor kezd\u0151dik a pl\u00e9b\u00e1ni\u00e1n.<\/li>\n\n\n\n<li>A <strong>feln\u0151tt hittan, szents\u00e9gi felk\u00e9sz\u00edt\u0151 <\/strong>szerd\u00e1n 18:00-kor kezd\u0151dik a pl\u00e9b\u00e1ni\u00e1n.<\/li>\n\n\n\n<li>Cs\u00fct\u00f6rt\u00f6k\u00f6n lesz <strong>\u201eMi\u00e9rt hiszek?\u201d-sorozat<\/strong>unk k\u00f6vetkez\u0151 alkalma. Vend\u00e9geink L\u0151rincz S\u00e1ndor \u00fajs\u00e1g\u00edr\u00f3 \u00e9s feles\u00e9ge L\u0151rinczn\u00e9 P\u00e1los \u00c9va tan\u00e1rn\u0151 lesznek. 18:15-kor kezdik el\u0151ad\u00e1sukat, tan\u00fas\u00e1gt\u00e9tel\u00fcket az X-h\u00e1zban (D\u00f3zsa Gy. u. 3.). Szeretettel h\u00edvjuk az \u00e9rdekl\u0151d\u0151ket.<\/li>\n\n\n\n<li>J\u00f6v\u0151 vas\u00e1rnap templomi gy\u0171jt\u00e9s lesz a katolikus iskol\u00e1k jav\u00e1ra, a perselyp\u00e9nzt erre a c\u00e9lra tov\u00e1bb\u00edtjuk.<\/li>\n\n\n\n<li>Pl\u00e9b\u00e1ni\u00e1nk k\u00e9pvisel\u0151-test\u00fclete az <strong>egyh\u00e1zi hozz\u00e1j\u00e1rul\u00e1s<\/strong> minimumak\u00e9nt 6000 forintot hat\u00e1rozott meg az idei \u00e9vre, amit ak\u00e1r t\u00f6bb r\u00e9szletben is be lehet fizetni (ez egy h\u00f3napra 500 forint kiad\u00e1st jelent). Honlapunkon <em><a href=\"https:\/\/marcali.plebania.hu\/index.php\/plebania\/tamogatas\/\" target=\"_blank\" rel=\"noreferrer noopener\"><u>ide kattintva<\/u><\/a><\/em> el\u00e9rhet\u0151 egy le\u00edr\u00e1s a t\u00e1mogat\u00e1sr\u00f3l, annak m\u00f3djair\u00f3l \u00e9s felhaszn\u00e1l\u00e1s\u00e1r\u00f3l. K\u00f6sz\u00f6nj\u00fck mindenkinek, aki kiveszi r\u00e9sz\u00e9t a pl\u00e9b\u00e1niai k\u00f6lts\u00e9gek fedez\u00e9s\u00e9b\u0151l egyh\u00e1zi hozz\u00e1j\u00e1rul\u00e1s \u00e9s egy\u00e9b t\u00e1mogat\u00e1s form\u00e1j\u00e1ban.<\/li>\n\n\n\n<li>M\u00e1rcius 1-j\u00e9n 9:30-t\u00f3l d\u00e9lig <strong>farsang<\/strong>ot szervez\u00fcnk a hittanosok sz\u00e1m\u00e1ra az X-h\u00e1zban (D\u00f3zsa Gy. u. 3.). R\u00e9szletek \u00e9s jelentkez\u00e9si lehet\u0151s\u00e9g a hitoktat\u00f3kn\u00e1l.<\/li>\n<\/ol>\n\n\n\n<hr class=\"wp-block-separator has-alpha-channel-opacity\"\/>\n\n\n<div class=\"wp-block-image\">\n<figure class=\"aligncenter size-large\"><img loading=\"lazy\" decoding=\"async\" width=\"1024\" height=\"693\" src=\"https:\/\/marcali.plebania.hu\/wp-content\/uploads\/2025\/02\/250216-1024x693.png\" alt=\"\" class=\"wp-image-6747\" srcset=\"https:\/\/marcali.plebania.hu\/wp-content\/uploads\/2025\/02\/250216-1024x693.png 1024w, https:\/\/marcali.plebania.hu\/wp-content\/uploads\/2025\/02\/250216-300x203.png 300w, https:\/\/marcali.plebania.hu\/wp-content\/uploads\/2025\/02\/250216-768x520.png 768w, https:\/\/marcali.plebania.hu\/wp-content\/uploads\/2025\/02\/250216-399x270.png 399w, https:\/\/marcali.plebania.hu\/wp-content\/uploads\/2025\/02\/250216.png 1419w\" sizes=\"auto, (max-width: 1024px) 100vw, 1024px\" \/><\/figure>\n<\/div>\n\n\n<hr class=\"wp-block-separator has-alpha-channel-opacity\"\/>\n\n\n\n<div id=\"mc_embed_shell\">\n      <link href=\"\/\/cdn-images.mailchimp.com\/embedcode\/classic-061523.css\" rel=\"stylesheet\" type=\"text\/css\">\n  <style type=\"text\/css\">\n        #mc_embed_signup{background:#fff; false;clear:center; font:14px Helvetica,Arial,sans-serif; width: px;}\n        \/* Add your own Mailchimp form style overrides in your site stylesheet or in this style block.\n           We recommend moving this block and the preceding CSS link to the HEAD of your HTML file. *\/\n<\/style>\n<div id=\"mc_embed_signup\">\n    <form action=\"https:\/\/plebania.us8.list-manage.com\/subscribe\/post?u=e22067d2b2341677941a6b2cf&amp;id=45d4e5fd03&amp;f_id=009973e1f0\" method=\"post\" id=\"mc-embedded-subscribe-form\" name=\"mc-embedded-subscribe-form\" class=\"validate\" target=\"_blank\">\n        <div id=\"mc_embed_signup_scroll\"><h2>Feliratkoz\u00e1s a h\u00edrlev\u00e9lre<\/h2>\n            <div class=\"indicates-required\"><span class=\"asterisk\">*<\/span> indicates required<\/div>\n            <div class=\"mc-field-group\"><label for=\"mce-EMAIL\">E-mail <span class=\"asterisk\">*<\/span><\/label><input type=\"email\" name=\"EMAIL\" class=\"required email\" id=\"mce-EMAIL\" required=\"\" value=\"\"><\/div><div class=\"mc-field-group\"><label for=\"mce-NAME\">N\u00e9v <\/label><input type=\"text\" name=\"NAME\" class=\" text\" id=\"mce-NAME\" value=\"\"><\/div>\n        <div id=\"mce-responses\" class=\"clear foot\">\n            <div class=\"response\" id=\"mce-error-response\" style=\"display: none;\"><\/div>\n            <div class=\"response\" id=\"mce-success-response\" style=\"display: none;\"><\/div>\n        <\/div>\n    <div style=\"position: absolute; left: -5000px;\" aria-hidden=\"true\">\n        \/* real people should not fill this in and expect good things &#8211; do not remove this or risk form bot signups *\/\n        <input type=\"text\" name=\"b_e22067d2b2341677941a6b2cf_45d4e5fd03\" tabindex=\"-1\" value=\"\">\n    <\/div>\n        <div class=\"optionalParent\">\n            <div class=\"clear foot\">\n                <input type=\"submit\" name=\"subscribe\" id=\"mc-embedded-subscribe\" class=\"button\" value=\"Subscribe\">\n                <p style=\"margin: 0px auto;\"><a href=\"http:\/\/eepurl.com\/iZP_d6\" title=\"Mailchimp - email marketing made easy and fun\"><span style=\"display: inline-block; background-color: transparent; border-radius: 4px;\"><img decoding=\"async\" class=\"refferal_badge\" src=\"https:\/\/digitalasset.intuit.com\/render\/content\/dam\/intuit\/mc-fe\/en_us\/images\/intuit-mc-rewards-text-dark.svg\" alt=\"Intuit Mailchimp\" style=\"width: 220px; height: 40px; display: flex; padding: 2px 0px; justify-content: center; align-items: center;\"><\/span><\/a><\/p>\n            <\/div>\n        <\/div>\n    <\/div>\n<\/form>\n<\/div>\n<script type=\"text\/javascript\" src=\"\/\/s3.amazonaws.com\/downloads.mailchimp.com\/js\/mc-validate.js\"><\/script><script type=\"text\/javascript\">(function($) {window.fnames = new Array(); window.ftypes = new Array();fnames[0]='EMAIL';ftypes[0]='email';fnames[1]='NAME';ftypes[1]='text';}(jQuery));var $mcj = jQuery.noConflict(true);<\/script><\/div>\n","protected":false},"excerpt":{"rendered":"<p>\u00c9vk\u00f6zi 6. vas\u00e1rnap Feliratkoz\u00e1s a h\u00edrlev\u00e9lre * indicates required E-mail * N\u00e9v \/* real people should not fill this in and expect good things &#8211; do not remove this or risk form bot signups *\/<\/p>\n","protected":false},"author":1,"featured_media":0,"comment_status":"closed","ping_status":"open","sticky":false,"template":"","format":"standard","meta":{"footnotes":""},"categories":[3],"tags":[],"class_list":["post-6746","post","type-post","status-publish","format-standard","hentry","category-hirdetesek"],"_links":{"self":[{"href":"https:\/\/marcali.plebania.hu\/index.php?rest_route=\/wp\/v2\/posts\/6746","targetHints":{"allow":["GET"]}}],"collection":[{"href":"https:\/\/marcali.plebania.hu\/index.php?rest_route=\/wp\/v2\/posts"}],"about":[{"href":"https:\/\/marcali.plebania.hu\/index.php?rest_route=\/wp\/v2\/types\/post"}],"author":[{"embeddable":true,"href":"https:\/\/marcali.plebania.hu\/index.php?rest_route=\/wp\/v2\/users\/1"}],"replies":[{"embeddable":true,"href":"https:\/\/marcali.plebania.hu\/index.php?rest_route=%2Fwp%2Fv2%2Fcomments&post=6746"}],"version-history":[{"count":1,"href":"https:\/\/marcali.plebania.hu\/index.php?rest_route=\/wp\/v2\/posts\/6746\/revisions"}],"predecessor-version":[{"id":6748,"href":"https:\/\/marcali.plebania.hu\/index.php?rest_route=\/wp\/v2\/posts\/6746\/revisions\/6748"}],"wp:attachment":[{"href":"https:\/\/marcali.plebania.hu\/index.php?rest_route=%2Fwp%2Fv2%2Fmedia&parent=6746"}],"wp:term":[{"taxonomy":"category","embeddable":true,"href":"https:\/\/marcali.plebania.hu\/index.php?rest_route=%2Fwp%2Fv2%2Fcategories&post=6746"},{"taxonomy":"post_tag","embeddable":true,"href":"https:\/\/marcali.plebania.hu\/index.php?rest_route=%2Fwp%2Fv2%2Ftags&post=6746"}],"curies":[{"name":"wp","href":"https:\/\/api.w.org\/{rel}","templated":true}]}}