{"id":6753,"date":"2025-02-22T15:41:53","date_gmt":"2025-02-22T15:41:53","guid":{"rendered":"https:\/\/marcali.plebania.hu\/?p=6753"},"modified":"2025-02-22T15:41:53","modified_gmt":"2025-02-22T15:41:53","slug":"hazassag-hete-2025-plebaniankon","status":"publish","type":"post","link":"https:\/\/marcali.plebania.hu\/?p=6753","title":{"rendered":"H\u00e1zass\u00e1g hete (2025) pl\u00e9b\u00e1ni\u00e1nkon"},"content":{"rendered":"\n<p>Pl\u00e9b\u00e1ni\u00e1nk is bekapcsol\u00f3dott a H\u00e1zass\u00e1g hete orsz\u00e1gos esem\u00e9nysorozat\u00e1ba, amelyben 60 telep\u00fcl\u00e9s kereszt\u00e9ny \u00e9s civil szervezete h\u00edvta fel a figyelmet a h\u00e1zass\u00e1g \u00e9s a csal\u00e1d fontoss\u00e1g\u00e1ra. Az idei \u00e9v mott\u00f3ja: &#8222;Besz\u00e9lgessetek a h\u00e1zass\u00e1gotok\u00e9rt!&#8221;<\/p>\n\n\n\n<p>Ezt szem el\u0151tt tartva febru\u00e1r 9-\u00e9n d\u00e9lut\u00e1n &#8222;Ismerlek?&#8221; elnevez\u00e9ssel j\u00e1t\u00e9kos-besz\u00e9lget\u0151s d\u00e9lut\u00e1nt tartottunk a pl\u00e9b\u00e1nia k\u00f6z\u00f6ss\u00e9gi term\u00e9ben. A j\u00f3 hangulatot egy 10 pontos kv\u00edzj\u00e1t\u00e9kkal kezdt\u00fck, melyben kider\u00fclt, hogy az egy\u00fctt t\u00f6lt\u00f6tt \u00e9vek ellen\u00e9re is akadnak m\u00e9g olyan dolgok, amelyeket nem tudunk a p\u00e1runkr\u00f3l.<\/p>\n\n\n\n<p>Ezut\u00e1n egy ir\u00e1ny\u00edtott, komolyabb besz\u00e9lget\u00e9s keret\u00e9ben cser\u00e9lt\u00fcnk tapasztalatot, feleleven\u00edtett\u00fck&nbsp;a megismerked\u00e9s pillanat\u00e1t.&nbsp;<\/p>\n\n\n\n<p>A d\u00e9lut\u00e1nt egy j\u00e1t\u00e9kkal, illetve eg\u00e9sz h\u00e9tre kiterjed\u0151 h\u00e1zi feladattal z\u00e1rtuk. A j\u00e1t\u00e9k sor\u00e1n egy\u00fctt-, illetve \u00f6ssze kellett dolgozni a p\u00e1roknak a gy\u0151zelem \u00e9rdek\u00e9ben. Heti feladatk\u00e9nt pedig mindenkinek \u00e1t kellett adnia egy olyan h\u00e1ztart\u00e1si munk\u00e1t a t\u00e1rs\u00e1nak, melyet \u00e1ltal\u00e1ban \u0151 v\u00e9gez a csal\u00e1dban.&nbsp;<\/p>\n\n\n\n<p>Ennek &#8222;ellen\u0151rz\u00e9s\u00e9re&#8221; a k\u00f6vetkez\u0151 h\u00e9t szombatj\u00e1n ker\u00fclt sor. Csal\u00e1di kir\u00e1ndul\u00e1st szervezt\u00fcnk a Nagypince fel\u00e9, ahol szint\u00e9n j\u00e1t\u00e9kos form\u00e1ban z\u00e1rtuk a hetet. H\u00e1zass\u00e1gr\u00f3l sz\u00f3l\u00f3 id\u00e9zet k\u00e1rty\u00e1kat kellett megtal\u00e1lni a r\u00e9sztvev\u0151knek, majd elmes\u00e9lt\u00fck a h\u00e1zimunka csere tapasztalatait.&nbsp;<\/p>\n\n\n\n<p>Mindk\u00e9t program keret\u00e9ben teljes\u00edtett\u00fck a 2025-\u00f6s \u00e9v mott\u00f3j\u00e1t, besz\u00e9lgett\u00fcnk, gazdag\u00edtva sok j\u00e1t\u00e9kkal \u00e9s nevet\u00e9ssel.&nbsp;<\/p>\n\n\n\n<figure class=\"wp-block-gallery has-nested-images columns-default is-cropped wp-block-gallery-1 is-layout-flex wp-block-gallery-is-layout-flex\">\n<figure class=\"wp-block-image size-large\"><img loading=\"lazy\" decoding=\"async\" width=\"449\" height=\"599\" data-id=\"6755\" src=\"https:\/\/marcali.plebania.hu\/wp-content\/uploads\/2025\/02\/HHete1.jpg\" alt=\"\" class=\"wp-image-6755\" srcset=\"https:\/\/marcali.plebania.hu\/wp-content\/uploads\/2025\/02\/HHete1.jpg 449w, https:\/\/marcali.plebania.hu\/wp-content\/uploads\/2025\/02\/HHete1-225x300.jpg 225w, https:\/\/marcali.plebania.hu\/wp-content\/uploads\/2025\/02\/HHete1-202x270.jpg 202w\" sizes=\"auto, (max-width: 449px) 100vw, 449px\" \/><\/figure>\n\n\n\n<figure class=\"wp-block-image size-large\"><img loading=\"lazy\" decoding=\"async\" width=\"449\" height=\"599\" data-id=\"6756\" src=\"https:\/\/marcali.plebania.hu\/wp-content\/uploads\/2025\/02\/HHete2.jpg\" alt=\"\" class=\"wp-image-6756\" srcset=\"https:\/\/marcali.plebania.hu\/wp-content\/uploads\/2025\/02\/HHete2.jpg 449w, https:\/\/marcali.plebania.hu\/wp-content\/uploads\/2025\/02\/HHete2-225x300.jpg 225w, https:\/\/marcali.plebania.hu\/wp-content\/uploads\/2025\/02\/HHete2-202x270.jpg 202w\" sizes=\"auto, (max-width: 449px) 100vw, 449px\" \/><\/figure>\n\n\n\n<figure class=\"wp-block-image size-large\"><img loading=\"lazy\" decoding=\"async\" width=\"449\" height=\"599\" data-id=\"6757\" src=\"https:\/\/marcali.plebania.hu\/wp-content\/uploads\/2025\/02\/HHete3.jpg\" alt=\"\" class=\"wp-image-6757\" srcset=\"https:\/\/marcali.plebania.hu\/wp-content\/uploads\/2025\/02\/HHete3.jpg 449w, https:\/\/marcali.plebania.hu\/wp-content\/uploads\/2025\/02\/HHete3-225x300.jpg 225w, https:\/\/marcali.plebania.hu\/wp-content\/uploads\/2025\/02\/HHete3-202x270.jpg 202w\" sizes=\"auto, (max-width: 449px) 100vw, 449px\" \/><\/figure>\n<\/figure>\n\n\n\n<p>\u00cdrta: Kocza Anita<\/p>\n\n\n\n<p><\/p>\n\n\n\n<p><em>K\u00f6sz\u00f6nj\u00fck a szervez\u00e9st \u00e9s a bekapcsol\u00f3d\u00e1st a h\u00e9t programjaiba.<\/em><\/p>\n","protected":false},"excerpt":{"rendered":"<p>Pl\u00e9b\u00e1ni\u00e1nk is bekapcsol\u00f3dott a H\u00e1zass\u00e1g hete orsz\u00e1gos esem\u00e9nysorozat\u00e1ba, amelyben 60 telep\u00fcl\u00e9s kereszt\u00e9ny \u00e9s civil szervezete h\u00edvta fel a figyelmet a h\u00e1zass\u00e1g \u00e9s a csal\u00e1d fontoss\u00e1g\u00e1ra. Az idei \u00e9v mott\u00f3ja: &#8222;Besz\u00e9lgessetek a h\u00e1zass\u00e1gotok\u00e9rt!&#8221; Ezt szem el\u0151tt tartva febru\u00e1r 9-\u00e9n d\u00e9lut\u00e1n &#8222;Ismerlek?&#8221; elnevez\u00e9ssel j\u00e1t\u00e9kos-besz\u00e9lget\u0151s d\u00e9lut\u00e1nt tartottunk a pl\u00e9b\u00e1nia k\u00f6z\u00f6ss\u00e9gi term\u00e9ben. A j\u00f3 hangulatot egy 10 pontos kv\u00edzj\u00e1t\u00e9kkal kezdt\u00fck, melyben kider\u00fclt, hogy az egy\u00fctt t\u00f6lt\u00f6tt \u00e9vek ellen\u00e9re is akadnak m\u00e9g olyan dolgok, amelyeket nem tudunk a p\u00e1runkr\u00f3l. Ezut\u00e1n egy ir\u00e1ny\u00edtott, komolyabb besz\u00e9lget\u00e9s keret\u00e9ben&#8230;<\/p>\n<p class=\"read-more\"><a class=\"btn btn-default\" href=\"https:\/\/marcali.plebania.hu\/?p=6753\"> Read More<span class=\"screen-reader-text\">  Read More<\/span><\/a><\/p>\n","protected":false},"author":1,"featured_media":0,"comment_status":"closed","ping_status":"open","sticky":false,"template":"","format":"standard","meta":{"footnotes":""},"categories":[4],"tags":[],"class_list":["post-6753","post","type-post","status-publish","format-standard","hentry","category-hirek"],"_links":{"self":[{"href":"https:\/\/marcali.plebania.hu\/index.php?rest_route=\/wp\/v2\/posts\/6753","targetHints":{"allow":["GET"]}}],"collection":[{"href":"https:\/\/marcali.plebania.hu\/index.php?rest_route=\/wp\/v2\/posts"}],"about":[{"href":"https:\/\/marcali.plebania.hu\/index.php?rest_route=\/wp\/v2\/types\/post"}],"author":[{"embeddable":true,"href":"https:\/\/marcali.plebania.hu\/index.php?rest_route=\/wp\/v2\/users\/1"}],"replies":[{"embeddable":true,"href":"https:\/\/marcali.plebania.hu\/index.php?rest_route=%2Fwp%2Fv2%2Fcomments&post=6753"}],"version-history":[{"count":1,"href":"https:\/\/marcali.plebania.hu\/index.php?rest_route=\/wp\/v2\/posts\/6753\/revisions"}],"predecessor-version":[{"id":6758,"href":"https:\/\/marcali.plebania.hu\/index.php?rest_route=\/wp\/v2\/posts\/6753\/revisions\/6758"}],"wp:attachment":[{"href":"https:\/\/marcali.plebania.hu\/index.php?rest_route=%2Fwp%2Fv2%2Fmedia&parent=6753"}],"wp:term":[{"taxonomy":"category","embeddable":true,"href":"https:\/\/marcali.plebania.hu\/index.php?rest_route=%2Fwp%2Fv2%2Fcategories&post=6753"},{"taxonomy":"post_tag","embeddable":true,"href":"https:\/\/marcali.plebania.hu\/index.php?rest_route=%2Fwp%2Fv2%2Ftags&post=6753"}],"curies":[{"name":"wp","href":"https:\/\/api.w.org\/{rel}","templated":true}]}}