{"id":6759,"date":"2025-02-22T21:54:22","date_gmt":"2025-02-22T21:54:22","guid":{"rendered":"https:\/\/marcali.plebania.hu\/?p=6759"},"modified":"2025-03-09T00:21:41","modified_gmt":"2025-03-09T00:21:41","slug":"hirdetesek-2025-februar-23-an","status":"publish","type":"post","link":"https:\/\/marcali.plebania.hu\/?p=6759","title":{"rendered":"Hirdet\u00e9sek 2025. febru\u00e1r 23-\u00e1n"},"content":{"rendered":"\n<p><strong><a href=\"https:\/\/igenaptar.katolikus.hu\/nap\/index.php?holnap=2025-02-23\" target=\"_blank\" rel=\"noreferrer noopener\"><u>\u00c9vk\u00f6zi 7. vas\u00e1rnap<\/u><\/a><\/strong><\/p>\n\n\n\n<ol start=\"1\" class=\"wp-block-list\">\n<li>A mai perselyadom\u00e1nyokat a <strong>katolikus iskol\u00e1k jav\u00e1ra<\/strong> tov\u00e1bb\u00edtjuk.<br><\/li>\n\n\n\n<li>Ma 11 \u00f3rakor betegs\u00e9g miatt nem lesz szentmise.<br><\/li>\n\n\n\n<li><span style=\"text-decoration: underline;\">Kedden<\/span>, a kommunizmus \u00e1ldozatainak eml\u00e9knapj\u00e1n a szentmise ut\u00e1n a K\u00c9SZ szervez\u00e9s\u00e9ben gyertyagy\u00fajt\u00e1s lesz a H\u0151s\u00f6k ter\u00e9n l\u00e9v\u0151 eml\u00e9km\u0171n\u00e9l.<br><\/li>\n\n\n\n<li>A <strong>k\u00e9pvisel\u0151-test\u00fcleti \u00fcl\u00e9s<\/strong> <span style=\"text-decoration: underline;\">kedden<\/span> 18:15-kor kezd\u0151dik a pl\u00e9b\u00e1ni\u00e1n.<br><\/li>\n\n\n\n<li>A <strong>F\u00e9rfi-k\u00f6r <\/strong><span style=\"text-decoration: underline;\">szerd\u00e1n<\/span> 18:00-kor kezd\u0151dik a pl\u00e9b\u00e1ni\u00e1n.<br><\/li>\n\n\n\n<li>Minden h\u00f3napban az utols\u00f3 <span style=\"text-decoration: underline;\">p\u00e9ntek<\/span>i szentmis\u00e9t <strong>pl\u00e9b\u00e1nia<\/strong>k\u00f6z\u00f6ss\u00e9g\u00fcnk abban a h\u00f3napban <strong>elhunyt tagjai\u00e9rt<\/strong> aj\u00e1nljuk fel.<br><\/li>\n\n\n\n<li><span style=\"text-decoration: underline;\">Szombaton<\/span> 9:30-kor kezd\u0151dik a hittanos <strong>farsang <\/strong>az X-h\u00e1zban (D\u00f3zsa Gy. u. 3.). K\u00f6sz\u00f6nj\u00fck a jelentkez\u00e9seket.<br><\/li>\n\n\n\n<li>A nagyb\u00f6jtt\u0151l kezdve szeretn\u00e9nk min\u00e9l t\u00f6bb ember sz\u00e1m\u00e1ra lehet\u0151v\u00e9 tenni Isten ig\u00e9j\u00e9nek <strong>felolvas\u00e1s<\/strong>\u00e1t <strong>a szentmis\u00e9ken<\/strong>. Szeretettel v\u00e1rjuk k\u00f6z\u00e9piskol\u00e1sok \u00e9s feln\u0151ttek jelentkez\u00e9s\u00e9t is. K\u00e9rj\u00fck az \u00e9rdekl\u0151d\u0151ket, iratkozzanak fel az al\u00e1bbi \u0171rlapon, vagy a sekresty\u00e9ben, megjel\u00f6lve, mely napon \u00e9s melyik mis\u00e9n v\u00e1llalj\u00e1k e szolg\u00e1latot. A jelentkez\u0151knek elm\u00e9leti \u00e9s gyakorlati k\u00e9pz\u00e9st, megbesz\u00e9l\u00e9st is tartunk a nagyb\u00f6jt sor\u00e1n.<\/li>\n<\/ol>\n\n\n\n<iframe loading=\"lazy\" src=\"https:\/\/docs.google.com\/forms\/d\/e\/1FAIpQLScaktgusZyh1q8PB8ysyIBu3yibZCxecPus8iGDouTkUJiftg\/viewform?embedded=true\" width=\"640\" height=\"1007\" frameborder=\"0\" marginheight=\"0\" marginwidth=\"0\">Bet\u00f6lt\u00e9s\u2026<\/iframe>\n\n\n\n<hr class=\"wp-block-separator has-alpha-channel-opacity\"\/>\n\n\n\n<figure class=\"wp-block-image size-large\"><img loading=\"lazy\" decoding=\"async\" width=\"1024\" height=\"695\" src=\"https:\/\/marcali.plebania.hu\/wp-content\/uploads\/2025\/02\/250223-1024x695.png\" alt=\"\" class=\"wp-image-6760\" srcset=\"https:\/\/marcali.plebania.hu\/wp-content\/uploads\/2025\/02\/250223-1024x695.png 1024w, https:\/\/marcali.plebania.hu\/wp-content\/uploads\/2025\/02\/250223-300x203.png 300w, https:\/\/marcali.plebania.hu\/wp-content\/uploads\/2025\/02\/250223-768x521.png 768w, https:\/\/marcali.plebania.hu\/wp-content\/uploads\/2025\/02\/250223-398x270.png 398w, https:\/\/marcali.plebania.hu\/wp-content\/uploads\/2025\/02\/250223.png 1517w\" sizes=\"auto, (max-width: 1024px) 100vw, 1024px\" \/><\/figure>\n\n\n\n<hr class=\"wp-block-separator has-alpha-channel-opacity\"\/>\n\n\n\n<figure class=\"wp-block-image size-large\"><a href=\"https:\/\/www.manreza.hu\/hirek\/nagybojti-online-lelkigyakorlat-2025\"><img loading=\"lazy\" decoding=\"async\" width=\"1024\" height=\"576\" src=\"https:\/\/marcali.plebania.hu\/wp-content\/uploads\/2025\/02\/NOLGY_boritokep_2025_1_e90f0e3cff-1024x576.png\" alt=\"\" class=\"wp-image-6763\" srcset=\"https:\/\/marcali.plebania.hu\/wp-content\/uploads\/2025\/02\/NOLGY_boritokep_2025_1_e90f0e3cff-1024x576.png 1024w, https:\/\/marcali.plebania.hu\/wp-content\/uploads\/2025\/02\/NOLGY_boritokep_2025_1_e90f0e3cff-300x169.png 300w, https:\/\/marcali.plebania.hu\/wp-content\/uploads\/2025\/02\/NOLGY_boritokep_2025_1_e90f0e3cff-768x432.png 768w, https:\/\/marcali.plebania.hu\/wp-content\/uploads\/2025\/02\/NOLGY_boritokep_2025_1_e90f0e3cff-1536x864.png 1536w, https:\/\/marcali.plebania.hu\/wp-content\/uploads\/2025\/02\/NOLGY_boritokep_2025_1_e90f0e3cff-480x270.png 480w, https:\/\/marcali.plebania.hu\/wp-content\/uploads\/2025\/02\/NOLGY_boritokep_2025_1_e90f0e3cff.png 1920w\" sizes=\"auto, (max-width: 1024px) 100vw, 1024px\" \/><\/a><figcaption class=\"wp-element-caption\"><em>R\u00e9szletek a k\u00e9pre kattintva<\/em><\/figcaption><\/figure>\n\n\n\n<figure class=\"wp-block-gallery has-nested-images columns-default is-cropped wp-block-gallery-1 is-layout-flex wp-block-gallery-is-layout-flex\">\n<figure class=\"wp-block-image size-large\"><img loading=\"lazy\" decoding=\"async\" width=\"724\" height=\"1024\" data-id=\"6761\" src=\"https:\/\/marcali.plebania.hu\/wp-content\/uploads\/2025\/02\/Zarandoklat-a-hivatasokert-marcius-724x1024.jpg\" alt=\"\" class=\"wp-image-6761\" srcset=\"https:\/\/marcali.plebania.hu\/wp-content\/uploads\/2025\/02\/Zarandoklat-a-hivatasokert-marcius-724x1024.jpg 724w, https:\/\/marcali.plebania.hu\/wp-content\/uploads\/2025\/02\/Zarandoklat-a-hivatasokert-marcius-212x300.jpg 212w, https:\/\/marcali.plebania.hu\/wp-content\/uploads\/2025\/02\/Zarandoklat-a-hivatasokert-marcius-768x1086.jpg 768w, https:\/\/marcali.plebania.hu\/wp-content\/uploads\/2025\/02\/Zarandoklat-a-hivatasokert-marcius-1086x1536.jpg 1086w, https:\/\/marcali.plebania.hu\/wp-content\/uploads\/2025\/02\/Zarandoklat-a-hivatasokert-marcius-191x270.jpg 191w, https:\/\/marcali.plebania.hu\/wp-content\/uploads\/2025\/02\/Zarandoklat-a-hivatasokert-marcius.jpg 1414w\" sizes=\"auto, (max-width: 724px) 100vw, 724px\" \/><\/figure>\n\n\n\n<figure class=\"wp-block-image size-large\"><img loading=\"lazy\" decoding=\"async\" width=\"804\" height=\"1024\" data-id=\"6768\" src=\"https:\/\/marcali.plebania.hu\/wp-content\/uploads\/2025\/02\/ifjusagi_zarandoklat_roma-804x1024.jpg\" alt=\"\" class=\"wp-image-6768\" srcset=\"https:\/\/marcali.plebania.hu\/wp-content\/uploads\/2025\/02\/ifjusagi_zarandoklat_roma-804x1024.jpg 804w, https:\/\/marcali.plebania.hu\/wp-content\/uploads\/2025\/02\/ifjusagi_zarandoklat_roma-236x300.jpg 236w, https:\/\/marcali.plebania.hu\/wp-content\/uploads\/2025\/02\/ifjusagi_zarandoklat_roma-768x978.jpg 768w, https:\/\/marcali.plebania.hu\/wp-content\/uploads\/2025\/02\/ifjusagi_zarandoklat_roma-1207x1536.jpg 1207w, https:\/\/marcali.plebania.hu\/wp-content\/uploads\/2025\/02\/ifjusagi_zarandoklat_roma-212x270.jpg 212w, https:\/\/marcali.plebania.hu\/wp-content\/uploads\/2025\/02\/ifjusagi_zarandoklat_roma.jpg 1571w\" sizes=\"auto, (max-width: 804px) 100vw, 804px\" \/><\/figure>\n<\/figure>\n\n\n\n<p><\/p>\n","protected":false},"excerpt":{"rendered":"<p>\u00c9vk\u00f6zi 7. vas\u00e1rnap Bet\u00f6lt\u00e9s\u2026<\/p>\n","protected":false},"author":2,"featured_media":0,"comment_status":"closed","ping_status":"open","sticky":false,"template":"","format":"standard","meta":{"footnotes":""},"categories":[3],"tags":[],"class_list":["post-6759","post","type-post","status-publish","format-standard","hentry","category-hirdetesek"],"_links":{"self":[{"href":"https:\/\/marcali.plebania.hu\/index.php?rest_route=\/wp\/v2\/posts\/6759","targetHints":{"allow":["GET"]}}],"collection":[{"href":"https:\/\/marcali.plebania.hu\/index.php?rest_route=\/wp\/v2\/posts"}],"about":[{"href":"https:\/\/marcali.plebania.hu\/index.php?rest_route=\/wp\/v2\/types\/post"}],"author":[{"embeddable":true,"href":"https:\/\/marcali.plebania.hu\/index.php?rest_route=\/wp\/v2\/users\/2"}],"replies":[{"embeddable":true,"href":"https:\/\/marcali.plebania.hu\/index.php?rest_route=%2Fwp%2Fv2%2Fcomments&post=6759"}],"version-history":[{"count":6,"href":"https:\/\/marcali.plebania.hu\/index.php?rest_route=\/wp\/v2\/posts\/6759\/revisions"}],"predecessor-version":[{"id":6771,"href":"https:\/\/marcali.plebania.hu\/index.php?rest_route=\/wp\/v2\/posts\/6759\/revisions\/6771"}],"wp:attachment":[{"href":"https:\/\/marcali.plebania.hu\/index.php?rest_route=%2Fwp%2Fv2%2Fmedia&parent=6759"}],"wp:term":[{"taxonomy":"category","embeddable":true,"href":"https:\/\/marcali.plebania.hu\/index.php?rest_route=%2Fwp%2Fv2%2Fcategories&post=6759"},{"taxonomy":"post_tag","embeddable":true,"href":"https:\/\/marcali.plebania.hu\/index.php?rest_route=%2Fwp%2Fv2%2Ftags&post=6759"}],"curies":[{"name":"wp","href":"https:\/\/api.w.org\/{rel}","templated":true}]}}